{"id":210806,"date":"2024-02-12T14:15:00","date_gmt":"2024-02-12T13:15:00","guid":{"rendered":"https:\/\/www.tucomarca.com\/wordpress\/segunda\/?p=210806"},"modified":"2024-02-12T18:27:59","modified_gmt":"2024-02-12T17:27:59","slug":"benaguasil-acollira-la-jornada-dactualitzacio-per-a-entrenadors","status":"publish","type":"post","link":"https:\/\/www.tucomarca.com\/wordpress\/segunda\/ca\/benaguasil-acollira-la-jornada-dactualitzacio-per-a-entrenadors\/","title":{"rendered":"Benaguasil acollir\u00e0 la Jornada d&#8217;Actualitzaci\u00f3 per a Entrenadors"},"content":{"rendered":"\n<h3 class=\"wp-block-heading\">\u00d3scar Fern\u00e1ndez, Andrea Esteban i Andr\u00e9s Par\u00eds seran els ponents de la jornada.<\/h3>\n\n\n\n<figure class=\"wp-block-image size-large\"><img loading=\"lazy\" decoding=\"async\" width=\"1024\" height=\"576\" src=\"http:\/\/www.tucomarca.com\/wordpress\/segunda\/wp-content\/uploads\/2024\/02\/BenaguasilJornada-1024x576.jpeg\" alt=\"\" class=\"wp-image-210801\" srcset=\"https:\/\/www.tucomarca.com\/wordpress\/segunda\/wp-content\/uploads\/2024\/02\/BenaguasilJornada-1024x576.jpeg 1024w, https:\/\/www.tucomarca.com\/wordpress\/segunda\/wp-content\/uploads\/2024\/02\/BenaguasilJornada-300x169.jpeg 300w, https:\/\/www.tucomarca.com\/wordpress\/segunda\/wp-content\/uploads\/2024\/02\/BenaguasilJornada-768x432.jpeg 768w, https:\/\/www.tucomarca.com\/wordpress\/segunda\/wp-content\/uploads\/2024\/02\/BenaguasilJornada-1536x864.jpeg 1536w, https:\/\/www.tucomarca.com\/wordpress\/segunda\/wp-content\/uploads\/2024\/02\/BenaguasilJornada-678x381.jpeg 678w, https:\/\/www.tucomarca.com\/wordpress\/segunda\/wp-content\/uploads\/2024\/02\/BenaguasilJornada.jpeg 1600w\" sizes=\"auto, (max-width: 1024px) 100vw, 1024px\" \/><\/figure>\n\n\n\n<p>El pr\u00f2xim dia 23 de febrer tindr\u00e0 lloc a Benaguasil la Jornada d&#8217;Actualitzaci\u00f3 i Reciclatge d&#8217;Entrenadors, organitzada per la Federaci\u00f3 de Futbol de la Comunitat Valenciana a trav\u00e9s de l&#8217;Escola d&#8217;Entrenadors, en col\u00b7laboraci\u00f3 amb l&#8217;Ajuntament de Benaguasil i el FBAC Benaguasil.<br>En la jornada, de 5 hores de duraci\u00f3 participaran els ponents \u00d3scar Fern\u00e1ndez, entrenador de futbol que ha dirigit nombrosos equips, entre ells el Val\u00e8ncia CF B i l&#8217;Atl\u00e8tic de Madrid B, a m\u00e9s de la Selecci\u00f3 sub16 de Qatar.<br>Una altra de les ponents ser\u00e0 Andrea Esteban, que \u00e9s l&#8217;actual entrenadora de l&#8217;Esportiu Alab\u00e9s Glorioses. Va dirigir al Val\u00e8ncia CF Femen\u00ed i va ser seleccionadora auton\u00f2mica sub15 de la FFCV.<br>Finalment Andr\u00e9s Par\u00eds, llicenciat en Pedagogia, exfutbolista i autor de llibres com \u2018Posa en joc la teua emoci\u00f3\u2019 o \u2018La motxilla del l\u00edder\u2019, ser\u00e0 l&#8217;encarregat de tancar la sessi\u00f3 amb una confer\u00e8ncia motivacional per a la figura de l&#8217;entrenador.<br>Aquesta sessi\u00f3 pret\u00e9n servir com a actualitzaci\u00f3 metodol\u00f2gica per als entrenadors de futbol, perqu\u00e8 apliquen en les seues sessions les noves din\u00e0miques tant en el treball global com en les tasques espec\u00edfiques.<br>El regidor d&#8217;Esports, Rub\u00e9n Araque ha assenyalat que \u201camb la realitzaci\u00f3 d&#8217;aquesta jornada a Benaguasil l&#8217;Ajuntament continua apostant per les bones pr\u00e0ctiques esportives a trav\u00e9s d&#8217;iniciatives com aquesta per a oferir a monitors i entrenadors de futbol una formaci\u00f3 cont\u00ednua de reciclatge\u201d.<\/p>\n","protected":false},"excerpt":{"rendered":"<div class=\"mh-excerpt\">\u00d3scar Fern\u00e1ndez, Andrea Esteban i Andr\u00e9s Par\u00eds seran els ponents de la jornada. El pr\u00f2xim dia 23 de febrer tindr\u00e0 lloc a Benaguasil la Jornada d&#8217;Actualitzaci\u00f3 i Reciclatge d&#8217;Entrenadors, organitzada per la Federaci\u00f3 de Futbol <a class=\"mh-excerpt-more\" href=\"https:\/\/www.tucomarca.com\/wordpress\/segunda\/ca\/benaguasil-acollira-la-jornada-dactualitzacio-per-a-entrenadors\/\" title=\"Benaguasil acollir\u00e0 la Jornada d&#8217;Actualitzaci\u00f3 per a Entrenadors\">[+] <\/a><\/div>\n","protected":false},"author":1,"featured_media":210802,"comment_status":"open","ping_status":"open","sticky":false,"template":"","format":"standard","meta":{"footnotes":""},"categories":[11019,10952,10892,11015,11003,10948,10894,10904,10896],"tags":[11136,10899,11075],"class_list":{"0":"post-210806","1":"post","2":"type-post","3":"status-publish","4":"format-standard","5":"has-post-thumbnail","7":"category-agenda-ca","8":"category-benaguasil-ca","9":"category-camp-de-turia-ca","10":"category-canal-futbol","11":"category-sports","12":"category-infraestructuras-ca","13":"category-la-comarca-ca","14":"category-sin-categorizar-ca","15":"category-seccion-ca","16":"tag-benaguasil-ca","17":"tag-camp-de-turia-ca","18":"tag-futbol-ca"},"_links":{"self":[{"href":"https:\/\/www.tucomarca.com\/wordpress\/segunda\/ca\/wp-json\/wp\/v2\/posts\/210806","targetHints":{"allow":["GET"]}}],"collection":[{"href":"https:\/\/www.tucomarca.com\/wordpress\/segunda\/ca\/wp-json\/wp\/v2\/posts"}],"about":[{"href":"https:\/\/www.tucomarca.com\/wordpress\/segunda\/ca\/wp-json\/wp\/v2\/types\/post"}],"author":[{"embeddable":true,"href":"https:\/\/www.tucomarca.com\/wordpress\/segunda\/ca\/wp-json\/wp\/v2\/users\/1"}],"replies":[{"embeddable":true,"href":"https:\/\/www.tucomarca.com\/wordpress\/segunda\/ca\/wp-json\/wp\/v2\/comments?post=210806"}],"version-history":[{"count":0,"href":"https:\/\/www.tucomarca.com\/wordpress\/segunda\/ca\/wp-json\/wp\/v2\/posts\/210806\/revisions"}],"wp:featuredmedia":[{"embeddable":true,"href":"https:\/\/www.tucomarca.com\/wordpress\/segunda\/ca\/wp-json\/wp\/v2\/media\/210802"}],"wp:attachment":[{"href":"https:\/\/www.tucomarca.com\/wordpress\/segunda\/ca\/wp-json\/wp\/v2\/media?parent=210806"}],"wp:term":[{"taxonomy":"category","embeddable":true,"href":"https:\/\/www.tucomarca.com\/wordpress\/segunda\/ca\/wp-json\/wp\/v2\/categories?post=210806"},{"taxonomy":"post_tag","embeddable":true,"href":"https:\/\/www.tucomarca.com\/wordpress\/segunda\/ca\/wp-json\/wp\/v2\/tags?post=210806"}],"curies":[{"name":"wp","href":"https:\/\/api.w.org\/{rel}","templated":true}]}}