{"id":210922,"date":"2024-02-12T20:00:00","date_gmt":"2024-02-12T19:00:00","guid":{"rendered":"https:\/\/www.tucomarca.com\/wordpress\/segunda\/?p=210922"},"modified":"2024-02-12T21:01:42","modified_gmt":"2024-02-12T20:01:42","slug":"la-generalitat-installa-una-estacio-base-de-comunicacions-digitals-demergencies-a-lobservatori-de-caroche-que-donara-cobertura-per-a-prevencio-i-extincio-dincendis-a-7-500-h","status":"publish","type":"post","link":"https:\/\/www.tucomarca.com\/wordpress\/segunda\/ca\/la-generalitat-installa-una-estacio-base-de-comunicacions-digitals-demergencies-a-lobservatori-de-caroche-que-donara-cobertura-per-a-prevencio-i-extincio-dincendis-a-7-500-h\/","title":{"rendered":"La Generalitat instal\u00b7la una estaci\u00f3 base de comunicacions digitals d\u2019emerg\u00e8ncies a l\u2019Observatori de Caroche que donar\u00e0 cobertura per a prevenci\u00f3 i extinci\u00f3 d\u2019incendis a 7.500 hect\u00e0rees"},"content":{"rendered":"\n<h3 class=\"wp-block-heading\">La Conselleria d\u2019Hisenda i la Conselleria de Just\u00edcia firmen un acord de col\u00b7laboraci\u00f3 per a la instal\u00b7laci\u00f3 de m\u00e9s estacions de la xarxa COMDES amb energies renovables en observatoris forestals.<\/h3>\n\n\n\n<h3 class=\"wp-block-heading\">Els equips d\u2019emerg\u00e8ncies i seguretat disposaran d\u2019un servici robust de comunicacions digitals en esta zona de dif\u00edcil acc\u00e9s, la qual cosa millorar\u00e0 les labors de prevenci\u00f3 i extinci\u00f3 d\u2019incendis.<\/h3>\n\n\n\n<h3 class=\"wp-block-heading\">La nova instal\u00b7laci\u00f3 de l\u2019Observatori Forestal de Caroche es proveir\u00e0 amb energia subministrada per panells solars i permetr\u00e0 tindre connectivitat de dades.<\/h3>\n\n\n\n<p><span style=\"font-size: revert;\">La Generalitat ha instal\u00b7lat una nova estaci\u00f3 base de la xarxa de Comunicacions M\u00f2bils Digitals d\u2019Emerg\u00e8ncies i Seguretat (COMDES) a l\u2019Observatori Forestal de Caroche, a Teresa de Cofrentes, que facilitar\u00e0 les tasques de prevenci\u00f3 i extinci\u00f3 d\u2019incendis en una \u00e0rea de 7.500 hect\u00e0rees en assegurar les comunicacions i les labors dels efectius d\u2019emerg\u00e8ncies i seguretat.<\/span><\/p>\n\n\n\n<p><p>Esta instal\u00b7laci\u00f3 \u00e9s la primera estaci\u00f3 base de COMDES autoprove\u00efda mitjan\u00e7ant energies renovables que la Conselleria d\u2019Hisenda, Economia i Administraci\u00f3 P\u00fablica, a trav\u00e9s de la Direcci\u00f3 General de Tecnologies de la Informaci\u00f3 i les Comunicacions (DGTIC), posa en funcionament en un observatori forestal.<\/p><\/p>\n\n\n\n<p><p>La consellera d\u2019Hisenda, Economia i Administraci\u00f3 P\u00fablica, Ruth Merino, ha explicat que la instal\u00b7laci\u00f3 d\u2019esta nova estaci\u00f3 base \u201cha sigut possible gr\u00e0cies a la col\u00b7laboraci\u00f3 de la Direcci\u00f3 General de Prevenci\u00f3 d\u2019Incendis Forestals, de la Conselleria de Just\u00edcia i Interior, amb la qual hui firmem un acord perqu\u00e8 esta siga la primera d\u2019una s\u00e8rie d\u2019instal\u00b7lacions de noves estacions de la xarxa en empla\u00e7aments d\u2019observatoris forestals\u201d.<\/p><\/p>\n\n\n\n<p><p>La finalitat d\u2019esta iniciativa \u00e9s dotar de cobertura zones rurals principalment amb massa forestal de manera que en el cas que s\u2019hi produ\u00efsca un incendi els bombers i la resta d\u2019equips que hi intervenen disposen d\u2019un servici de comunicacions. A m\u00e9s, segons ha destacat Merino, l\u2019estaci\u00f3 base de l\u2019Observatori Forestal de Caroche \u00e9s \u201csostenible i respectuosa amb el medi ambient\u201d.<\/p><\/p>\n\n\n\n<p><p>Merino ha fet estes declaracions durant la inauguraci\u00f3 del nou centre de telecomunicacions, a la qual tamb\u00e9 han assistit la consellera de Just\u00edcia i Interior, Elisa N\u00fa\u00f1ez, el director general de Tecnologies de la Informaci\u00f3 i les Comunicacions, Jos\u00e9 Manuel Garc\u00eda Duarte, el director general de Prevenci\u00f3 d\u2019Incendis Forestals, Francisco Aparisi i el gerent de la societat Infraestructures i Serveis de Telecomunicacions i Certificaci\u00f3 (ISTEC), Juan Alegre.<\/p><\/p>\n\n\n\n<figure class=\"wp-block-image size-full\"><img loading=\"lazy\" decoding=\"async\" width=\"945\" height=\"630\" src=\"http:\/\/www.tucomarca.com\/wordpress\/segunda\/wp-content\/uploads\/2024\/02\/TeresadeCofrentes3.jpg\" alt=\"\" class=\"wp-image-210917\" srcset=\"https:\/\/www.tucomarca.com\/wordpress\/segunda\/wp-content\/uploads\/2024\/02\/TeresadeCofrentes3.jpg 945w, https:\/\/www.tucomarca.com\/wordpress\/segunda\/wp-content\/uploads\/2024\/02\/TeresadeCofrentes3-300x200.jpg 300w, https:\/\/www.tucomarca.com\/wordpress\/segunda\/wp-content\/uploads\/2024\/02\/TeresadeCofrentes3-768x512.jpg 768w\" sizes=\"auto, (max-width: 945px) 100vw, 945px\" \/><\/figure>\n\n\n\n<p>La responsable de Just\u00edcia i Interior, Elisa N\u00fa\u00f1ez, ha destacat que l\u2019objectiu de l\u2019acord de col\u00b7laboraci\u00f3 firmat este dilluns \u00e9s dotar de cobertura a zones rurals, principalment amb massa forestal, perqu\u00e8, en el cas que s\u2019hi produ\u00efsca un incendi o algun altre incident com un rescat, una inundaci\u00f3 o un accident, entre altres emerg\u00e8ncies, els bombers i la resta d\u2019efectius d\u2019emerg\u00e8ncies i seguretat que intervenen en la gesti\u00f3 \u201cdisposen d\u2019un servici robust de comunicacions digitals de manera ininterrompuda\u201d.<\/p>\n\n\n\n<p>La consellera de Just\u00edcia ha explicat que situar els centres de telecomunicacions de la xarxa COMDES en observatoris forestals \u201coferix molts avantatges a la Generalitat, ja que estan situats en punts elevats on s\u2019optimitza la cobertura prestada i tenen ja camins d\u2019acc\u00e9s, aix\u00ed com una certa infraestructura que facilita la instal\u00b7laci\u00f3\u201d.<\/p>\n\n\n\n<p>A m\u00e9s, els observatoris es beneficien de disposar tant de subministrament el\u00e8ctric com amb connectivitat de dades, ja que molts d\u2019estos estan situats en zones on no hi ha cobertura de telefonia m\u00f2bil o esta cobertura \u00e9s deficient.<\/p>\n\n\n\n<figure class=\"wp-block-image size-full\"><img loading=\"lazy\" decoding=\"async\" width=\"945\" height=\"630\" src=\"http:\/\/www.tucomarca.com\/wordpress\/segunda\/wp-content\/uploads\/2024\/02\/TeresadeCofrentes4.jpg\" alt=\"\" class=\"wp-image-210919\" srcset=\"https:\/\/www.tucomarca.com\/wordpress\/segunda\/wp-content\/uploads\/2024\/02\/TeresadeCofrentes4.jpg 945w, https:\/\/www.tucomarca.com\/wordpress\/segunda\/wp-content\/uploads\/2024\/02\/TeresadeCofrentes4-300x200.jpg 300w, https:\/\/www.tucomarca.com\/wordpress\/segunda\/wp-content\/uploads\/2024\/02\/TeresadeCofrentes4-768x512.jpg 768w\" sizes=\"auto, (max-width: 945px) 100vw, 945px\" \/><\/figure>\n\n\n\n<p><strong><strong>Cobertura per a 7.500 hect\u00e0rees<\/strong><\/strong><\/p>\n\n\n\n<p>L\u2019objectiu del nou centre de telecomunicacions \u00e9s cobrir la zona circumdant al cim Caroche, amb la finalitat de facilitar les tasques de prevenci\u00f3 i extinci\u00f3 d\u2019incendis del Consorci Provincial de Bombers de Val\u00e8ncia. La nova infraestructura s\u2019ha situat en els terrenys de l\u2019Observatori Forestal de Caroche, on s\u2019ha constru\u00eft una torre de comunicacions de 30 metres d\u2019alt, en la qual s\u2019han instal\u00b7lat les antenes per a poder donar cobertura a la major extensi\u00f3 de terreny possible des d\u2019este punt.<\/p>\n\n\n\n<p>La consellera d\u2019Hisenda, Economia i Administraci\u00f3 P\u00fablica ha explicat que la instal\u00b7laci\u00f3 d\u2019un centre d\u2019este tipus en el cim Caroche, a m\u00e9s de 1.100 metres d\u2019altitud i on no arribava el subministrament el\u00e8ctric perqu\u00e8 \u00e9s una zona muntanyenca caracteritzada per la seua accidentada orografia i molt dif\u00edcil acc\u00e9s, \u201cha exigit una soluci\u00f3 que utilitza principalment energies renovables, mitjan\u00e7ant l\u2019\u00fas de panells solars\u201d.<\/p>\n\n\n\n<p>La soluci\u00f3 sostenible consta de plaques fotovoltaiques que proporcionen una pot\u00e8ncia de 3.300 watts, suficient per a poder alimentar la instal\u00b7laci\u00f3 com si fora un habitatge normal, a m\u00e9s d\u2019un grup electrogen de suport, que proporcionaria una pot\u00e8ncia addicional de 4.000 watts, en el cas que resultara necessari complementar el subministrament de la instal\u00b7laci\u00f3 fotovoltaica a causa d\u2019una meteorologia desfavorable.<\/p>\n\n\n\n<p>Merino ha destacat que la cobertura fins ara arribava a 2.500 hect\u00e0rees i, amb la nova estaci\u00f3, es cobrixen m\u00e9s de 7.500 hect\u00e0rees d\u2019alt valor ecol\u00f2gic, en una \u00e0rea singular, tradicionalment a\u00efllada, poc poblada i amb escassetat de servicis. \u201cEl nostre objectiu era salvar, de la millor manera per a l\u2019entorn, les dificultats que comportaria una actuaci\u00f3 en la zona per als equips d\u2019emerg\u00e8ncies i seguretat\u201d, ha ressaltat.<\/p>\n\n\n\n<figure class=\"wp-block-image size-full\"><img loading=\"lazy\" decoding=\"async\" width=\"945\" height=\"630\" src=\"http:\/\/www.tucomarca.com\/wordpress\/segunda\/wp-content\/uploads\/2024\/02\/TeresadeCofrentes2.jpg\" alt=\"\" class=\"wp-image-210915\" srcset=\"https:\/\/www.tucomarca.com\/wordpress\/segunda\/wp-content\/uploads\/2024\/02\/TeresadeCofrentes2.jpg 945w, https:\/\/www.tucomarca.com\/wordpress\/segunda\/wp-content\/uploads\/2024\/02\/TeresadeCofrentes2-300x200.jpg 300w, https:\/\/www.tucomarca.com\/wordpress\/segunda\/wp-content\/uploads\/2024\/02\/TeresadeCofrentes2-768x512.jpg 768w\" sizes=\"auto, (max-width: 945px) 100vw, 945px\" \/><\/figure>\n\n\n\n<p><strong>Connectivitat IP<\/strong><\/p>\n\n\n\n<p>La xarxa COMDES \u00e9s una infraestructura de telecomunicacions que la Generalitat posa al servici de tots els municipis de la Comunitat Valenciana perqu\u00e8 puguen fer-ne \u00fas, a trav\u00e9s de les seues flotes d\u2019emerg\u00e8ncies i seguretat. En este sentit, resulta fonamental per a coordinar les seues actuacions a trav\u00e9s del Centre de Coordinaci\u00f3 d\u2019Emerg\u00e8ncies (CCE) de la Generalitat.<\/p>\n\n\n\n<p>El director general de Tecnologies de la Informaci\u00f3 i les Comunicacions, Jos\u00e9 Manuel Garc\u00eda Duarte, ha destacat que esta iniciativa tamb\u00e9 ha perm\u00e9s \u201cdotar l\u2019Observatori Forestal de Caroche de connectivitat IP permanent, per a la seua comunicaci\u00f3 amb la resta de seus de la Generalitat, amb m\u00e9s amplada de banda i sense depend\u00e8ncia dels operadors de telefonia m\u00f2bil\u201d.<\/p>\n\n\n\n<p>Garc\u00eda Duarte ha assegurat que, \u201cper a major robustesa davant de fallades en la xarxa, la nova estaci\u00f3 de Caroche s\u2019integra en la xarxa COMDES per dos vies connectades, a trav\u00e9s de dos radioenlla\u00e7os als centres de telecomunicacions de la Generalitat situats a Millares i Cofrentes. D\u2019esta manera, si falla un enlla\u00e7 per a comunicar amb la resta de la xarxa, assegurem un segon enlla\u00e7 que facilite la coordinaci\u00f3 dels operatius sobre el terreny\u201d.<\/p>\n\n\n\n<p>El director general d\u2019Incendis Forestals, Francisco Aparisi, ha destacat la import\u00e0ncia d\u2019este acord i els beneficis que genera, \u201cla xarxa de transmissi\u00f3 de dades permetr\u00e0 que durant els incendis forestals rebem en temps real dades meteorol\u00f2giques i imatges de les c\u00e0meres de vigil\u00e0ncia que ajuden en gran manera als c\u00e0lculs d\u2019evoluci\u00f3 d\u2019incendis forestals. Estes dades permeten als mitjans d\u2019extinci\u00f3 una actuaci\u00f3 molt m\u00e9s efica\u00e7\u201d.<\/p>\n\n\n\n<p>COMDES \u00e9s una xarxa p\u00fablica, operada i mantinguda per la Generalitat, independent de les xarxes comercials dels operadors privats de telecomunicacions, i dedicada en exclusiva a la provisi\u00f3 de servicis de comunicacions de missi\u00f3 cr\u00edtica. La xarxa oferix cobertura en tota la Comunitat Valenciana i permet tant la comunicaci\u00f3 entre flotes (policia local, bombers, protecci\u00f3 civil o atenci\u00f3 sanit\u00e0ria) com la comunicaci\u00f3 privada entre efectius d\u2019una determinada flota.<\/p>\n\n\n\n<figure class=\"wp-block-image size-full\"><img loading=\"lazy\" decoding=\"async\" width=\"945\" height=\"630\" src=\"http:\/\/www.tucomarca.com\/wordpress\/segunda\/wp-content\/uploads\/2024\/02\/TeresadeCofrentes1.jpg\" alt=\"\" class=\"wp-image-210913\" srcset=\"https:\/\/www.tucomarca.com\/wordpress\/segunda\/wp-content\/uploads\/2024\/02\/TeresadeCofrentes1.jpg 945w, https:\/\/www.tucomarca.com\/wordpress\/segunda\/wp-content\/uploads\/2024\/02\/TeresadeCofrentes1-300x200.jpg 300w, https:\/\/www.tucomarca.com\/wordpress\/segunda\/wp-content\/uploads\/2024\/02\/TeresadeCofrentes1-768x512.jpg 768w\" sizes=\"auto, (max-width: 945px) 100vw, 945px\" \/><figcaption>Minut de silenci pels dos Gu\u00e0rdies Civils morts en acte de servei.<\/figcaption><\/figure>\n","protected":false},"excerpt":{"rendered":"<div class=\"mh-excerpt\">La Conselleria d\u2019Hisenda i la Conselleria de Just\u00edcia firmen un acord de col\u00b7laboraci\u00f3 per a la instal\u00b7laci\u00f3 de m\u00e9s estacions de la xarxa COMDES amb energies renovables en observatoris forestals. Els equips d\u2019emerg\u00e8ncies i seguretat <a class=\"mh-excerpt-more\" href=\"https:\/\/www.tucomarca.com\/wordpress\/segunda\/ca\/la-generalitat-installa-una-estacio-base-de-comunicacions-digitals-demergencies-a-lobservatori-de-caroche-que-donara-cobertura-per-a-prevencio-i-extincio-dincendis-a-7-500-h\/\" title=\"La Generalitat instal\u00b7la una estaci\u00f3 base de comunicacions digitals d\u2019emerg\u00e8ncies a l\u2019Observatori de Caroche que donar\u00e0 cobertura per a prevenci\u00f3 i extinci\u00f3 d\u2019incendis a 7.500 hect\u00e0rees\">[+] <\/a><\/div>\n","protected":false},"author":1,"featured_media":210862,"comment_status":"open","ping_status":"open","sticky":false,"template":"","format":"gallery","meta":{"footnotes":""},"categories":[10951,10898,10948,10894,10904,10903,10947,10896,10897,10958],"tags":[11216,11498,11415],"class_list":{"0":"post-210922","1":"post","2":"type-post","3":"status-publish","4":"format-gallery","5":"has-post-thumbnail","7":"category-ayora-cofrentes-ca","8":"category-ventana-ca","9":"category-infraestructuras-ca","10":"category-la-comarca-ca","11":"category-sin-categorizar-ca","12":"category-medio-ambiente-la-comarca-ca","13":"category-politica","14":"category-seccion-ca","15":"category-sucesos-la-comarca-ca","16":"category-teresa-de-cofrentes-ca","17":"tag-ayora-cofrentes-ca","18":"tag-generalitat-valenciana-ca","19":"tag-teresa-de-cofrentes-ca","20":"post_format-post-format-gallery"},"_links":{"self":[{"href":"https:\/\/www.tucomarca.com\/wordpress\/segunda\/ca\/wp-json\/wp\/v2\/posts\/210922","targetHints":{"allow":["GET"]}}],"collection":[{"href":"https:\/\/www.tucomarca.com\/wordpress\/segunda\/ca\/wp-json\/wp\/v2\/posts"}],"about":[{"href":"https:\/\/www.tucomarca.com\/wordpress\/segunda\/ca\/wp-json\/wp\/v2\/types\/post"}],"author":[{"embeddable":true,"href":"https:\/\/www.tucomarca.com\/wordpress\/segunda\/ca\/wp-json\/wp\/v2\/users\/1"}],"replies":[{"embeddable":true,"href":"https:\/\/www.tucomarca.com\/wordpress\/segunda\/ca\/wp-json\/wp\/v2\/comments?post=210922"}],"version-history":[{"count":0,"href":"https:\/\/www.tucomarca.com\/wordpress\/segunda\/ca\/wp-json\/wp\/v2\/posts\/210922\/revisions"}],"wp:featuredmedia":[{"embeddable":true,"href":"https:\/\/www.tucomarca.com\/wordpress\/segunda\/ca\/wp-json\/wp\/v2\/media\/210862"}],"wp:attachment":[{"href":"https:\/\/www.tucomarca.com\/wordpress\/segunda\/ca\/wp-json\/wp\/v2\/media?parent=210922"}],"wp:term":[{"taxonomy":"category","embeddable":true,"href":"https:\/\/www.tucomarca.com\/wordpress\/segunda\/ca\/wp-json\/wp\/v2\/categories?post=210922"},{"taxonomy":"post_tag","embeddable":true,"href":"https:\/\/www.tucomarca.com\/wordpress\/segunda\/ca\/wp-json\/wp\/v2\/tags?post=210922"}],"curies":[{"name":"wp","href":"https:\/\/api.w.org\/{rel}","templated":true}]}}