{"id":210954,"date":"2024-02-08T20:00:00","date_gmt":"2024-02-08T19:00:00","guid":{"rendered":"https:\/\/www.tucomarca.com\/wordpress\/segunda\/?p=210954"},"modified":"2024-02-13T10:33:19","modified_gmt":"2024-02-13T09:33:19","slug":"carlos-mazon-lhorta-deuropa-esta-a-la-comunitat-valenciana-i-lluitarem-perque-continue-sent-aixi","status":"publish","type":"post","link":"https:\/\/www.tucomarca.com\/wordpress\/segunda\/ca\/carlos-mazon-lhorta-deuropa-esta-a-la-comunitat-valenciana-i-lluitarem-perque-continue-sent-aixi\/","title":{"rendered":"Carlos Maz\u00f3n: \u201cL\u2019horta d\u2019Europa est\u00e0 a la Comunitat Valenciana i lluitarem perqu\u00e8 continue sent aix\u00ed\u201d"},"content":{"rendered":"\n<h3 class=\"wp-block-heading\"><strong><em>\u200b\u200b\u200b\u200b\u200b\u200b\u200b<\/em>Def\u00e9n els productes de la Comunitat Valenciana, que destaquen per la seua qualitat, innovaci\u00f3 i lluita davant de les adversitats<\/strong>.<\/h3>\n\n\n\n<h3 class=\"wp-block-heading\"><strong>Exigix posar en marxa de manera immediata el Fons de Reserva de Crisi de la PAC per a ajudar el sector davant de la crisi de producci\u00f3 i de preus a conseq\u00fc\u00e8ncia de la sequera<\/strong>.<\/h3>\n\n\n\n<h3 class=\"wp-block-heading\"><strong><strong>Ratifica el suport del Consell al sector agrari valenci\u00e0 amb mesures com l\u2019augment d\u2019ajudes per a les assegurances agr\u00e0ries<\/strong><\/strong>.<\/h3>\n\n\n\n<h3 class=\"wp-block-heading\"><strong>Sol\u00b7licita la fi de les retallades ideol\u00f2giques al transvasament Tajo \u2013 Segura i que el d\u00e8ficit h\u00eddric s\u2019aborde \u201cdes del rigor i la solidaritat\u201d<\/strong>.<\/h3>\n\n\n\n<h3 class=\"wp-block-heading\"><strong>El president de la Generalitat ha visitat la fira mundial del comer\u00e7 de fruita fresca \u2018Fruit Log\u00edstica 2024\u2019 a Berl\u00edn<\/strong>.<\/h3>\n\n\n\n<p>El president de la Generalitat, Carlos Maz\u00f3n, ha assegurat que, juntament amb la Regi\u00f3 de M\u00farcia, \u201cl\u2019horta d\u2019Europa est\u00e0 a la Comunitat Valenciana i lluitarem perqu\u00e8 continue sent aix\u00ed\u201d. Maz\u00f3n ha destacat la defensa del Consell al producte agr\u00edcola valenci\u00e0 que \u201cdestaca per la seua qualitat, innovaci\u00f3 i lluita davant de les adversitats\u201d i ha manifestat el seu orgull pel sector agroalimentari de la Comunitat.<\/p>\n\n\n\n<p>El cap del Consell s\u2019ha despla\u00e7at a la fira mundial del comer\u00e7 de fruita fresca \u2018Fruit Log\u00edstica 2024\u2019 a Berl\u00edn per a defendre els interessos i mesures que sol\u00b7licita el sector agrari de la Comunitat Valenciana. En concret, estan demandant accions de reducci\u00f3 de la burocr\u00e0cia, el control de la compet\u00e8ncia deslleial de tercers pa\u00efsos, la reciprocitat, la simplificaci\u00f3 d\u2019ecorr\u00e8gims de condicionalitat refor\u00e7ada de la Pol\u00edtica Agr\u00e0ria Comuna (PAC), la imposici\u00f3 del quadern digital, l\u2019assessorament en normatives en fertilitzaci\u00f3 o la gesti\u00f3 integrada de plagues, entre altres.<\/p>\n\n\n\n<p>Carlos Maz\u00f3n ha considerat que \u201cno pot ser que es continue tractant millor els de fora que els que treballen ac\u00ed tots els dies complint tot o fins i tot m\u00e9s\u201d per la qual cosa el Consell exigir\u00e0 al Govern central que \u201ctinguem per fi una defensa davant de les institucions europees\u201c.<\/p>\n\n\n\n<figure class=\"wp-block-image size-large\"><img loading=\"lazy\" decoding=\"async\" width=\"1024\" height=\"683\" src=\"http:\/\/www.tucomarca.com\/wordpress\/segunda\/wp-content\/uploads\/2024\/02\/MazonHuerta3-1024x683.jpg\" alt=\"\" class=\"wp-image-210959\" srcset=\"https:\/\/www.tucomarca.com\/wordpress\/segunda\/wp-content\/uploads\/2024\/02\/MazonHuerta3-1024x683.jpg 1024w, https:\/\/www.tucomarca.com\/wordpress\/segunda\/wp-content\/uploads\/2024\/02\/MazonHuerta3-300x200.jpg 300w, https:\/\/www.tucomarca.com\/wordpress\/segunda\/wp-content\/uploads\/2024\/02\/MazonHuerta3-768x512.jpg 768w, https:\/\/www.tucomarca.com\/wordpress\/segunda\/wp-content\/uploads\/2024\/02\/MazonHuerta3-1536x1024.jpg 1536w, https:\/\/www.tucomarca.com\/wordpress\/segunda\/wp-content\/uploads\/2024\/02\/MazonHuerta3.jpg 1600w\" sizes=\"auto, (max-width: 1024px) 100vw, 1024px\" \/><\/figure>\n\n\n\n<p><strong>Fons de reserva de la PAC<\/strong><\/p>\n\n\n\n<p><strong>\u200b\u200b\u200b\u200b<\/strong>En esta l\u00ednia, la Generalitat, a trav\u00e9s de la Conselleria d\u2019Agricultura, Ramaderia i Pesca, ha instat el Ministeri d\u2019Agricultura, Pesca i Alimentaci\u00f3 a sol\u00b7licitar a la Comissi\u00f3 Europea la mobilitzaci\u00f3 de fons de la reserva de crisi de la PAC, corresponents a l\u2019exercici financer 2024.<br>Este fons facilitar\u00e0 als agricultors i ramaders a suportar la crisi de producci\u00f3 i de preus a conseq\u00fc\u00e8ncia de la pertina\u00e7 sequera i tamb\u00e9 dels efectes dels actuals conflictes b\u00e8l\u00b7lics. A m\u00e9s, des de la Generalitat s\u2019ha demanat al Govern central que s\u2019incloga la vinya i l\u2019olivar en estes ajudes, \u201cels grans oblidats dels anys anteriors\u201c.<\/p>\n\n\n\n<p><strong>Menys tr\u00e0mits burocr\u00e0tics<\/strong><\/p>\n\n\n\n<p><strong>\u200b\u200b\u200b\u200b\u200b\u200b\u200b<\/strong>Aix\u00ed, des del Consell s\u2019ha reclamat al Ministeri d\u2019Agricultura i a la Comissi\u00f3 Europea la posada en marxa de mesures immediates que permeten una simplificaci\u00f3 efectiva de la burocr\u00e0cia a la qual es veuen sotmesos els titulars d\u2019explotaci\u00f3 per a poder percebre les ajudes de la PAC.<\/p>\n\n\n\n<p>Aix\u00ed mateix, la Generalitat tamb\u00e9 ha instat la millora de les estructures agr\u00e0ries per a incrementar la rendibilitat, l\u2019impuls del producte de proximitat davant de les importacions, les exig\u00e8ncies de reciprocitat en els acords comercials o en l\u2019adaptaci\u00f3 de la normativa a l\u2019agricultura i ramaderia mediterr\u00e0nia.<\/p>\n\n\n\n<p>\u201cDes de la mateixa Generalitat estem ajudant els costos del sector\u201d, ha destacat el president qui ha ratificat el suport del Consell al sector agrari valenci\u00e0 amb mesures com l\u2019augment d\u2019ajudes per a les assegurances agr\u00e0ries.<\/p>\n\n\n\n<p><strong>Fi a les retallades ideol\u00f2giques del transvasament Tajo \u2013 Segura<\/strong><\/p>\n\n\n\n<p>Maz\u00f3n ha sol\u00b7licitat \u201cla fi de la instrumentalitzaci\u00f3 pol\u00edtica de l\u2019aigua\u201d i ha exigit la fi \u201ca les retallades ideol\u00f2giques\u201d del transvasament Tajo \u2013 Segura. El cap del Consell ha demanat no jugar amb \u201cel rigor i els informes que garantixen que a Espanya hi ha aigua per a tots\u201d i ha destacat que a la Comunitat Valenciana \u201cja hem fet els deures amb els nostres propis transvasaments interns\u201d per la qual cosa \u201cnecessitem que es pare la pol\u00edtica en l\u2019aigua\u201d.<\/p>\n\n\n\n<figure class=\"wp-block-image size-large\"><img loading=\"lazy\" decoding=\"async\" width=\"1024\" height=\"710\" src=\"http:\/\/www.tucomarca.com\/wordpress\/segunda\/wp-content\/uploads\/2024\/02\/MazonHuerta2-1024x710.jpg\" alt=\"\" class=\"wp-image-210948\" srcset=\"https:\/\/www.tucomarca.com\/wordpress\/segunda\/wp-content\/uploads\/2024\/02\/MazonHuerta2-1024x710.jpg 1024w, https:\/\/www.tucomarca.com\/wordpress\/segunda\/wp-content\/uploads\/2024\/02\/MazonHuerta2-300x208.jpg 300w, https:\/\/www.tucomarca.com\/wordpress\/segunda\/wp-content\/uploads\/2024\/02\/MazonHuerta2-768x532.jpg 768w, https:\/\/www.tucomarca.com\/wordpress\/segunda\/wp-content\/uploads\/2024\/02\/MazonHuerta2-1536x1064.jpg 1536w, https:\/\/www.tucomarca.com\/wordpress\/segunda\/wp-content\/uploads\/2024\/02\/MazonHuerta2-2048x1419.jpg 2048w\" sizes=\"auto, (max-width: 1024px) 100vw, 1024px\" \/><\/figure>\n","protected":false},"excerpt":{"rendered":"<div class=\"mh-excerpt\">\u200b\u200b\u200b\u200b\u200b\u200b\u200bDef\u00e9n els productes de la Comunitat Valenciana, que destaquen per la seua qualitat, innovaci\u00f3 i lluita davant de les adversitats. Exigix posar en marxa de manera immediata el Fons de Reserva de Crisi de la <a class=\"mh-excerpt-more\" href=\"https:\/\/www.tucomarca.com\/wordpress\/segunda\/ca\/carlos-mazon-lhorta-deuropa-esta-a-la-comunitat-valenciana-i-lluitarem-perque-continue-sent-aixi\/\" title=\"Carlos Maz\u00f3n: \u201cL\u2019horta d\u2019Europa est\u00e0 a la Comunitat Valenciana i lluitarem perqu\u00e8 continue sent aix\u00ed\u201d\">[+] <\/a><\/div>\n","protected":false},"author":1,"featured_media":210946,"comment_status":"open","ping_status":"open","sticky":false,"template":"","format":"gallery","meta":{"footnotes":""},"categories":[10890,10905,10951,10892,11046,10898,10948,10963,10894,10904,10912,10902,10947,10909,10896],"tags":[11309,18807],"class_list":{"0":"post-210954","1":"post","2":"type-post","3":"status-publish","4":"format-gallery","5":"has-post-thumbnail","7":"category-ademus","8":"category-agricultura-la-comarca-ca","9":"category-ayora-cofrentes-ca","10":"category-camp-de-turia-ca","11":"category-los-serranos-ca","12":"category-ventana-ca","13":"category-infraestructuras-ca","14":"category-la-canal-de-navarres-ca","15":"category-la-comarca-ca","16":"category-sin-categorizar-ca","17":"category-la-hoya-ca","18":"category-la-ribera-ca","19":"category-politica","20":"category-requena-utiel-ca","21":"category-seccion-ca","22":"tag-agricultura-ca","23":"tag-carlos-mazon-ca","24":"post_format-post-format-gallery"},"_links":{"self":[{"href":"https:\/\/www.tucomarca.com\/wordpress\/segunda\/ca\/wp-json\/wp\/v2\/posts\/210954","targetHints":{"allow":["GET"]}}],"collection":[{"href":"https:\/\/www.tucomarca.com\/wordpress\/segunda\/ca\/wp-json\/wp\/v2\/posts"}],"about":[{"href":"https:\/\/www.tucomarca.com\/wordpress\/segunda\/ca\/wp-json\/wp\/v2\/types\/post"}],"author":[{"embeddable":true,"href":"https:\/\/www.tucomarca.com\/wordpress\/segunda\/ca\/wp-json\/wp\/v2\/users\/1"}],"replies":[{"embeddable":true,"href":"https:\/\/www.tucomarca.com\/wordpress\/segunda\/ca\/wp-json\/wp\/v2\/comments?post=210954"}],"version-history":[{"count":0,"href":"https:\/\/www.tucomarca.com\/wordpress\/segunda\/ca\/wp-json\/wp\/v2\/posts\/210954\/revisions"}],"wp:featuredmedia":[{"embeddable":true,"href":"https:\/\/www.tucomarca.com\/wordpress\/segunda\/ca\/wp-json\/wp\/v2\/media\/210946"}],"wp:attachment":[{"href":"https:\/\/www.tucomarca.com\/wordpress\/segunda\/ca\/wp-json\/wp\/v2\/media?parent=210954"}],"wp:term":[{"taxonomy":"category","embeddable":true,"href":"https:\/\/www.tucomarca.com\/wordpress\/segunda\/ca\/wp-json\/wp\/v2\/categories?post=210954"},{"taxonomy":"post_tag","embeddable":true,"href":"https:\/\/www.tucomarca.com\/wordpress\/segunda\/ca\/wp-json\/wp\/v2\/tags?post=210954"}],"curies":[{"name":"wp","href":"https:\/\/api.w.org\/{rel}","templated":true}]}}