{"id":211019,"date":"2024-02-13T08:50:00","date_gmt":"2024-02-13T07:50:00","guid":{"rendered":"https:\/\/www.tucomarca.com\/wordpress\/segunda\/?p=211019"},"modified":"2024-02-13T12:32:09","modified_gmt":"2024-02-13T11:32:09","slug":"xiva-gaudeix-de-la-seua-tradicional-festa-dels-sants-mitjans","status":"publish","type":"post","link":"https:\/\/www.tucomarca.com\/wordpress\/segunda\/ca\/xiva-gaudeix-de-la-seua-tradicional-festa-dels-sants-mitjans\/","title":{"rendered":"Xiva gaudeix de la seua tradicional festa dels Sants Mitjans"},"content":{"rendered":"\n<p>Els \u201csagatos\u201d en honor als Sants Mitjans, patrons de Xiva, van tornar a prendre aquest cap de setmana. Des dels inicis del segle XVII, quan els Montcada, Senyors de la vila i ambaixadors a Roma, van portar les rel\u00edquies dels sants Alexandre i Macario, se celebren en la localitat aquests festejos entranyables en els quals cremen fogueres en la seua mem\u00f2ria.<\/p>\n\n\n\n<p>Malgrat la pluja, els ve\u00efns de Xiva van amuntegar \u201csarsales\u201d i llenya vella en diferents places i carrers, alguna cosa que tradicionalment feien els xiquets en una \u201ccompetici\u00f3\u201d entre barris.&nbsp;<\/p>\n\n\n\n<p>Van aprofitar despr\u00e9s el caliu per a sopar en germanor, com sempre s&#8217;ha fet, els saborosos embotits locals i carns a la brasa; tamb\u00e9 per a xarrar animadament, a la calor del foc.<\/p>\n\n\n\n<p>Xiva \u00e9s l&#8217;\u00fanica poblaci\u00f3 que enalteix a aquests m\u00e0rtirs romans i hist\u00f2ricament s&#8217;han celebrat festes \u201cgrosses\u201d en el seu honor. Aix\u00ed doncs, des del consistori esperen ampliar gradualment els actes, per a potenciar aquest costum \u00fanic i que forma part de gran riquesa patrimonial de Xiva.<\/p>\n\n\n\n<figure class=\"wp-block-gallery has-nested-images columns-default is-cropped wp-block-gallery-1 is-layout-flex wp-block-gallery-is-layout-flex\">\n<figure class=\"wp-block-image size-large\"><img loading=\"lazy\" decoding=\"async\" width=\"886\" height=\"665\" data-id=\"211016\" src=\"http:\/\/www.tucomarca.com\/wordpress\/segunda\/wp-content\/uploads\/2024\/02\/ChivaSantosMediios5.jpg\" alt=\"\" class=\"wp-image-211016\" srcset=\"https:\/\/www.tucomarca.com\/wordpress\/segunda\/wp-content\/uploads\/2024\/02\/ChivaSantosMediios5.jpg 886w, https:\/\/www.tucomarca.com\/wordpress\/segunda\/wp-content\/uploads\/2024\/02\/ChivaSantosMediios5-300x225.jpg 300w, https:\/\/www.tucomarca.com\/wordpress\/segunda\/wp-content\/uploads\/2024\/02\/ChivaSantosMediios5-768x576.jpg 768w, https:\/\/www.tucomarca.com\/wordpress\/segunda\/wp-content\/uploads\/2024\/02\/ChivaSantosMediios5-678x509.jpg 678w, https:\/\/www.tucomarca.com\/wordpress\/segunda\/wp-content\/uploads\/2024\/02\/ChivaSantosMediios5-326x245.jpg 326w, https:\/\/www.tucomarca.com\/wordpress\/segunda\/wp-content\/uploads\/2024\/02\/ChivaSantosMediios5-80x60.jpg 80w\" sizes=\"auto, (max-width: 886px) 100vw, 886px\" \/><\/figure>\n\n\n\n<figure class=\"wp-block-image size-large\"><img loading=\"lazy\" decoding=\"async\" width=\"886\" height=\"614\" data-id=\"211014\" src=\"http:\/\/www.tucomarca.com\/wordpress\/segunda\/wp-content\/uploads\/2024\/02\/ChivaSantosMediios4.jpg\" alt=\"\" class=\"wp-image-211014\" srcset=\"https:\/\/www.tucomarca.com\/wordpress\/segunda\/wp-content\/uploads\/2024\/02\/ChivaSantosMediios4.jpg 886w, https:\/\/www.tucomarca.com\/wordpress\/segunda\/wp-content\/uploads\/2024\/02\/ChivaSantosMediios4-300x208.jpg 300w, https:\/\/www.tucomarca.com\/wordpress\/segunda\/wp-content\/uploads\/2024\/02\/ChivaSantosMediios4-768x532.jpg 768w\" sizes=\"auto, (max-width: 886px) 100vw, 886px\" \/><\/figure>\n<\/figure>\n\n\n\n<figure class=\"wp-block-gallery has-nested-images columns-default is-cropped wp-block-gallery-2 is-layout-flex wp-block-gallery-is-layout-flex\">\n<figure class=\"wp-block-image size-large\"><img loading=\"lazy\" decoding=\"async\" width=\"886\" height=\"1181\" data-id=\"211010\" src=\"http:\/\/www.tucomarca.com\/wordpress\/segunda\/wp-content\/uploads\/2024\/02\/ChivaSantosMediios2.jpg\" alt=\"\" class=\"wp-image-211010\" srcset=\"https:\/\/www.tucomarca.com\/wordpress\/segunda\/wp-content\/uploads\/2024\/02\/ChivaSantosMediios2.jpg 886w, https:\/\/www.tucomarca.com\/wordpress\/segunda\/wp-content\/uploads\/2024\/02\/ChivaSantosMediios2-225x300.jpg 225w, https:\/\/www.tucomarca.com\/wordpress\/segunda\/wp-content\/uploads\/2024\/02\/ChivaSantosMediios2-768x1024.jpg 768w\" sizes=\"auto, (max-width: 886px) 100vw, 886px\" \/><\/figure>\n\n\n\n<figure class=\"wp-block-image size-large\"><img loading=\"lazy\" decoding=\"async\" width=\"886\" height=\"1181\" data-id=\"211008\" src=\"http:\/\/www.tucomarca.com\/wordpress\/segunda\/wp-content\/uploads\/2024\/02\/ChivaSantosMediios0.jpg\" alt=\"\" class=\"wp-image-211008\" srcset=\"https:\/\/www.tucomarca.com\/wordpress\/segunda\/wp-content\/uploads\/2024\/02\/ChivaSantosMediios0.jpg 886w, https:\/\/www.tucomarca.com\/wordpress\/segunda\/wp-content\/uploads\/2024\/02\/ChivaSantosMediios0-225x300.jpg 225w, https:\/\/www.tucomarca.com\/wordpress\/segunda\/wp-content\/uploads\/2024\/02\/ChivaSantosMediios0-768x1024.jpg 768w\" sizes=\"auto, (max-width: 886px) 100vw, 886px\" \/><\/figure>\n\n\n\n<figure class=\"wp-block-image size-large\"><img loading=\"lazy\" decoding=\"async\" width=\"886\" height=\"1181\" data-id=\"211006\" src=\"http:\/\/www.tucomarca.com\/wordpress\/segunda\/wp-content\/uploads\/2024\/02\/ChivaSantosMediios.jpg\" alt=\"\" class=\"wp-image-211006\" srcset=\"https:\/\/www.tucomarca.com\/wordpress\/segunda\/wp-content\/uploads\/2024\/02\/ChivaSantosMediios.jpg 886w, https:\/\/www.tucomarca.com\/wordpress\/segunda\/wp-content\/uploads\/2024\/02\/ChivaSantosMediios-225x300.jpg 225w, https:\/\/www.tucomarca.com\/wordpress\/segunda\/wp-content\/uploads\/2024\/02\/ChivaSantosMediios-768x1024.jpg 768w\" sizes=\"auto, (max-width: 886px) 100vw, 886px\" \/><\/figure>\n<\/figure>\n","protected":false},"excerpt":{"rendered":"<div class=\"mh-excerpt\">Els \u201csagatos\u201d en honor als Sants Mitjans, patrons de Xiva, van tornar a prendre aquest cap de setmana. Des dels inicis del segle XVII, quan els Montcada, Senyors de la vila i ambaixadors a Roma, <a class=\"mh-excerpt-more\" href=\"https:\/\/www.tucomarca.com\/wordpress\/segunda\/ca\/xiva-gaudeix-de-la-seua-tradicional-festa-dels-sants-mitjans\/\" title=\"Xiva gaudeix de la seua tradicional festa dels Sants Mitjans\">[+] <\/a><\/div>\n","protected":false},"author":12,"featured_media":211013,"comment_status":"open","ping_status":"open","sticky":false,"template":"","format":"gallery","meta":{"footnotes":""},"categories":[10894,10912,11004,11007,11008,10896,10975],"tags":[11195,10914,20289],"class_list":{"0":"post-211019","1":"post","2":"type-post","3":"status-publish","4":"format-gallery","5":"has-post-thumbnail","7":"category-la-comarca-ca","8":"category-la-hoya-ca","9":"category-la-semana-en-imagenes-ca","10":"category-ocio-y-cultura-ca","11":"category-pueblos-en-fiestas-ca","12":"category-seccion-ca","13":"category-chiva-ca","14":"tag-chiva-ca","15":"tag-la-hoya-de-bunol-chiva-ca","16":"tag-santos-medios-ca","17":"post_format-post-format-gallery"},"_links":{"self":[{"href":"https:\/\/www.tucomarca.com\/wordpress\/segunda\/ca\/wp-json\/wp\/v2\/posts\/211019","targetHints":{"allow":["GET"]}}],"collection":[{"href":"https:\/\/www.tucomarca.com\/wordpress\/segunda\/ca\/wp-json\/wp\/v2\/posts"}],"about":[{"href":"https:\/\/www.tucomarca.com\/wordpress\/segunda\/ca\/wp-json\/wp\/v2\/types\/post"}],"author":[{"embeddable":true,"href":"https:\/\/www.tucomarca.com\/wordpress\/segunda\/ca\/wp-json\/wp\/v2\/users\/12"}],"replies":[{"embeddable":true,"href":"https:\/\/www.tucomarca.com\/wordpress\/segunda\/ca\/wp-json\/wp\/v2\/comments?post=211019"}],"version-history":[{"count":0,"href":"https:\/\/www.tucomarca.com\/wordpress\/segunda\/ca\/wp-json\/wp\/v2\/posts\/211019\/revisions"}],"wp:featuredmedia":[{"embeddable":true,"href":"https:\/\/www.tucomarca.com\/wordpress\/segunda\/ca\/wp-json\/wp\/v2\/media\/211013"}],"wp:attachment":[{"href":"https:\/\/www.tucomarca.com\/wordpress\/segunda\/ca\/wp-json\/wp\/v2\/media?parent=211019"}],"wp:term":[{"taxonomy":"category","embeddable":true,"href":"https:\/\/www.tucomarca.com\/wordpress\/segunda\/ca\/wp-json\/wp\/v2\/categories?post=211019"},{"taxonomy":"post_tag","embeddable":true,"href":"https:\/\/www.tucomarca.com\/wordpress\/segunda\/ca\/wp-json\/wp\/v2\/tags?post=211019"}],"curies":[{"name":"wp","href":"https:\/\/api.w.org\/{rel}","templated":true}]}}