{"id":211064,"date":"2024-02-13T08:00:00","date_gmt":"2024-02-13T07:00:00","guid":{"rendered":"https:\/\/www.tucomarca.com\/wordpress\/segunda\/?p=211064"},"modified":"2024-02-13T20:38:33","modified_gmt":"2024-02-13T19:38:33","slug":"utiel-celebrara-el-dia-de-larbre-amb-la-plantacio-de-800-exemplars-en-sierra-del-negrete","status":"publish","type":"post","link":"https:\/\/www.tucomarca.com\/wordpress\/segunda\/ca\/utiel-celebrara-el-dia-de-larbre-amb-la-plantacio-de-800-exemplars-en-sierra-del-negrete\/","title":{"rendered":"Utiel celebrar\u00e0 el Dia de l&#8217;Arbre amb la plantaci\u00f3 de 800 exemplars en Sierra del Negrete"},"content":{"rendered":"\n<h3 class=\"wp-block-heading\">Alumnat de 6\u00e9 d&#8217;Educaci\u00f3 Prim\u00e0ria dels centres educatius del municipi protagonitzar\u00e0 dijous que ve la jornada de conscienciaci\u00f3 mediambiental.<\/h3>\n\n\n\n<h3 class=\"wp-block-heading\">Els agents mediambientals de la zona impartiran xarrades formatives sobre la import\u00e0ncia de preservar el medi ambient i els ecosistemes locals.<\/h3>\n\n\n\n<p>Dijous que ve, 15 de febrer, se celebrar\u00e0 el Dia de l&#8217;Arbre a Utiel amb una jornada did\u00e0ctica en la qual participaran m\u00e9s de 150 estudiants coordinats per agents mediambientals. L&#8217;Ajuntament d&#8217;Utiel col\u00b7laborar\u00e0 en les diferents activitats de sensibilitzaci\u00f3 i conscienciaci\u00f3 que conclouran amb la tradicional plantaci\u00f3 de diferents esp\u00e8cies de pins en el paratge Toll Olmillos en la Serra del Negrete, pr\u00f2xim a la Casa Medina.&nbsp;<br>Alumnat de 6\u00e9 de Prim\u00e0ria dels centres educatius Enrique Rambal, Canonge Mu\u00f1oz, Santa Ana i CRA Oleana (aularis de Les Cuevas i Les Cases) protagonitzaran la jornada d&#8217;educaci\u00f3 ambiental dirigida pels agents forestals de la comarca. Els dies previs a aquesta activitat, els instructors desenvolupen xarrades informatives a les aules dels centres sobre la import\u00e0ncia de preservar el medi ambient i la lluita contra el canvi clim\u00e0tic, els ecosistemes locals i la correcta plantaci\u00f3 d&#8217;arbres. A m\u00e9s, cada alumne rebr\u00e0 com a obsequi un exemplar d&#8217;arbre per a fomentar el seu inter\u00e9s per la cura mediambiental.&nbsp;<br>Col\u00b7laboraci\u00f3 pel medi ambient&nbsp;<br>La jornada, organitzada per l&#8217;Ajuntament d&#8217;Utiel, comptar\u00e0 amb la col\u00b7laboraci\u00f3 de la Generalitat Valenciana en la donaci\u00f3 dels plan\u00e7ons, aix\u00ed com d&#8217;altres empreses que facilitaran diferents recursos de manera altruista, com a productes d&#8217;alimentaci\u00f3 per a l&#8217;esmorzar, protectors de planta, mitj\u00e0 de transport per al despla\u00e7ament d&#8217;escolars etc.&nbsp;<br>El consistori utielano agraeix el comprom\u00eds i implicaci\u00f3 de tots els participants i col\u00b7laboradors que un any m\u00e9s fan possible el desenvolupament d&#8217;aquesta campanya de reforestaci\u00f3 que t\u00e9 com a objectiu la conscienciaci\u00f3, divulgaci\u00f3 i sensibilitzaci\u00f3 mediambiental.<\/p>\n\n\n\n<p>&nbsp;<\/p>\n\n\n\n<figure class=\"wp-block-image size-large\"><img loading=\"lazy\" decoding=\"async\" width=\"819\" height=\"1024\" src=\"http:\/\/www.tucomarca.com\/wordpress\/segunda\/wp-content\/uploads\/2024\/02\/DiaArbolUtiel24-819x1024.jpg\" alt=\"\" class=\"wp-image-211062\" srcset=\"https:\/\/www.tucomarca.com\/wordpress\/segunda\/wp-content\/uploads\/2024\/02\/DiaArbolUtiel24-819x1024.jpg 819w, https:\/\/www.tucomarca.com\/wordpress\/segunda\/wp-content\/uploads\/2024\/02\/DiaArbolUtiel24-240x300.jpg 240w, https:\/\/www.tucomarca.com\/wordpress\/segunda\/wp-content\/uploads\/2024\/02\/DiaArbolUtiel24-768x960.jpg 768w, https:\/\/www.tucomarca.com\/wordpress\/segunda\/wp-content\/uploads\/2024\/02\/DiaArbolUtiel24.jpg 886w\" sizes=\"auto, (max-width: 819px) 100vw, 819px\" \/><\/figure>\n","protected":false},"excerpt":{"rendered":"<div class=\"mh-excerpt\">Alumnat de 6\u00e9 d&#8217;Educaci\u00f3 Prim\u00e0ria dels centres educatius del municipi protagonitzar\u00e0 dijous que ve la jornada de conscienciaci\u00f3 mediambiental. Els agents mediambientals de la zona impartiran xarrades formatives sobre la import\u00e0ncia de preservar el medi <a class=\"mh-excerpt-more\" href=\"https:\/\/www.tucomarca.com\/wordpress\/segunda\/ca\/utiel-celebrara-el-dia-de-larbre-amb-la-plantacio-de-800-exemplars-en-sierra-del-negrete\/\" title=\"Utiel celebrar\u00e0 el Dia de l&#8217;Arbre amb la plantaci\u00f3 de 800 exemplars en Sierra del Negrete\">[+] <\/a><\/div>\n","protected":false},"author":12,"featured_media":211063,"comment_status":"open","ping_status":"open","sticky":false,"template":"","format":"standard","meta":{"footnotes":""},"categories":[11019,10894,10903,10947,10909,10896,11059],"tags":[13793,10910,11174],"class_list":{"0":"post-211064","1":"post","2":"type-post","3":"status-publish","4":"format-standard","5":"has-post-thumbnail","7":"category-agenda-ca","8":"category-la-comarca-ca","9":"category-medio-ambiente-la-comarca-ca","10":"category-politica","11":"category-requena-utiel-ca","12":"category-seccion-ca","13":"category-utiel-ca","14":"tag-dia-del-arbol-ca","15":"tag-requena-utiel-ca","16":"tag-utiel-ca"},"_links":{"self":[{"href":"https:\/\/www.tucomarca.com\/wordpress\/segunda\/ca\/wp-json\/wp\/v2\/posts\/211064","targetHints":{"allow":["GET"]}}],"collection":[{"href":"https:\/\/www.tucomarca.com\/wordpress\/segunda\/ca\/wp-json\/wp\/v2\/posts"}],"about":[{"href":"https:\/\/www.tucomarca.com\/wordpress\/segunda\/ca\/wp-json\/wp\/v2\/types\/post"}],"author":[{"embeddable":true,"href":"https:\/\/www.tucomarca.com\/wordpress\/segunda\/ca\/wp-json\/wp\/v2\/users\/12"}],"replies":[{"embeddable":true,"href":"https:\/\/www.tucomarca.com\/wordpress\/segunda\/ca\/wp-json\/wp\/v2\/comments?post=211064"}],"version-history":[{"count":0,"href":"https:\/\/www.tucomarca.com\/wordpress\/segunda\/ca\/wp-json\/wp\/v2\/posts\/211064\/revisions"}],"wp:featuredmedia":[{"embeddable":true,"href":"https:\/\/www.tucomarca.com\/wordpress\/segunda\/ca\/wp-json\/wp\/v2\/media\/211063"}],"wp:attachment":[{"href":"https:\/\/www.tucomarca.com\/wordpress\/segunda\/ca\/wp-json\/wp\/v2\/media?parent=211064"}],"wp:term":[{"taxonomy":"category","embeddable":true,"href":"https:\/\/www.tucomarca.com\/wordpress\/segunda\/ca\/wp-json\/wp\/v2\/categories?post=211064"},{"taxonomy":"post_tag","embeddable":true,"href":"https:\/\/www.tucomarca.com\/wordpress\/segunda\/ca\/wp-json\/wp\/v2\/tags?post=211064"}],"curies":[{"name":"wp","href":"https:\/\/api.w.org\/{rel}","templated":true}]}}