{"id":211131,"date":"2024-02-14T14:00:00","date_gmt":"2024-02-14T13:00:00","guid":{"rendered":"https:\/\/www.tucomarca.com\/wordpress\/segunda\/?p=211131"},"modified":"2024-02-14T14:34:53","modified_gmt":"2024-02-14T13:34:53","slug":"lajuntament-de-bunyol-condiciona-el-brollador-de-sant-lluis-de-la-localitat","status":"publish","type":"post","link":"https:\/\/www.tucomarca.com\/wordpress\/segunda\/ca\/lajuntament-de-bunyol-condiciona-el-brollador-de-sant-lluis-de-la-localitat\/","title":{"rendered":"L&#8217;Ajuntament de Bunyol condiciona el brollador de Sant Llu\u00eds de la localitat"},"content":{"rendered":"\n<h3 class=\"wp-block-heading\">L&#8217;Ajuntament de Bunyol, a trav\u00e9s de la brigada municipal, ha rehabilitat l&#8217;emblem\u00e0tic brollador de Sant Llu\u00eds, molt deteriorat en els \u00faltims mesos amb motiu del pas de les cabres munteses per la zona.\u00a0<\/h3>\n\n\n\n<p>&#8220;El toll de Sant Llu\u00eds torna a lluir amb tota la seua esplendor. S&#8217;ha netejat totalment, evitant que les cabres munteses tornen a les nostres zones.&nbsp;Erradicaci\u00f3 de branques, eliminaci\u00f3 d&#8217;arena, neteja total del toll i protecci\u00f3 i seguretat del nostre patrimoni natural. Mentre les cabres poden continuar vivint en llibertat. Per a aix\u00f2 s&#8217;ha instal\u00b7lat una tanca perimetral damunt del toll, que dificulta que les cabres tinguen novament el seu llit i lloc de descans&#8221;, tal com han informat fonts municipals.&nbsp;<\/p>\n\n\n\n<p>Tamb\u00e9 es condicionar\u00e0 totalment les zones lim\u00edtrofes a l&#8217;Auditori Municipal de Sant Llu\u00eds, tamb\u00e9 en mal estat pel pas d&#8217;aquests animals en els \u00faltims mesos.&nbsp;<\/p>\n\n\n\n<p>Sergio Galarza, regidor de Serveis Municipals i primer tinent d&#8217;Alcalde de l&#8217;Ajuntament de Bunyol, ha confirmat que aquestes actuacions &#8220;van arrancar a l&#8217;inici de l&#8217;any. Feia falta una gran previsi\u00f3 i organitzaci\u00f3 perqu\u00e8 el que f\u00e9rem fora segur per als animals i que el nostre patrimoni natural es mantinguera b\u00e9 a llarg termini, encara que per descomptat necessita d&#8217;un manteniment constant, que s&#8217;est\u00e0 fent per\u00f2 que encara continuar\u00e0. De fet ara es pintar\u00e0 les baranes del toll, s&#8217;instal\u00b7laran noves llums i eliminaci\u00f3 de plantes en mal estat per unes noves\u201d.<\/p>\n\n\n\n<p>Aquesta actuaci\u00f3 est\u00e0 sent paral\u00b7lela al fet que la Conselleria comunique a l&#8217;Ajuntament m\u00e9s actuacions a seguir en la zona alta de Sant Llu\u00eds, \u201cja que entenem que suposen un risc molt alt per als vianants i els conductors que travessen eixa zona de la localitat per accidents que poden ocasionar. Aix\u00ed que li hem traslladat a la Conselleria la urg\u00e8ncia d&#8217;actuaci\u00f3 en aquest assumpte\u201d, ha finalitzat el regidor Sergio Galarza.<\/p>\n\n\n\n<figure class=\"wp-block-image size-large\"><img loading=\"lazy\" decoding=\"async\" width=\"765\" height=\"1024\" src=\"http:\/\/www.tucomarca.com\/wordpress\/segunda\/wp-content\/uploads\/2024\/02\/CharcoSanLuis2-765x1024.jpg\" alt=\"\" class=\"wp-image-211125\" srcset=\"https:\/\/www.tucomarca.com\/wordpress\/segunda\/wp-content\/uploads\/2024\/02\/CharcoSanLuis2-765x1024.jpg 765w, https:\/\/www.tucomarca.com\/wordpress\/segunda\/wp-content\/uploads\/2024\/02\/CharcoSanLuis2-224x300.jpg 224w, https:\/\/www.tucomarca.com\/wordpress\/segunda\/wp-content\/uploads\/2024\/02\/CharcoSanLuis2-768x1027.jpg 768w, https:\/\/www.tucomarca.com\/wordpress\/segunda\/wp-content\/uploads\/2024\/02\/CharcoSanLuis2-1148x1536.jpg 1148w, https:\/\/www.tucomarca.com\/wordpress\/segunda\/wp-content\/uploads\/2024\/02\/CharcoSanLuis2.jpg 1196w\" sizes=\"auto, (max-width: 765px) 100vw, 765px\" \/><\/figure>\n","protected":false},"excerpt":{"rendered":"<div class=\"mh-excerpt\">L&#8217;Ajuntament de Bunyol, a trav\u00e9s de la brigada municipal, ha rehabilitat l&#8217;emblem\u00e0tic brollador de Sant Llu\u00eds, molt deteriorat en els \u00faltims mesos amb motiu del pas de les cabres munteses per la zona.\u00a0 &#8220;El toll <a class=\"mh-excerpt-more\" href=\"https:\/\/www.tucomarca.com\/wordpress\/segunda\/ca\/lajuntament-de-bunyol-condiciona-el-brollador-de-sant-lluis-de-la-localitat\/\" title=\"L&#8217;Ajuntament de Bunyol condiciona el brollador de Sant Llu\u00eds de la localitat\">[+] <\/a><\/div>\n","protected":false},"author":1,"featured_media":211128,"comment_status":"open","ping_status":"open","sticky":false,"template":"","format":"standard","meta":{"footnotes":""},"categories":[10911,10948,10894,10912,10903,10947,10896],"tags":[10913,10914,14738],"class_list":{"0":"post-211131","1":"post","2":"type-post","3":"status-publish","4":"format-standard","5":"has-post-thumbnail","7":"category-bunol-ca","8":"category-infraestructuras-ca","9":"category-la-comarca-ca","10":"category-la-hoya-ca","11":"category-medio-ambiente-la-comarca-ca","12":"category-politica","13":"category-seccion-ca","14":"tag-bunol-ca","15":"tag-la-hoya-de-bunol-chiva-ca","16":"tag-san-luis-ca"},"_links":{"self":[{"href":"https:\/\/www.tucomarca.com\/wordpress\/segunda\/ca\/wp-json\/wp\/v2\/posts\/211131","targetHints":{"allow":["GET"]}}],"collection":[{"href":"https:\/\/www.tucomarca.com\/wordpress\/segunda\/ca\/wp-json\/wp\/v2\/posts"}],"about":[{"href":"https:\/\/www.tucomarca.com\/wordpress\/segunda\/ca\/wp-json\/wp\/v2\/types\/post"}],"author":[{"embeddable":true,"href":"https:\/\/www.tucomarca.com\/wordpress\/segunda\/ca\/wp-json\/wp\/v2\/users\/1"}],"replies":[{"embeddable":true,"href":"https:\/\/www.tucomarca.com\/wordpress\/segunda\/ca\/wp-json\/wp\/v2\/comments?post=211131"}],"version-history":[{"count":0,"href":"https:\/\/www.tucomarca.com\/wordpress\/segunda\/ca\/wp-json\/wp\/v2\/posts\/211131\/revisions"}],"wp:featuredmedia":[{"embeddable":true,"href":"https:\/\/www.tucomarca.com\/wordpress\/segunda\/ca\/wp-json\/wp\/v2\/media\/211128"}],"wp:attachment":[{"href":"https:\/\/www.tucomarca.com\/wordpress\/segunda\/ca\/wp-json\/wp\/v2\/media?parent=211131"}],"wp:term":[{"taxonomy":"category","embeddable":true,"href":"https:\/\/www.tucomarca.com\/wordpress\/segunda\/ca\/wp-json\/wp\/v2\/categories?post=211131"},{"taxonomy":"post_tag","embeddable":true,"href":"https:\/\/www.tucomarca.com\/wordpress\/segunda\/ca\/wp-json\/wp\/v2\/tags?post=211131"}],"curies":[{"name":"wp","href":"https:\/\/api.w.org\/{rel}","templated":true}]}}