{"id":211198,"date":"2024-02-14T08:00:00","date_gmt":"2024-02-14T07:00:00","guid":{"rendered":"https:\/\/www.tucomarca.com\/wordpress\/segunda\/?p=211198"},"modified":"2024-02-14T19:58:50","modified_gmt":"2024-02-14T18:58:50","slug":"proava-convoca-el-concurs-oficial-de-vins-i-olis-de-la-comunitat-valenciana","status":"publish","type":"post","link":"https:\/\/www.tucomarca.com\/wordpress\/segunda\/ca\/proava-convoca-el-concurs-oficial-de-vins-i-olis-de-la-comunitat-valenciana\/","title":{"rendered":"Proava convoca el Concurs Oficial de Vins i Olis de la Comunitat Valenciana"},"content":{"rendered":"\n<p><strong>IX Concurs Oficial de Vins de la C.V.<br><\/strong>Categories Vins:<br>&#8211; Categoria 1: Vins blancs<br>&#8211; Categoria 2: Vins rosats<br>&#8211; Categoria 3: Vins negres joves<br>&#8211; Categoria 4: Vins negres<br>&#8211; Categoria 5:Vins dol\u00e7os i vins de licor<br>&#8211; Categoria 6: Vins aromatitzats<br>&#8211; Categoria 7: Vins espumosos, Caves i Altres<\/p>\n\n\n\n<p>Per cada mostra que participe en el concurs, caldr\u00e0 remetre tres botelles de 0.75L degudament etiquetades juntament amb la seua fitxa d&#8217;inscripci\u00f3 degudament emplenada.<br>La participaci\u00f3 en aquesta convocat\u00f2ria est\u00e0 oberta a tots els cellers elaboradors o comercialitzadores de vi ecol\u00f2gic que s&#8217;elabore i embotelle en la Comunitat Valenciana i que el ra\u00efm, tamb\u00e9 procedisquen de cultius situats en la Comunitat Valenciana.<\/p>\n\n\n\n<p><strong>Concurs d&#8217;olis<br><\/strong>Categories:<br>&#8211; Frutados verds<br>&#8211; Frutados madurs<br>&#8211; Olis procedents de producci\u00f3 ecol\u00f2gica<\/p>\n\n\n\n<p>Caldr\u00e0 enviar a Proava una mostra composta per 2 productes, en el seu env\u00e0s original per a la seua comercialitzaci\u00f3, d&#8217;almenys 500 mil\u00b7lilitres de capacitat cadascun, per cada refer\u00e8ncia amb la qual es vulga participar en el concurs.<br>La participaci\u00f3 en aquesta convocat\u00f2ria est\u00e0 oberta a totes les alm\u00e0sseres les mostres d&#8217;oli de les quals d&#8217;oliva verge extra procededan d&#8217;olives cultivades en la Comunitat Valenciana i la producci\u00f3 de la qual provinga exclusivament de la Comunitat Valenciana.<br>L&#8217;enviament de mostres a PROAVA, tant de vins com d&#8217;olis, s&#8217;haur\u00e0 de fer a la seg\u00fcent adre\u00e7a : C\/ Baixa, 29 Sota \u2013 46003 VAL\u00c8NCIA.<br>Informa, <strong>Luis Ib\u00e1\u00f1ez.<\/strong><\/p>\n","protected":false},"excerpt":{"rendered":"<div class=\"mh-excerpt\">IX Concurs Oficial de Vins de la C.V.Categories Vins:&#8211; Categoria 1: Vins blancs&#8211; Categoria 2: Vins rosats&#8211; Categoria 3: Vins negres joves&#8211; Categoria 4: Vins negres&#8211; Categoria 5:Vins dol\u00e7os i vins de licor&#8211; Categoria 6: <a class=\"mh-excerpt-more\" href=\"https:\/\/www.tucomarca.com\/wordpress\/segunda\/ca\/proava-convoca-el-concurs-oficial-de-vins-i-olis-de-la-comunitat-valenciana\/\" title=\"Proava convoca el Concurs Oficial de Vins i Olis de la Comunitat Valenciana\">[+] <\/a><\/div>\n","protected":false},"author":12,"featured_media":211197,"comment_status":"open","ping_status":"open","sticky":false,"template":"","format":"standard","meta":{"footnotes":""},"categories":[10890,11019,10905,10892,11006,11046,10948,10963,10894,10904,10912,10902,11007,10909,10896],"tags":[13062,20293],"class_list":{"0":"post-211198","1":"post","2":"type-post","3":"status-publish","4":"format-standard","5":"has-post-thumbnail","7":"category-ademus","8":"category-agenda-ca","9":"category-agricultura-la-comarca-ca","10":"category-camp-de-turia-ca","11":"category-canal-vinos","12":"category-los-serranos-ca","13":"category-infraestructuras-ca","14":"category-la-canal-de-navarres-ca","15":"category-la-comarca-ca","16":"category-sin-categorizar-ca","17":"category-la-hoya-ca","18":"category-la-ribera-ca","19":"category-ocio-y-cultura-ca","20":"category-requena-utiel-ca","21":"category-seccion-ca","22":"tag-proava-ca","23":"tag-vinos-y-aceites-de-la-comunitat-valenciana-ca"},"_links":{"self":[{"href":"https:\/\/www.tucomarca.com\/wordpress\/segunda\/ca\/wp-json\/wp\/v2\/posts\/211198","targetHints":{"allow":["GET"]}}],"collection":[{"href":"https:\/\/www.tucomarca.com\/wordpress\/segunda\/ca\/wp-json\/wp\/v2\/posts"}],"about":[{"href":"https:\/\/www.tucomarca.com\/wordpress\/segunda\/ca\/wp-json\/wp\/v2\/types\/post"}],"author":[{"embeddable":true,"href":"https:\/\/www.tucomarca.com\/wordpress\/segunda\/ca\/wp-json\/wp\/v2\/users\/12"}],"replies":[{"embeddable":true,"href":"https:\/\/www.tucomarca.com\/wordpress\/segunda\/ca\/wp-json\/wp\/v2\/comments?post=211198"}],"version-history":[{"count":0,"href":"https:\/\/www.tucomarca.com\/wordpress\/segunda\/ca\/wp-json\/wp\/v2\/posts\/211198\/revisions"}],"wp:featuredmedia":[{"embeddable":true,"href":"https:\/\/www.tucomarca.com\/wordpress\/segunda\/ca\/wp-json\/wp\/v2\/media\/211197"}],"wp:attachment":[{"href":"https:\/\/www.tucomarca.com\/wordpress\/segunda\/ca\/wp-json\/wp\/v2\/media?parent=211198"}],"wp:term":[{"taxonomy":"category","embeddable":true,"href":"https:\/\/www.tucomarca.com\/wordpress\/segunda\/ca\/wp-json\/wp\/v2\/categories?post=211198"},{"taxonomy":"post_tag","embeddable":true,"href":"https:\/\/www.tucomarca.com\/wordpress\/segunda\/ca\/wp-json\/wp\/v2\/tags?post=211198"}],"curies":[{"name":"wp","href":"https:\/\/api.w.org\/{rel}","templated":true}]}}