{"id":211405,"date":"2024-02-16T12:00:00","date_gmt":"2024-02-16T11:00:00","guid":{"rendered":"https:\/\/www.tucomarca.com\/wordpress\/segunda\/?p=211405"},"modified":"2024-02-16T13:29:04","modified_gmt":"2024-02-16T12:29:04","slug":"benaguasil-inicia-els-treballs-de-rehabilitacio-i-reforma-de-lantiga-estacio-de-dalt","status":"publish","type":"post","link":"https:\/\/www.tucomarca.com\/wordpress\/segunda\/ca\/benaguasil-inicia-els-treballs-de-rehabilitacio-i-reforma-de-lantiga-estacio-de-dalt\/","title":{"rendered":"Benaguasil inicia els treballs de rehabilitaci\u00f3 i reforma de l&#8217;antiga estaci\u00f3 de Dalt"},"content":{"rendered":"\n<h3 class=\"wp-block-heading\"><strong>Les obres contemplen la creaci\u00f3 d&#8217;un centre cultural, d&#8217;oci i de senyals d&#8217;identitat que mantindr\u00e0 alguns dels elements de la construcci\u00f3 original.<\/strong><\/h3>\n\n\n\n<p>L&#8217;Ajuntament de Benaguasil ha iniciat les obres d&#8217;adequaci\u00f3, regeneraci\u00f3 i rehabilitaci\u00f3 urbana de les antigues instal\u00b7lacions ferrovi\u00e0ries de Renfe i el seu entorn, per a convertir-les en F\u00f2rum Cultural i de Senyals d&#8217;Identitat.<\/p>\n\n\n\n<p>El nou equipament disposar\u00e0 de dues plantes di\u00e0fanes per a albergar tot tipus d&#8217;activitats, les actuacions de les quals es plantegen en dos \u00e0mbits diferenciats. D&#8217;una banda les que s&#8217;executaran en la zona verda i que persegueixen fomentar la sostenibilitat ambiental en la gesti\u00f3 d&#8217;aig\u00fces pluvials. Per a aix\u00f2 s&#8217;utilitzaran sistemes urbans de drenatge sostenible SUDS) en els quals Benaguasil ja ha sigut pioner en l&#8217;\u00e0mbit de la Comunitat Valenciana. I per un altre es procedir\u00e0 a la rehabilitaci\u00f3 arquitect\u00f2nica i energ\u00e8tica de l&#8217;antic edifici de l&#8217;estaci\u00f3 ferrovi\u00e0ria, per a poder destinar-ho a un \u00fas p\u00fablic polivalent de car\u00e0cter sociocultural que contribu\u00efsca a restaurar el nostre patrimoni hist\u00f2ric, posant-lo al servei de la ciutadania i promocionant la nostra cultura i senyals d&#8217;identitat.&nbsp;<\/p>\n\n\n\n<p>Per a aconseguir tot aix\u00f2, les diferents actuacions es realitzaran sota els est\u00e0ndards ambientals d&#8217;efici\u00e8ncia energ\u00e8tica i sostenibilitat (PassivHouse), incorporant igualment els requeriments quant a accessibilitat i inclusivitat.<\/p>\n\n\n\n<p>El regidor Pedro Peris ha visitat aquest mat\u00ed l&#8217;inici de les obres de reforma de l&#8217;edifici l&#8217;objectiu del qual, ha assenyalat \u201c\u00e9s rehabilitar un edifici emblem\u00e0tic per a la hist\u00f2ria del municipi conservant la seua ess\u00e8ncia i, transformar aquesta zona en un espai de trobada din\u00e0mica i sostenible que fomente la relaci\u00f3 social i d&#8217;oci.<\/p>\n\n\n\n<p>L&#8217;actuaci\u00f3, emmarcada en el Pla Conviure compta amb un pressupost que ronda els 600.000 euros, dels quals 454.986 euros s\u00f3n aportats per la Generalitat Valenciana.<\/p>\n","protected":false},"excerpt":{"rendered":"<div class=\"mh-excerpt\">Les obres contemplen la creaci\u00f3 d&#8217;un centre cultural, d&#8217;oci i de senyals d&#8217;identitat que mantindr\u00e0 alguns dels elements de la construcci\u00f3 original. L&#8217;Ajuntament de Benaguasil ha iniciat les obres d&#8217;adequaci\u00f3, regeneraci\u00f3 i rehabilitaci\u00f3 urbana de <a class=\"mh-excerpt-more\" href=\"https:\/\/www.tucomarca.com\/wordpress\/segunda\/ca\/benaguasil-inicia-els-treballs-de-rehabilitacio-i-reforma-de-lantiga-estacio-de-dalt\/\" title=\"Benaguasil inicia els treballs de rehabilitaci\u00f3 i reforma de l&#8217;antiga estaci\u00f3 de Dalt\">[+] <\/a><\/div>\n","protected":false},"author":1,"featured_media":211403,"comment_status":"open","ping_status":"open","sticky":false,"template":"","format":"standard","meta":{"footnotes":""},"categories":[10952,10892,10948,10894,10947,10896],"tags":[11136,10899,12859],"class_list":{"0":"post-211405","1":"post","2":"type-post","3":"status-publish","4":"format-standard","5":"has-post-thumbnail","7":"category-benaguasil-ca","8":"category-camp-de-turia-ca","9":"category-infraestructuras-ca","10":"category-la-comarca-ca","11":"category-politica","12":"category-seccion-ca","13":"tag-benaguasil-ca","14":"tag-camp-de-turia-ca","15":"tag-obras-ca"},"_links":{"self":[{"href":"https:\/\/www.tucomarca.com\/wordpress\/segunda\/ca\/wp-json\/wp\/v2\/posts\/211405","targetHints":{"allow":["GET"]}}],"collection":[{"href":"https:\/\/www.tucomarca.com\/wordpress\/segunda\/ca\/wp-json\/wp\/v2\/posts"}],"about":[{"href":"https:\/\/www.tucomarca.com\/wordpress\/segunda\/ca\/wp-json\/wp\/v2\/types\/post"}],"author":[{"embeddable":true,"href":"https:\/\/www.tucomarca.com\/wordpress\/segunda\/ca\/wp-json\/wp\/v2\/users\/1"}],"replies":[{"embeddable":true,"href":"https:\/\/www.tucomarca.com\/wordpress\/segunda\/ca\/wp-json\/wp\/v2\/comments?post=211405"}],"version-history":[{"count":0,"href":"https:\/\/www.tucomarca.com\/wordpress\/segunda\/ca\/wp-json\/wp\/v2\/posts\/211405\/revisions"}],"wp:featuredmedia":[{"embeddable":true,"href":"https:\/\/www.tucomarca.com\/wordpress\/segunda\/ca\/wp-json\/wp\/v2\/media\/211403"}],"wp:attachment":[{"href":"https:\/\/www.tucomarca.com\/wordpress\/segunda\/ca\/wp-json\/wp\/v2\/media?parent=211405"}],"wp:term":[{"taxonomy":"category","embeddable":true,"href":"https:\/\/www.tucomarca.com\/wordpress\/segunda\/ca\/wp-json\/wp\/v2\/categories?post=211405"},{"taxonomy":"post_tag","embeddable":true,"href":"https:\/\/www.tucomarca.com\/wordpress\/segunda\/ca\/wp-json\/wp\/v2\/tags?post=211405"}],"curies":[{"name":"wp","href":"https:\/\/api.w.org\/{rel}","templated":true}]}}