{"id":211721,"date":"2024-02-19T08:55:00","date_gmt":"2024-02-19T07:55:00","guid":{"rendered":"https:\/\/www.tucomarca.com\/wordpress\/segunda\/?p=211721"},"modified":"2024-02-19T21:18:16","modified_gmt":"2024-02-19T20:18:16","slug":"requena-entrega-els-premis-a-lexcellencia-academica-lesforc-i-el-talent","status":"publish","type":"post","link":"https:\/\/www.tucomarca.com\/wordpress\/segunda\/ca\/requena-entrega-els-premis-a-lexcellencia-academica-lesforc-i-el-talent\/","title":{"rendered":"Requena entrega els premis a l&#8217;excel\u00b7l\u00e8ncia acad\u00e8mica, l&#8217;esfor\u00e7 i el talent"},"content":{"rendered":"\n<p>Dissabte passat, el Temple de Sant Nicol\u00e1s de Requena va ser testimoni de la celebraci\u00f3 de la sisena edici\u00f3 dels Premis Requena Estudia. L&#8217;esdeveniment, que honra l&#8217;excel\u00b7l\u00e8ncia acad\u00e8mica, l&#8217;esfor\u00e7 i el talent, es va dur a terme amb gran entusiasme i participaci\u00f3.<br>Els guardonats d&#8217;aquesta edici\u00f3 van ser els 32 estudiants destacats dels ensenyaments no obligatoris de l&#8217;IES N\u00ba1, IES Oleana, Escola de Viticultura i Enologia i del Conservatori Professional de M\u00fasica Mariano P\u00e9rez S\u00e1nchez.&nbsp;<br>La regidora d&#8217;educaci\u00f3, Silvia Arocas, qui va elogiar el talent i dedicaci\u00f3 dels estudiants, va destacar: \u201cLa vostra perseveran\u00e7a, const\u00e0ncia i dedicaci\u00f3 s\u00f3n exemplars. L&#8217;ensenyament sovint exigeix sacrificis, per\u00f2 hui celebrem eixos esfor\u00e7os i els instem a seguir avant quan tot es torna dif\u00edcil\u201d.<br>L&#8217;acte va comptar amb la participaci\u00f3 especial de l&#8217;escola de dansa Mireia Cabau, que va acceptar la invitaci\u00f3 per a amenitzar la cerim\u00f2nia. Demostrant que l&#8217;educaci\u00f3 va m\u00e9s enll\u00e0 de les aules, abastant totes les formes d&#8217;expressi\u00f3 art\u00edstica que enriqueixen les nostres vides.<br>Des de l&#8217;Ajuntament van voler expressar \u201cel nostre orgull pels assoliments aconseguits en l&#8217;\u00e0mbit educatiu i el ferm desig de superaci\u00f3 demostrat per cada premiat. Felicitem a tots els guardonats i agra\u00efm sincerament la seua valuosa contribuci\u00f3 al desenvolupament educatiu a Requena\u201d. Informa, <strong>Luis Ib\u00e1\u00f1ez.<\/strong><\/p>\n\n\n\n<figure class=\"wp-block-image size-full\"><img loading=\"lazy\" decoding=\"async\" width=\"886\" height=\"556\" src=\"https:\/\/www.tucomarca.com\/wordpress\/segunda\/wp-content\/uploads\/2024\/02\/PremiosRequenaEstudia2.jpg\" alt=\"\" class=\"wp-image-211713\" srcset=\"https:\/\/www.tucomarca.com\/wordpress\/segunda\/wp-content\/uploads\/2024\/02\/PremiosRequenaEstudia2.jpg 886w, https:\/\/www.tucomarca.com\/wordpress\/segunda\/wp-content\/uploads\/2024\/02\/PremiosRequenaEstudia2-300x188.jpg 300w, https:\/\/www.tucomarca.com\/wordpress\/segunda\/wp-content\/uploads\/2024\/02\/PremiosRequenaEstudia2-768x482.jpg 768w\" sizes=\"auto, (max-width: 886px) 100vw, 886px\" \/><\/figure>\n","protected":false},"excerpt":{"rendered":"<div class=\"mh-excerpt\">Dissabte passat, el Temple de Sant Nicol\u00e1s de Requena va ser testimoni de la celebraci\u00f3 de la sisena edici\u00f3 dels Premis Requena Estudia. L&#8217;esdeveniment, que honra l&#8217;excel\u00b7l\u00e8ncia acad\u00e8mica, l&#8217;esfor\u00e7 i el talent, es va dur <a class=\"mh-excerpt-more\" href=\"https:\/\/www.tucomarca.com\/wordpress\/segunda\/ca\/requena-entrega-els-premis-a-lexcellencia-academica-lesforc-i-el-talent\/\" title=\"Requena entrega els premis a l&#8217;excel\u00b7l\u00e8ncia acad\u00e8mica, l&#8217;esfor\u00e7 i el talent\">[+] <\/a><\/div>\n","protected":false},"author":12,"featured_media":211719,"comment_status":"open","ping_status":"open","sticky":false,"template":"","format":"standard","meta":{"footnotes":""},"categories":[10894,11007,10908,10909,10896],"tags":[20317,11099,10910],"class_list":{"0":"post-211721","1":"post","2":"type-post","3":"status-publish","4":"format-standard","5":"has-post-thumbnail","7":"category-la-comarca-ca","8":"category-ocio-y-cultura-ca","9":"category-requena-ca","10":"category-requena-utiel-ca","11":"category-seccion-ca","12":"tag-premios-requena-estudia-ca","13":"tag-requena-ca","14":"tag-requena-utiel-ca"},"_links":{"self":[{"href":"https:\/\/www.tucomarca.com\/wordpress\/segunda\/ca\/wp-json\/wp\/v2\/posts\/211721","targetHints":{"allow":["GET"]}}],"collection":[{"href":"https:\/\/www.tucomarca.com\/wordpress\/segunda\/ca\/wp-json\/wp\/v2\/posts"}],"about":[{"href":"https:\/\/www.tucomarca.com\/wordpress\/segunda\/ca\/wp-json\/wp\/v2\/types\/post"}],"author":[{"embeddable":true,"href":"https:\/\/www.tucomarca.com\/wordpress\/segunda\/ca\/wp-json\/wp\/v2\/users\/12"}],"replies":[{"embeddable":true,"href":"https:\/\/www.tucomarca.com\/wordpress\/segunda\/ca\/wp-json\/wp\/v2\/comments?post=211721"}],"version-history":[{"count":0,"href":"https:\/\/www.tucomarca.com\/wordpress\/segunda\/ca\/wp-json\/wp\/v2\/posts\/211721\/revisions"}],"wp:featuredmedia":[{"embeddable":true,"href":"https:\/\/www.tucomarca.com\/wordpress\/segunda\/ca\/wp-json\/wp\/v2\/media\/211719"}],"wp:attachment":[{"href":"https:\/\/www.tucomarca.com\/wordpress\/segunda\/ca\/wp-json\/wp\/v2\/media?parent=211721"}],"wp:term":[{"taxonomy":"category","embeddable":true,"href":"https:\/\/www.tucomarca.com\/wordpress\/segunda\/ca\/wp-json\/wp\/v2\/categories?post=211721"},{"taxonomy":"post_tag","embeddable":true,"href":"https:\/\/www.tucomarca.com\/wordpress\/segunda\/ca\/wp-json\/wp\/v2\/tags?post=211721"}],"curies":[{"name":"wp","href":"https:\/\/api.w.org\/{rel}","templated":true}]}}