{"id":211728,"date":"2024-02-20T10:00:00","date_gmt":"2024-02-20T09:00:00","guid":{"rendered":"https:\/\/www.tucomarca.com\/wordpress\/segunda\/?p=211728"},"modified":"2024-02-21T12:28:24","modified_gmt":"2024-02-21T11:28:24","slug":"la-unio-reitera-a-la-conselleria-dagricultura-la-necessitat-destablir-una-linia-dajudes-per-als-ramaders-de-bovi-amb-afeccio-en-els-seus-animals-de-la-ehe","status":"publish","type":"post","link":"https:\/\/www.tucomarca.com\/wordpress\/segunda\/ca\/la-unio-reitera-a-la-conselleria-dagricultura-la-necessitat-destablir-una-linia-dajudes-per-als-ramaders-de-bovi-amb-afeccio-en-els-seus-animals-de-la-ehe\/","title":{"rendered":"La Uni\u00f3 reitera a la Conselleria d&#8217;Agricultura la necessitat d&#8217;establir una l\u00ednia d&#8217;ajudes per als ramaders de bov\u00ed amb afecci\u00f3 en els seus animals de la EHE"},"content":{"rendered":"\n<h3 class=\"wp-block-heading\">La falta de suports a sectors en crisis com el del bov\u00ed \u00e9s un dels motius de la gran protesta-tractorada d&#8217;aquest dimecres 21 de febrer a Madrid convocada per Uni\u00f3n de Uniones, on acudir\u00e0 una bona representaci\u00f3 de La Uni\u00f3<\/h3>\n\n\n\n<p>La Uni\u00f3 Llauradora i Ramadera ha insistit de nou a trav\u00e9s d&#8217;un escrit dirigit al conseller d&#8217;Agricultura, Jos\u00e9 Luis Aguirre, en la necessitat d\u2019establir una l\u00ednia d&#8217;ajudes per als ramaders de bov\u00ed de la Comunitat Valenciana amb animals que han patit els efectes de la Malaltia Hemorr\u00e0gica Epiz\u00f3otica (EHE).<\/p>\n\n\n\n<p>En algunes zones a m\u00e9s, com el nord del Castell\u00f3, estan patint les conseq\u00fc\u00e8ncies de la sequera i la falta de pastures i aigua, amb moltes explotacions que han de subministrar-se de cubes per a donar beure als animals.<\/p>\n\n\n\n<p>Ja el mes de setembre passat va enviar un escrit on se l&#8217;informava que a pesar que les deteccions eren escasses era de preveure que anirien en augment com aix\u00ed ha sigut. Moltes ramaderies a m\u00e9s no han declarat la malaltia tant per desconeixement o por com per la falta d&#8217;incentius.<\/p>\n\n\n\n<p>Altres comunitats aut\u00f2nomes s\u00ed han posat en marxa l\u00ednies d&#8217;ajuda per a les seues explotacions bovines afectades per la EHE. \u00c9s el cas d&#8217;Extremadura, amb un pressupost de 3,4 milions d&#8217;euros i 35 euros\/animal; de Castella i Lle\u00f3, amb un pressupost de 5,73 milions d&#8217;euros i entre 500-1.000 euros per explotaci\u00f3 i, finalment, la Comunitat de Madrid, amb un pressupost de 827.200 euros per a despeses veterin\u00e0ries i 294.000 per mort de l&#8217;animal i una ayudade entre 800 i 6.000 euros per explotaci\u00f3.<\/p>\n\n\n\n<p>Des de La Uni\u00f3, es considera que aquestes ajudes posicionen les explotacions ramaderes valencianes de bov\u00ed en una situaci\u00f3 de desavantatge competitiu. Per aix\u00f2, torna a sol\u00b7licitar l&#8217;establiment urgent d&#8217;una l\u00ednia extraordin\u00e0ria d&#8217;ajudes per a les explotacions bovines afectades per la Malaltia Hemorr\u00e0gica Epizo\u00f2tica.<\/p>\n\n\n\n<p>Per al finan\u00e7ament d&#8217;aquesta ajuda, l&#8217;organitzaci\u00f3 proposa que s&#8217;utilitze la l\u00ednia pressupost\u00e0ria S0286 &#8220;Ajudes generals Ramaderia-MAGRAMA&#8221;, dotada amb 895.000 euros, destinada a la millora de les explotacions ramaderes i les agrupacions de defensa sanit\u00e0ria per als programes de qualitat sanit\u00e0ria i millora de la renda de les persones ramaderes.<\/p>\n\n\n\n<p>La Uni\u00f3 agraeix la postura de la Conselleria d&#8217;Agricultura d&#8217;exigir al Ministeri d&#8217;Agricultura la disponibilitat d&#8217;una vacuna contra la malaltia per al sector bov\u00ed. No obstant aix\u00f2, \u201csom conscients que aquesta mesura efectiva tardar\u00e0 a estar disponible, ja que no dep\u00e9n exclusivament de les administracions i actualment no tenim a la nostra disposici\u00f3 cap vacuna a la Uni\u00f3 Europea\u201d, indica La Uni\u00f3 en el seu escrit a Aguirre.<\/p>\n\n\n\n<p>Per aix\u00f2, ara el m\u00e9s urgent seria fer costat als ramaders de la Comunitat Valenciana. \u201cMalgrat ser un partit defensor de la ramaderia, la veritat \u00e9s que al final amb Vox al capdavant de la Conselleria d&#8217;Agricultura els productors valencians de bov\u00ed no han rebut ajudes per la Malaltia Hemorr\u00e0gica Epizo\u00f2tica (EHE), com s\u00ed ho han fet els d&#8217;altres comunitats aut\u00f2nomes. Esperem que canvien d&#8217;opini\u00f3 i habiliten una partida pressupost\u00e0ria\u201d, assenyala La Uni\u00f3.<\/p>\n\n\n\n<p>La falta d&#8217;ajudes per a determinats sectors en crisis, com \u00e9s el del bestiar bov\u00ed per l&#8217;afecci\u00f3 de la EHE, \u00e9s un dels motius de la gran tractorada-protesta prevista per totes les organitzacions territorials de la Uni\u00f3n de Uniones d&#8217;aquest pr\u00f2xim dimecres 21 de febrer a Madrid que conclour\u00e0 enfront de les portes del Ministeri d&#8217;Agricultura. All\u00ed hi haur\u00e0 una important representaci\u00f3 de la Uni\u00f3 Llauradora i Ramadera des dels diversos punts geogr\u00e0fics de la Comunitat Valenciana.<\/p>\n","protected":false},"excerpt":{"rendered":"<div class=\"mh-excerpt\">La falta de suports a sectors en crisis com el del bov\u00ed \u00e9s un dels motius de la gran protesta-tractorada d&#8217;aquest dimecres 21 de febrer a Madrid convocada per Uni\u00f3n de Uniones, on acudir\u00e0 una <a class=\"mh-excerpt-more\" href=\"https:\/\/www.tucomarca.com\/wordpress\/segunda\/ca\/la-unio-reitera-a-la-conselleria-dagricultura-la-necessitat-destablir-una-linia-dajudes-per-als-ramaders-de-bovi-amb-afeccio-en-els-seus-animals-de-la-ehe\/\" title=\"La Uni\u00f3 reitera a la Conselleria d&#8217;Agricultura la necessitat d&#8217;establir una l\u00ednia d&#8217;ajudes per als ramaders de bov\u00ed amb afecci\u00f3 en els seus animals de la EHE\">[+] <\/a><\/div>\n","protected":false},"author":12,"featured_media":211727,"comment_status":"open","ping_status":"open","sticky":false,"template":"","format":"standard","meta":{"footnotes":""},"categories":[10905,10951,10898,10948,10894,10904,10947,10896],"tags":[12856,18022],"class_list":{"0":"post-211728","1":"post","2":"type-post","3":"status-publish","4":"format-standard","5":"has-post-thumbnail","7":"category-agricultura-la-comarca-ca","8":"category-ayora-cofrentes-ca","9":"category-ventana-ca","10":"category-infraestructuras-ca","11":"category-la-comarca-ca","12":"category-sin-categorizar-ca","13":"category-politica","14":"category-seccion-ca","15":"tag-conselleria-de-agricultura-ca","16":"tag-la-unio-llauradora-ca"},"_links":{"self":[{"href":"https:\/\/www.tucomarca.com\/wordpress\/segunda\/ca\/wp-json\/wp\/v2\/posts\/211728","targetHints":{"allow":["GET"]}}],"collection":[{"href":"https:\/\/www.tucomarca.com\/wordpress\/segunda\/ca\/wp-json\/wp\/v2\/posts"}],"about":[{"href":"https:\/\/www.tucomarca.com\/wordpress\/segunda\/ca\/wp-json\/wp\/v2\/types\/post"}],"author":[{"embeddable":true,"href":"https:\/\/www.tucomarca.com\/wordpress\/segunda\/ca\/wp-json\/wp\/v2\/users\/12"}],"replies":[{"embeddable":true,"href":"https:\/\/www.tucomarca.com\/wordpress\/segunda\/ca\/wp-json\/wp\/v2\/comments?post=211728"}],"version-history":[{"count":0,"href":"https:\/\/www.tucomarca.com\/wordpress\/segunda\/ca\/wp-json\/wp\/v2\/posts\/211728\/revisions"}],"wp:featuredmedia":[{"embeddable":true,"href":"https:\/\/www.tucomarca.com\/wordpress\/segunda\/ca\/wp-json\/wp\/v2\/media\/211727"}],"wp:attachment":[{"href":"https:\/\/www.tucomarca.com\/wordpress\/segunda\/ca\/wp-json\/wp\/v2\/media?parent=211728"}],"wp:term":[{"taxonomy":"category","embeddable":true,"href":"https:\/\/www.tucomarca.com\/wordpress\/segunda\/ca\/wp-json\/wp\/v2\/categories?post=211728"},{"taxonomy":"post_tag","embeddable":true,"href":"https:\/\/www.tucomarca.com\/wordpress\/segunda\/ca\/wp-json\/wp\/v2\/tags?post=211728"}],"curies":[{"name":"wp","href":"https:\/\/api.w.org\/{rel}","templated":true}]}}