{"id":211791,"date":"2024-02-20T14:00:00","date_gmt":"2024-02-20T13:00:00","guid":{"rendered":"https:\/\/www.tucomarca.com\/wordpress\/segunda\/?p=211791"},"modified":"2024-02-21T10:02:01","modified_gmt":"2024-02-21T09:02:01","slug":"la-diputacio-de-valencia-aprova-el-programa-dactivitats-destinades-a-previndre-addiccions","status":"publish","type":"post","link":"https:\/\/www.tucomarca.com\/wordpress\/segunda\/ca\/la-diputacio-de-valencia-aprova-el-programa-dactivitats-destinades-a-previndre-addiccions\/","title":{"rendered":"La Diputaci\u00f3 de Val\u00e8ncia aprova el programa d&#8217;activitats destinades a previndre addiccions"},"content":{"rendered":"\n<h3 class=\"wp-block-heading\">El ple del mes de febrer dona llum verda per unanimitat al Programa Provincial d&#8217;Activitats Preventives 2024 que contempla un ampli cat\u00e0leg d&#8217;actuacions adaptades a les necessitats espec\u00edfiques de la poblaci\u00f3.<\/h3>\n\n\n\n<h3 class=\"wp-block-heading\">Els municipis menors de 20.000 habitants podran sol\u00b7licitar les activitats una vegada estiga publicada la convocat\u00f2ria en el BOP.<\/h3>\n\n\n\n<p>La Diputaci\u00f3 de Val\u00e8ncia ha aprovat el Programa Provincial d&#8217;Activitats Preventives 2024 en el marc del VIII Pla Provincial de Prevenci\u00f3 d&#8217;Addiccions 2024-2027, amb els vots a favor de tots els grups pol\u00edtics representats en la corporaci\u00f3 provincial. Aix\u00ed, el ple del mes de febrer ha donat llum verda a este programa que contempla un ampli cat\u00e0leg d&#8217;actuacions planificades que aborden de manera integral la prevenci\u00f3 d&#8217;addiccions adaptades a les necessitats espec\u00edfiques de la poblaci\u00f3, amb la finalitat d&#8217;establir un nivell de prevenci\u00f3 continuat en els municipis de la prov\u00edncia amb una poblaci\u00f3 inferior a 20.000 habitants.&nbsp;<\/p>\n\n\n\n<p>En este sentit, la diputada de Benestar i Inclusi\u00f3 Social i Salut P\u00fablica, Imma Gonz\u00e1lez, ha manifestat que el programa \u201cest\u00e0 compost per tres subprogrames de formaci\u00f3 preventiva destinats a xiquets, preadolescents, adolescents, joves, fam\u00edlies i professionals: prevenci\u00f3 de consum de drogues i promoci\u00f3 d&#8217;habilitats de protecci\u00f3 soci-personals; usos inadequats de les tecnologies i addicci\u00f3 al joc, i el subprograma de prevenci\u00f3 selectiva del consum d&#8217;alcohol i\/o c\u00e0nnabis\u201d.<\/p>\n\n\n\n<p>Aix\u00ed mateix, ha apuntat que \u201camb l&#8217;objectiu d&#8217;ampliar la cobertura i tenint en compte diversos escenaris i factors i la incid\u00e8ncia en la poblaci\u00f3, s&#8217;han incorporat noves l\u00ednies tem\u00e0tiques i tallers, posant l&#8217;accent principalment en les addiccions relacionades amb internet i refor\u00e7ant el treball relacionat amb la prevenci\u00f3 del consum de les principals drogues d&#8217;ab\u00fas i tamb\u00e9 el treball amb les fam\u00edlies\u201d.<\/p>\n\n\n\n<p><strong>Novetats<\/strong><\/p>\n\n\n\n<p>Dins del subprograma de prevenci\u00f3 de depend\u00e8ncies a les tecnologies, es duran a terme accions formatives directes a adolescents i fam\u00edlies sobre afectivitat, sexualitat, i prevenci\u00f3 del consum de pornografia a trav\u00e9s d&#8217;internet. La seg\u00fcent novetat per a enguany \u00e9s el refor\u00e7 del treball amb adolescents en la tem\u00e0tica de valors amb activitats teatrals. Tamb\u00e9 s&#8217;utilitza el teatre en les accions formatives destinades a adolescents relacionades amb les principals drogues d&#8217;ab\u00fas. Aix\u00ed mateix, s&#8217;ha refor\u00e7at el treball en el subprograma de prevenci\u00f3 de drogues, incidint en els tallers amb fam\u00edlies amb resoluci\u00f3 de casos pr\u00e0ctics.<\/p>\n\n\n\n<p>El subprograma de prevenci\u00f3 universal de drogues inclou 78 tipologies d&#8217;activitats dirigides a la prevenci\u00f3 del consum de drogues i promoci\u00f3 d&#8217;habilitats de projecci\u00f3 socipersonals dirigides a diferents grups poblacionals: xiquets, preadolescents, adolescents, joves, fam\u00edlies i professionals municipals, amb continguts que aborden diferents l\u00ednies tem\u00e0tiques: salut, valors, relacions socials, educaci\u00f3 emocional i drogues d&#8217;ab\u00fas.<\/p>\n\n\n\n<p>Quant al subprograma de prevenci\u00f3 de depend\u00e8ncies a les tecnologies, addicci\u00f3 al joc i habilitats de protecci\u00f3 socipersonals inclou 18 tipologies d&#8217;activitats amb continguts de diferents l\u00ednies tem\u00e0tiques vinculades a la prevenci\u00f3 de depend\u00e8ncies tecnol\u00f2giques (m\u00f2bils i xarxes socials) i addiccions sense subst\u00e0ncia (videojocs i jocs d&#8217;apostes), dirigides a preadolescents, adolescents, joves i fam\u00edlies.<\/p>\n\n\n\n<p>Finalment, el subprograma de prevenci\u00f3 selectiva del consum d\u2019alcohol i\/o c\u00e0nnabis i promoci\u00f3 d&#8217;habilitats de protecci\u00f3 socipersonals integra la intervenci\u00f3 sobre grups espec\u00edfics de menors en els quals ja existix consum actiu, sense que encara s&#8217;haja desenvolupat un trastorn per \u00fas de subst\u00e0ncies, juntament amb les seues fam\u00edlies.<\/p>\n","protected":false},"excerpt":{"rendered":"<div class=\"mh-excerpt\">El ple del mes de febrer dona llum verda per unanimitat al Programa Provincial d&#8217;Activitats Preventives 2024 que contempla un ampli cat\u00e0leg d&#8217;actuacions adaptades a les necessitats espec\u00edfiques de la poblaci\u00f3. Els municipis menors de <a class=\"mh-excerpt-more\" href=\"https:\/\/www.tucomarca.com\/wordpress\/segunda\/ca\/la-diputacio-de-valencia-aprova-el-programa-dactivitats-destinades-a-previndre-addiccions\/\" title=\"La Diputaci\u00f3 de Val\u00e8ncia aprova el programa d&#8217;activitats destinades a previndre addiccions\">[+] <\/a><\/div>\n","protected":false},"author":12,"featured_media":201458,"comment_status":"open","ping_status":"open","sticky":false,"template":"","format":"standard","meta":{"footnotes":""},"categories":[11010,10898,10948,10894,10904,10912,10947,10896],"tags":[11246],"class_list":{"0":"post-211791","1":"post","2":"type-post","3":"status-publish","4":"format-standard","5":"has-post-thumbnail","7":"category-canal-salud","8":"category-ventana-ca","9":"category-infraestructuras-ca","10":"category-la-comarca-ca","11":"category-sin-categorizar-ca","12":"category-la-hoya-ca","13":"category-politica","14":"category-seccion-ca","15":"tag-diputacio-de-valencia-ca"},"_links":{"self":[{"href":"https:\/\/www.tucomarca.com\/wordpress\/segunda\/ca\/wp-json\/wp\/v2\/posts\/211791","targetHints":{"allow":["GET"]}}],"collection":[{"href":"https:\/\/www.tucomarca.com\/wordpress\/segunda\/ca\/wp-json\/wp\/v2\/posts"}],"about":[{"href":"https:\/\/www.tucomarca.com\/wordpress\/segunda\/ca\/wp-json\/wp\/v2\/types\/post"}],"author":[{"embeddable":true,"href":"https:\/\/www.tucomarca.com\/wordpress\/segunda\/ca\/wp-json\/wp\/v2\/users\/12"}],"replies":[{"embeddable":true,"href":"https:\/\/www.tucomarca.com\/wordpress\/segunda\/ca\/wp-json\/wp\/v2\/comments?post=211791"}],"version-history":[{"count":0,"href":"https:\/\/www.tucomarca.com\/wordpress\/segunda\/ca\/wp-json\/wp\/v2\/posts\/211791\/revisions"}],"wp:featuredmedia":[{"embeddable":true,"href":"https:\/\/www.tucomarca.com\/wordpress\/segunda\/ca\/wp-json\/wp\/v2\/media\/201458"}],"wp:attachment":[{"href":"https:\/\/www.tucomarca.com\/wordpress\/segunda\/ca\/wp-json\/wp\/v2\/media?parent=211791"}],"wp:term":[{"taxonomy":"category","embeddable":true,"href":"https:\/\/www.tucomarca.com\/wordpress\/segunda\/ca\/wp-json\/wp\/v2\/categories?post=211791"},{"taxonomy":"post_tag","embeddable":true,"href":"https:\/\/www.tucomarca.com\/wordpress\/segunda\/ca\/wp-json\/wp\/v2\/tags?post=211791"}],"curies":[{"name":"wp","href":"https:\/\/api.w.org\/{rel}","templated":true}]}}