{"id":211858,"date":"2024-02-21T11:00:00","date_gmt":"2024-02-21T10:00:00","guid":{"rendered":"https:\/\/www.tucomarca.com\/wordpress\/segunda\/?p=211858"},"modified":"2024-02-21T12:55:44","modified_gmt":"2024-02-21T11:55:44","slug":"adaptt-llanca-el-seu-circuit-docupacio-en-els-centres-deducacio-de-la-comarca-requena-utiel","status":"publish","type":"post","link":"https:\/\/www.tucomarca.com\/wordpress\/segunda\/ca\/adaptt-llanca-el-seu-circuit-docupacio-en-els-centres-deducacio-de-la-comarca-requena-utiel\/","title":{"rendered":"Adapt@+t llan\u00e7a el seu Circuit d&#8217;Ocupaci\u00f3 en els centres d&#8217;educaci\u00f3 de la comarca Requena-Utiel"},"content":{"rendered":"\n<h3 class=\"wp-block-heading\">Aquesta iniciativa naix dins del Projecte d&#8217;Ocupaci\u00f3, Emprenedoria, Economia social i Desenvolupament local de la Mancomunitat de l&#8217;Interior de la Terra del Vi per a fomentar l&#8217;emprenedoria en l&#8217;alumnat dels centres d&#8217;educaci\u00f3 secund\u00e0ria de la comarca<\/h3>\n\n\n\n<p>El Circuit d&#8217;\u00das de Adapt@+t naix, des del servei d&#8217;orientaci\u00f3 laboral i de coaching, per a fomentar l&#8217;ocupaci\u00f3 i l&#8217;emprenedoria entre l&#8217;alumnat dels centres d&#8217;educaci\u00f3 secund\u00e0ria de la comarca. L&#8217;objectiu \u00e9s proporcionar els recursos i eines a les persones joves per a millorar la seua ocupabilitat aix\u00ed com per a introduir la cultura emprenedora i, d&#8217;aquesta manera, fixar poblaci\u00f3 a la comarca.<br>Aquesta iniciativa es concreta en accions dissenyades conjuntament amb els diferents centres educatius, per a donar resposta a les necessitats del territori i aix\u00ed facilitar l&#8217;acc\u00e9s a la informaci\u00f3 i recursos d&#8217;intermediaris, aix\u00ed com a eines per a la cerca d&#8217;ocupaci\u00f3, opcions formatives requerides i el desenvolupament d&#8217;habilitats en els \u00e0mbits professionals que es consideren de major inter\u00e9s.\u00a0<br>El Circuit d&#8217;\u00das de Adapt@+t ha realitzat una primera sessi\u00f3 amb un grup d&#8217;electromec\u00e0nica i un altre de mecanitzat, al costat del departament de Formaci\u00f3 i Orientaci\u00f3 Laboral (FOL) de l&#8217;IES Oleana de Requena. L&#8217;alumnat ha rebut informaci\u00f3 sobre el Servei Valenci\u00e0 d&#8217;Ocupaci\u00f3 i Formaci\u00f3 LABORA, els certificats de professionalitat i l&#8217;elaboraci\u00f3 d&#8217;un curriculum vitae, a m\u00e9s de participar en diverses din\u00e0miques d&#8217;entrevistes grupals i individuals, tot aix\u00f2 de cara a la seua pr\u00f2xima incorporaci\u00f3 al m\u00f3n laboral.\u00a0<br>El Projecte d&#8217;Ocupaci\u00f3, Emprenedoria, Economia social i Desenvolupament local Adapt@+t aborda els grans reptes de la comarca: el social i demogr\u00e0fic i el canvi de model econ\u00f2mic, impulsant el desenvolupament econ\u00f2mic comarcal a trav\u00e9s de la implementaci\u00f3 d&#8217;accions que responguen a les necessitats reals tant de demandants d&#8217;ocupaci\u00f3 com d&#8217;empresaris i organitzacions. D&#8217;aquesta manera l&#8217;objectiu \u00e9s millorar les condicions d&#8217;ocupaci\u00f3, formaci\u00f3, emprenedoria i mercat, treballant l&#8217;orientaci\u00f3 i intermediaci\u00f3 per a l&#8217;ocupaci\u00f3 a mesura, el foment i acompanyament de l&#8217;emprenedoria, la formaci\u00f3 espec\u00edfica per al sector tur\u00edstic i les accions destinades a l&#8217;enfortiment empresarial en els sectors comarcals d&#8217;agricultura, comer\u00e7 i turisme.\u00a0<br>El projecte Adapt@+t va n\u00e0ixer dins del pla AVALEM TERRITORI i el seu \u00e0mbit d&#8217;execuci\u00f3 est\u00e0 circumscrit al territori de les d\u00e8nou entitats signants de l&#8217;Acord Territorial en mat\u00e8ria d&#8217;Ocupaci\u00f3 i Desenvolupament de la Mancomunitat de l&#8217;Interior Terra del Vi, totes elles pertanyents als nou municipis que componen la comarca: Camporrobles, Caudete de las Fuentes, Xera, Fuenterrobles, Requena, Sinarques, Utiel, Venta del Moro i Villargordo del Cabriel.<\/p>\n","protected":false},"excerpt":{"rendered":"<div class=\"mh-excerpt\">Aquesta iniciativa naix dins del Projecte d&#8217;Ocupaci\u00f3, Emprenedoria, Economia social i Desenvolupament local de la Mancomunitat de l&#8217;Interior de la Terra del Vi per a fomentar l&#8217;emprenedoria en l&#8217;alumnat dels centres d&#8217;educaci\u00f3 secund\u00e0ria de la <a class=\"mh-excerpt-more\" href=\"https:\/\/www.tucomarca.com\/wordpress\/segunda\/ca\/adaptt-llanca-el-seu-circuit-docupacio-en-els-centres-deducacio-de-la-comarca-requena-utiel\/\" title=\"Adapt@+t llan\u00e7a el seu Circuit d&#8217;Ocupaci\u00f3 en els centres d&#8217;educaci\u00f3 de la comarca Requena-Utiel\">[+] <\/a><\/div>\n","protected":false},"author":12,"featured_media":211855,"comment_status":"open","ping_status":"open","sticky":false,"template":"","format":"standard","meta":{"footnotes":""},"categories":[11031,11032,11054,11055,10948,10894,10947,10908,10909,10896,11058,11059,11060,11061],"tags":[20322,12387,10910],"class_list":{"0":"post-211858","1":"post","2":"type-post","3":"status-publish","4":"format-standard","5":"has-post-thumbnail","7":"category-camporrobles-ca","8":"category-caudete-ca","9":"category-chera-ca","10":"category-fuenterrobles-ca","11":"category-infraestructuras-ca","12":"category-la-comarca-ca","13":"category-politica","14":"category-requena-ca","15":"category-requena-utiel-ca","16":"category-seccion-ca","17":"category-sinarcas-ca","18":"category-utiel-ca","19":"category-venta-del-moro-ca","20":"category-villargordo-del-cabriel-ca","21":"tag-circuito-de-empleo-ca","22":"tag-mancomunidad-del-interior-tierra-del-vino-ca","23":"tag-requena-utiel-ca"},"_links":{"self":[{"href":"https:\/\/www.tucomarca.com\/wordpress\/segunda\/ca\/wp-json\/wp\/v2\/posts\/211858","targetHints":{"allow":["GET"]}}],"collection":[{"href":"https:\/\/www.tucomarca.com\/wordpress\/segunda\/ca\/wp-json\/wp\/v2\/posts"}],"about":[{"href":"https:\/\/www.tucomarca.com\/wordpress\/segunda\/ca\/wp-json\/wp\/v2\/types\/post"}],"author":[{"embeddable":true,"href":"https:\/\/www.tucomarca.com\/wordpress\/segunda\/ca\/wp-json\/wp\/v2\/users\/12"}],"replies":[{"embeddable":true,"href":"https:\/\/www.tucomarca.com\/wordpress\/segunda\/ca\/wp-json\/wp\/v2\/comments?post=211858"}],"version-history":[{"count":0,"href":"https:\/\/www.tucomarca.com\/wordpress\/segunda\/ca\/wp-json\/wp\/v2\/posts\/211858\/revisions"}],"wp:featuredmedia":[{"embeddable":true,"href":"https:\/\/www.tucomarca.com\/wordpress\/segunda\/ca\/wp-json\/wp\/v2\/media\/211855"}],"wp:attachment":[{"href":"https:\/\/www.tucomarca.com\/wordpress\/segunda\/ca\/wp-json\/wp\/v2\/media?parent=211858"}],"wp:term":[{"taxonomy":"category","embeddable":true,"href":"https:\/\/www.tucomarca.com\/wordpress\/segunda\/ca\/wp-json\/wp\/v2\/categories?post=211858"},{"taxonomy":"post_tag","embeddable":true,"href":"https:\/\/www.tucomarca.com\/wordpress\/segunda\/ca\/wp-json\/wp\/v2\/tags?post=211858"}],"curies":[{"name":"wp","href":"https:\/\/api.w.org\/{rel}","templated":true}]}}