{"id":211935,"date":"2024-02-21T09:55:00","date_gmt":"2024-02-21T08:55:00","guid":{"rendered":"https:\/\/www.tucomarca.com\/wordpress\/segunda\/?p=211935"},"modified":"2024-02-21T20:09:44","modified_gmt":"2024-02-21T19:09:44","slug":"ecovidrio-i-algemesi-planten-arbres-amb-els-casals-fallers-despres-de-guanyar-el-municipi-la-campanya-la-planta-del-vidre","status":"publish","type":"post","link":"https:\/\/www.tucomarca.com\/wordpress\/segunda\/ca\/ecovidrio-i-algemesi-planten-arbres-amb-els-casals-fallers-despres-de-guanyar-el-municipi-la-campanya-la-planta-del-vidre\/","title":{"rendered":"Ecovidrio i Algemes\u00ed planten arbres amb els casals fallers despr\u00e9s de guanyar el municipi la campanya \u2018La Plant\u00e0 del Vidre\u2019"},"content":{"rendered":"\n<h3 class=\"wp-block-heading\">\u201cLa Plant\u00e0 del Vidre\u201d \u00e9s una iniciativa que es va desenvolupar les passades Falles per a conscienciar sobre la gesti\u00f3 responsable dels residus d&#8217;envasos de vidre en la qual van competir tretze municipis fallers per ser el m\u00e9s sostenible.<\/h3>\n\n\n\n<h3 class=\"wp-block-heading\">La poblaci\u00f3 va aconseguir reciclar 30.200 kg de residus d&#8217;envasos de vidre durant el transcurs de la campanya.<\/h3>\n\n\n\n<p>Ecovidrio, l&#8217;entitat sense \u00e0nim de lucre encarregada de la gesti\u00f3 del reciclatge dels residus d&#8217;envasos de vidre a Espanya, i l&#8217;Ajuntament d&#8217;Algemes\u00ed i la Generalitat Valenciana han realitzat una plantaci\u00f3 d&#8217;arbres en l&#8217;avinguda Bernat Guinovart despr\u00e9s de guanyar aquest la campanya \u2018La Plant\u00e0 del Vidre\u2019, una iniciativa que es va desenvolupar durant les Falles 2023 amb l&#8217;objectiu de fomentar el reciclatge d&#8217;envasos de vidre.&nbsp;<br>A l&#8217;acte han assistit el director general de Qualitat i Educaci\u00f3 Ambiental, Jorge Blanco; el gerent de zona de Ecovidrio, Roberto Fuentes; l&#8217;alcalde d&#8217;Algemes\u00ed, Jos\u00e9 Javier Sanchis; el president de la Junta Local Fallera, Juanvi Talamantes; la Fallera Major 2024, Carla Carbonell; la Fallera Major Infantil, Salut Oroval; aix\u00ed com representants de les comissions falleres i regidors de la Corporaci\u00f3 municipal.<br>Cada casal faller ha apadrinat un arbre Celtis australis (lledoner) i tamb\u00e9 s&#8217;ha col\u00b7locat una placa identificativa de l&#8217;apadrinament de cada exemplar. Els casals que han participat s\u00f3n Falla Ideal Terrassa I Adj.; Falla Pla\u00e7a Cabanilles i Adj.; Falla Pla\u00e7a del Cid, Albalat i Adj.; Falla Crist de l\u2019Agonia, Llu\u00eds Mart\u00ednez i Adj.; Falla El Pla; Falla Parc Bernat Guinovart; Falla Nou Mercat; Falla Pasc Salvador Castell I Adj.; Falla C\u00edctor Prada, Ferran d\u2019Arag\u00f3 I Adj.; Falla Pla\u00e7a dels Tres Moreres; i Falla Barri Santa B\u00e0rbara.&nbsp;<br>La iniciativa, que es va desenvolupar durant els dies de celebraci\u00f3 de les festes, pretenia conscienciar als ciutadans d&#8217;Algemes\u00ed, i especialment als fallers, sobre la import\u00e0ncia de separar correctament els residus d&#8217;envasos de vidre durant el transcurs de les festes. Per a aix\u00f2, Ecovidrio va decorar els contenidors de vidre pr\u00f2xims als casals i va marcar un repte per a cada municipi de quilograms d&#8217;envasos de vidre recollits durant les festes.<br>En la campanya van prendre part un total de 13 municipis valencians que celebren festes de Falles: Algemes\u00ed, Benaguasil, Borriana, Catarroja, Cullera, Gandia, Godella, L&#8217;Eliana, La Pobla de Vallbona, La Vall d&#8217;Uix\u00f3, Ll\u00edria, Paterna i Torrent.<br>Algemes\u00ed va ser la poblaci\u00f3 guanyadora en ser la que m\u00e9s punts va aconseguir despr\u00e9s de superar el percentatge proposat per Ecovidrio per la recollida de vidre respecte al mateix per\u00edode de l&#8217;any anterior, aix\u00ed com per la difusi\u00f3 que va fer de la iniciativa. En concret, va aconseguir reciclar 30.200 kg de residus d&#8217;envasos de vidre durant el transcurs de la campanya. El premi consistia en l&#8217;esmentada plantaci\u00f3 d&#8217;arbres i, a m\u00e9s, es va al\u00e7ar amb el \u2018Guard\u00f3 Verd\u2019 de Ecovidrio per superar el repte proposat.<br>Aix\u00ed mateix, totes les Falles d&#8217;Algemes\u00ed van reciclar en el seu propi contenidor 400 kg o m\u00e9s de residus d&#8217;envasos de vidre, per la qual cosa van rebre un minigl\u00fa amb la imatge de campanya.<br>\u201cLa Plant\u00e0 del Vidre\u201d compta amb el suport de la Generalitat Valenciana, que juntament amb Ecovidrio aposten per col\u00b7laborar amb els fallers per a millorar la sostenibilitat de les festes i que siguen m\u00e9s respectuoses amb el medi ambient a trav\u00e9s d&#8217;una correcta gesti\u00f3 dels residus d&#8217;envasos de vidre.<\/p>\n\n\n\n<p>Beneficis mediambientals del reciclatge de vidre<br>El vidre que es deposita en els contenidors es recicla al 100% i s&#8217;utilitza per a la fabricaci\u00f3 de nous envasos, de manera indefinida i sense perdre les propietats originals.\u00a0 Reciclant vidre evitem el creixement dels abocadors.<br>Reciclar vidre \u00e9s un element clau en la lluita contra el canvi clim\u00e0tic. En usar calcina \u2013 vidre reciclat \u2013 en la fabricaci\u00f3 de nous envasos s&#8217;evita l&#8217;extracci\u00f3 de mat\u00e8ries primeres de la naturalesa, evitant l&#8217;erosi\u00f3 dels s\u00f2ls i la desforestaci\u00f3 del nostre entorn.<br>A m\u00e9s, es minimitza l&#8217;emissi\u00f3 de CO\u2082 en el proc\u00e9s de fabricaci\u00f3 i s&#8217;estalvia energia.<\/p>\n","protected":false},"excerpt":{"rendered":"<div class=\"mh-excerpt\">\u201cLa Plant\u00e0 del Vidre\u201d \u00e9s una iniciativa que es va desenvolupar les passades Falles per a conscienciar sobre la gesti\u00f3 responsable dels residus d&#8217;envasos de vidre en la qual van competir tretze municipis fallers per <a class=\"mh-excerpt-more\" href=\"https:\/\/www.tucomarca.com\/wordpress\/segunda\/ca\/ecovidrio-i-algemesi-planten-arbres-amb-els-casals-fallers-despres-de-guanyar-el-municipi-la-campanya-la-planta-del-vidre\/\" title=\"Ecovidrio i Algemes\u00ed planten arbres amb els casals fallers despr\u00e9s de guanyar el municipi la campanya \u2018La Plant\u00e0 del Vidre\u2019\">[+] <\/a><\/div>\n","protected":false},"author":12,"featured_media":211932,"comment_status":"open","ping_status":"open","sticky":false,"template":"","format":"standard","meta":{"footnotes":""},"categories":[10983,10948,10894,10902,10903,10896],"tags":[11081,15539,11356],"class_list":{"0":"post-211935","1":"post","2":"type-post","3":"status-publish","4":"format-standard","5":"has-post-thumbnail","7":"category-algemesi-ca","8":"category-infraestructuras-ca","9":"category-la-comarca-ca","10":"category-la-ribera-ca","11":"category-medio-ambiente-la-comarca-ca","12":"category-seccion-ca","13":"tag-algemesi-ca","14":"tag-ecovidrio-ca","15":"tag-ribera-alta-ca"},"_links":{"self":[{"href":"https:\/\/www.tucomarca.com\/wordpress\/segunda\/ca\/wp-json\/wp\/v2\/posts\/211935","targetHints":{"allow":["GET"]}}],"collection":[{"href":"https:\/\/www.tucomarca.com\/wordpress\/segunda\/ca\/wp-json\/wp\/v2\/posts"}],"about":[{"href":"https:\/\/www.tucomarca.com\/wordpress\/segunda\/ca\/wp-json\/wp\/v2\/types\/post"}],"author":[{"embeddable":true,"href":"https:\/\/www.tucomarca.com\/wordpress\/segunda\/ca\/wp-json\/wp\/v2\/users\/12"}],"replies":[{"embeddable":true,"href":"https:\/\/www.tucomarca.com\/wordpress\/segunda\/ca\/wp-json\/wp\/v2\/comments?post=211935"}],"version-history":[{"count":0,"href":"https:\/\/www.tucomarca.com\/wordpress\/segunda\/ca\/wp-json\/wp\/v2\/posts\/211935\/revisions"}],"wp:featuredmedia":[{"embeddable":true,"href":"https:\/\/www.tucomarca.com\/wordpress\/segunda\/ca\/wp-json\/wp\/v2\/media\/211932"}],"wp:attachment":[{"href":"https:\/\/www.tucomarca.com\/wordpress\/segunda\/ca\/wp-json\/wp\/v2\/media?parent=211935"}],"wp:term":[{"taxonomy":"category","embeddable":true,"href":"https:\/\/www.tucomarca.com\/wordpress\/segunda\/ca\/wp-json\/wp\/v2\/categories?post=211935"},{"taxonomy":"post_tag","embeddable":true,"href":"https:\/\/www.tucomarca.com\/wordpress\/segunda\/ca\/wp-json\/wp\/v2\/tags?post=211935"}],"curies":[{"name":"wp","href":"https:\/\/api.w.org\/{rel}","templated":true}]}}