{"id":212020,"date":"2024-02-22T09:50:00","date_gmt":"2024-02-22T08:50:00","guid":{"rendered":"https:\/\/www.tucomarca.com\/wordpress\/segunda\/?p=212020"},"modified":"2024-02-22T12:18:42","modified_gmt":"2024-02-22T11:18:42","slug":"la-falla-ramon-y-cajal-de-xiva-presenta-aquest-dissabte-a-rosana-romero-i-cayetana-roser-com-a-falleres-majors-2024","status":"publish","type":"post","link":"https:\/\/www.tucomarca.com\/wordpress\/segunda\/ca\/la-falla-ramon-y-cajal-de-xiva-presenta-aquest-dissabte-a-rosana-romero-i-cayetana-roser-com-a-falleres-majors-2024\/","title":{"rendered":"La Falla Ram\u00f3n y Cajal de Xiva presenta aquest dissabte a Rosana Romero i Cayetana Roser com a Falleres Majors 2024"},"content":{"rendered":"\n<p>Aquest dissabte, 24 de febrer, tindr\u00e0 lloc en Teatre Municipal Astoria de Xiva, l&#8217;exaltaci\u00f3 de les Falleres Majors de la comissi\u00f3 Ram\u00f3n y Cajal.<\/p>\n\n\n\n<p>A partir de les 19,00 hores, est\u00e0 prevista la posada de llarg de Rosana Romero i de Cayetana Roser, en la seua presentaci\u00f3 estaran acompanyada pel seu president i la cort d&#8217;honor que les acompanyar\u00e0 durant aquest 2024. <\/p>\n\n\n\n<p>Les m\u00e0ximes representants de la Falla Ram\u00f3n y Cajal ja compten els dies per a poder gaudir de les festes josefinas en companyia de les seues fam\u00edlies i comissi\u00f3.<\/p>\n\n\n\n<figure class=\"wp-block-image size-full\"><img loading=\"lazy\" decoding=\"async\" width=\"886\" height=\"498\" src=\"http:\/\/www.tucomarca.com\/wordpress\/segunda\/wp-content\/uploads\/2024\/02\/FallaChiva24.jpg\" alt=\"\" class=\"wp-image-212015\" srcset=\"https:\/\/www.tucomarca.com\/wordpress\/segunda\/wp-content\/uploads\/2024\/02\/FallaChiva24.jpg 886w, https:\/\/www.tucomarca.com\/wordpress\/segunda\/wp-content\/uploads\/2024\/02\/FallaChiva24-300x169.jpg 300w, https:\/\/www.tucomarca.com\/wordpress\/segunda\/wp-content\/uploads\/2024\/02\/FallaChiva24-768x432.jpg 768w, https:\/\/www.tucomarca.com\/wordpress\/segunda\/wp-content\/uploads\/2024\/02\/FallaChiva24-678x381.jpg 678w\" sizes=\"auto, (max-width: 886px) 100vw, 886px\" \/><\/figure>\n","protected":false},"excerpt":{"rendered":"<div class=\"mh-excerpt\">Aquest dissabte, 24 de febrer, tindr\u00e0 lloc en Teatre Municipal Astoria de Xiva, l&#8217;exaltaci\u00f3 de les Falleres Majors de la comissi\u00f3 Ram\u00f3n y Cajal. A partir de les 19,00 hores, est\u00e0 prevista la posada de <a class=\"mh-excerpt-more\" href=\"https:\/\/www.tucomarca.com\/wordpress\/segunda\/ca\/la-falla-ramon-y-cajal-de-xiva-presenta-aquest-dissabte-a-rosana-romero-i-cayetana-roser-com-a-falleres-majors-2024\/\" title=\"La Falla Ram\u00f3n y Cajal de Xiva presenta aquest dissabte a Rosana Romero i Cayetana Roser com a Falleres Majors 2024\">[+] <\/a><\/div>\n","protected":false},"author":12,"featured_media":212018,"comment_status":"open","ping_status":"open","sticky":false,"template":"","format":"standard","meta":{"footnotes":""},"categories":[11019,10894,10912,11007,10896,10975],"tags":[11195,18846,10914],"class_list":{"0":"post-212020","1":"post","2":"type-post","3":"status-publish","4":"format-standard","5":"has-post-thumbnail","7":"category-agenda-ca","8":"category-la-comarca-ca","9":"category-la-hoya-ca","10":"category-ocio-y-cultura-ca","11":"category-seccion-ca","12":"category-chiva-ca","13":"tag-chiva-ca","14":"tag-falla-ramon-y-cajal-ca","15":"tag-la-hoya-de-bunol-chiva-ca"},"_links":{"self":[{"href":"https:\/\/www.tucomarca.com\/wordpress\/segunda\/ca\/wp-json\/wp\/v2\/posts\/212020","targetHints":{"allow":["GET"]}}],"collection":[{"href":"https:\/\/www.tucomarca.com\/wordpress\/segunda\/ca\/wp-json\/wp\/v2\/posts"}],"about":[{"href":"https:\/\/www.tucomarca.com\/wordpress\/segunda\/ca\/wp-json\/wp\/v2\/types\/post"}],"author":[{"embeddable":true,"href":"https:\/\/www.tucomarca.com\/wordpress\/segunda\/ca\/wp-json\/wp\/v2\/users\/12"}],"replies":[{"embeddable":true,"href":"https:\/\/www.tucomarca.com\/wordpress\/segunda\/ca\/wp-json\/wp\/v2\/comments?post=212020"}],"version-history":[{"count":0,"href":"https:\/\/www.tucomarca.com\/wordpress\/segunda\/ca\/wp-json\/wp\/v2\/posts\/212020\/revisions"}],"wp:featuredmedia":[{"embeddable":true,"href":"https:\/\/www.tucomarca.com\/wordpress\/segunda\/ca\/wp-json\/wp\/v2\/media\/212018"}],"wp:attachment":[{"href":"https:\/\/www.tucomarca.com\/wordpress\/segunda\/ca\/wp-json\/wp\/v2\/media?parent=212020"}],"wp:term":[{"taxonomy":"category","embeddable":true,"href":"https:\/\/www.tucomarca.com\/wordpress\/segunda\/ca\/wp-json\/wp\/v2\/categories?post=212020"},{"taxonomy":"post_tag","embeddable":true,"href":"https:\/\/www.tucomarca.com\/wordpress\/segunda\/ca\/wp-json\/wp\/v2\/tags?post=212020"}],"curies":[{"name":"wp","href":"https:\/\/api.w.org\/{rel}","templated":true}]}}