{"id":212511,"date":"2024-02-26T18:15:00","date_gmt":"2024-02-26T17:15:00","guid":{"rendered":"https:\/\/www.tucomarca.com\/wordpress\/segunda\/?p=212511"},"modified":"2024-02-26T19:53:05","modified_gmt":"2024-02-26T18:53:05","slug":"minut-de-silenci-davant-les-portes-de-lajuntament-de-benaguasil-en-memoria-de-les-victimes-de-lincendi-de-campanar","status":"publish","type":"post","link":"https:\/\/www.tucomarca.com\/wordpress\/segunda\/ca\/minut-de-silenci-davant-les-portes-de-lajuntament-de-benaguasil-en-memoria-de-les-victimes-de-lincendi-de-campanar\/","title":{"rendered":"Minut de silenci davant les portes de l&#8217;Ajuntament de Benaguasil en mem\u00f2ria de les v\u00edctimes de l&#8217;incendi de Campanar"},"content":{"rendered":"\n<p>Benaguasil s&#8217;ha sumat al minut de silenci, convocat a les portes del consistori, en mem\u00f2ria de les v\u00edctimes del tr\u00e0gic incendi en el barri de Campanar de Val\u00e8ncia, mostrant tot el seu suport i solidaritat a les fam\u00edlies, amics i companys de les v\u00edctimes.<\/p>\n\n\n\n<figure class=\"wp-block-image size-full\"><img loading=\"lazy\" decoding=\"async\" width=\"886\" height=\"665\" src=\"http:\/\/www.tucomarca.com\/wordpress\/segunda\/wp-content\/uploads\/2024\/02\/BenaguasilMinutoSilencio1.jpg\" alt=\"\" class=\"wp-image-212506\" srcset=\"https:\/\/www.tucomarca.com\/wordpress\/segunda\/wp-content\/uploads\/2024\/02\/BenaguasilMinutoSilencio1.jpg 886w, https:\/\/www.tucomarca.com\/wordpress\/segunda\/wp-content\/uploads\/2024\/02\/BenaguasilMinutoSilencio1-300x225.jpg 300w, https:\/\/www.tucomarca.com\/wordpress\/segunda\/wp-content\/uploads\/2024\/02\/BenaguasilMinutoSilencio1-768x576.jpg 768w, https:\/\/www.tucomarca.com\/wordpress\/segunda\/wp-content\/uploads\/2024\/02\/BenaguasilMinutoSilencio1-678x509.jpg 678w, https:\/\/www.tucomarca.com\/wordpress\/segunda\/wp-content\/uploads\/2024\/02\/BenaguasilMinutoSilencio1-326x245.jpg 326w, https:\/\/www.tucomarca.com\/wordpress\/segunda\/wp-content\/uploads\/2024\/02\/BenaguasilMinutoSilencio1-80x60.jpg 80w\" sizes=\"auto, (max-width: 886px) 100vw, 886px\" \/><\/figure>\n","protected":false},"excerpt":{"rendered":"<div class=\"mh-excerpt\">Benaguasil s&#8217;ha sumat al minut de silenci, convocat a les portes del consistori, en mem\u00f2ria de les v\u00edctimes del tr\u00e0gic incendi en el barri de Campanar de Val\u00e8ncia, mostrant tot el seu suport i solidaritat <a class=\"mh-excerpt-more\" href=\"https:\/\/www.tucomarca.com\/wordpress\/segunda\/ca\/minut-de-silenci-davant-les-portes-de-lajuntament-de-benaguasil-en-memoria-de-les-victimes-de-lincendi-de-campanar\/\" title=\"Minut de silenci davant les portes de l&#8217;Ajuntament de Benaguasil en mem\u00f2ria de les v\u00edctimes de l&#8217;incendi de Campanar\">[+] <\/a><\/div>\n","protected":false},"author":12,"featured_media":212509,"comment_status":"open","ping_status":"open","sticky":false,"template":"","format":"standard","meta":{"footnotes":""},"categories":[10952,10892,10894,10947,10896,10897],"tags":[11136,10899],"class_list":{"0":"post-212511","1":"post","2":"type-post","3":"status-publish","4":"format-standard","5":"has-post-thumbnail","7":"category-benaguasil-ca","8":"category-camp-de-turia-ca","9":"category-la-comarca-ca","10":"category-politica","11":"category-seccion-ca","12":"category-sucesos-la-comarca-ca","13":"tag-benaguasil-ca","14":"tag-camp-de-turia-ca"},"_links":{"self":[{"href":"https:\/\/www.tucomarca.com\/wordpress\/segunda\/ca\/wp-json\/wp\/v2\/posts\/212511","targetHints":{"allow":["GET"]}}],"collection":[{"href":"https:\/\/www.tucomarca.com\/wordpress\/segunda\/ca\/wp-json\/wp\/v2\/posts"}],"about":[{"href":"https:\/\/www.tucomarca.com\/wordpress\/segunda\/ca\/wp-json\/wp\/v2\/types\/post"}],"author":[{"embeddable":true,"href":"https:\/\/www.tucomarca.com\/wordpress\/segunda\/ca\/wp-json\/wp\/v2\/users\/12"}],"replies":[{"embeddable":true,"href":"https:\/\/www.tucomarca.com\/wordpress\/segunda\/ca\/wp-json\/wp\/v2\/comments?post=212511"}],"version-history":[{"count":0,"href":"https:\/\/www.tucomarca.com\/wordpress\/segunda\/ca\/wp-json\/wp\/v2\/posts\/212511\/revisions"}],"wp:featuredmedia":[{"embeddable":true,"href":"https:\/\/www.tucomarca.com\/wordpress\/segunda\/ca\/wp-json\/wp\/v2\/media\/212509"}],"wp:attachment":[{"href":"https:\/\/www.tucomarca.com\/wordpress\/segunda\/ca\/wp-json\/wp\/v2\/media?parent=212511"}],"wp:term":[{"taxonomy":"category","embeddable":true,"href":"https:\/\/www.tucomarca.com\/wordpress\/segunda\/ca\/wp-json\/wp\/v2\/categories?post=212511"},{"taxonomy":"post_tag","embeddable":true,"href":"https:\/\/www.tucomarca.com\/wordpress\/segunda\/ca\/wp-json\/wp\/v2\/tags?post=212511"}],"curies":[{"name":"wp","href":"https:\/\/api.w.org\/{rel}","templated":true}]}}