{"id":212582,"date":"2024-02-27T12:00:00","date_gmt":"2024-02-27T11:00:00","guid":{"rendered":"https:\/\/www.tucomarca.com\/wordpress\/segunda\/?p=212582"},"modified":"2024-02-27T20:53:03","modified_gmt":"2024-02-27T19:53:03","slug":"el-prya-participa-en-la-historica-trobada-municipalista-a-madrid-mes-de-500-liders-locals-es-congreguen-per-a-crear-una-confederacio-municipalista-a-nivell-estatal","status":"publish","type":"post","link":"https:\/\/www.tucomarca.com\/wordpress\/segunda\/ca\/el-prya-participa-en-la-historica-trobada-municipalista-a-madrid-mes-de-500-liders-locals-es-congreguen-per-a-crear-una-confederacio-municipalista-a-nivell-estatal\/","title":{"rendered":"El PRyA participa en la hist\u00f2rica trobada municipalista a Madrid per a crear una Confederaci\u00f3 Municipalista a nivell estatal"},"content":{"rendered":"\n<p>Dissabte passat, a l&#8217;Hotel Novotel Center de Madrid, es va dur a terme una trobada sense precedents per al municipalisme espanyol. M\u00e9s de 500 alcaldes, regidors i diputats provincials, tots independents i representants de cada rac\u00f3 del pa\u00eds, s&#8217;han reunit en una convenci\u00f3 que transcendeix les divisions geogr\u00e0fiques i partidistes, abordant de front els desafiaments actuals que enfronta el municipalisme.<\/p>\n\n\n\n<figure class=\"wp-block-image size-full\"><img loading=\"lazy\" decoding=\"async\" width=\"720\" height=\"385\" src=\"http:\/\/www.tucomarca.com\/wordpress\/segunda\/wp-content\/uploads\/2024\/02\/MunicipalistasPRyA.jpg\" alt=\"\" class=\"wp-image-212576\" srcset=\"https:\/\/www.tucomarca.com\/wordpress\/segunda\/wp-content\/uploads\/2024\/02\/MunicipalistasPRyA.jpg 720w, https:\/\/www.tucomarca.com\/wordpress\/segunda\/wp-content\/uploads\/2024\/02\/MunicipalistasPRyA-300x160.jpg 300w\" sizes=\"auto, (max-width: 720px) 100vw, 720px\" \/><\/figure>\n\n\n\n<figure class=\"wp-block-gallery has-nested-images columns-default is-cropped wp-block-gallery-1 is-layout-flex wp-block-gallery-is-layout-flex\">\n<figure class=\"wp-block-image size-full\"><img loading=\"lazy\" decoding=\"async\" width=\"1600\" height=\"1200\" data-id=\"212572\" src=\"http:\/\/www.tucomarca.com\/wordpress\/segunda\/wp-content\/uploads\/2024\/02\/Municipalistas5.jpg\" alt=\"\" class=\"wp-image-212572\" srcset=\"https:\/\/www.tucomarca.com\/wordpress\/segunda\/wp-content\/uploads\/2024\/02\/Municipalistas5.jpg 1600w, https:\/\/www.tucomarca.com\/wordpress\/segunda\/wp-content\/uploads\/2024\/02\/Municipalistas5-300x225.jpg 300w, https:\/\/www.tucomarca.com\/wordpress\/segunda\/wp-content\/uploads\/2024\/02\/Municipalistas5-1024x768.jpg 1024w, https:\/\/www.tucomarca.com\/wordpress\/segunda\/wp-content\/uploads\/2024\/02\/Municipalistas5-768x576.jpg 768w, https:\/\/www.tucomarca.com\/wordpress\/segunda\/wp-content\/uploads\/2024\/02\/Municipalistas5-1536x1152.jpg 1536w, https:\/\/www.tucomarca.com\/wordpress\/segunda\/wp-content\/uploads\/2024\/02\/Municipalistas5-678x509.jpg 678w, https:\/\/www.tucomarca.com\/wordpress\/segunda\/wp-content\/uploads\/2024\/02\/Municipalistas5-326x245.jpg 326w, https:\/\/www.tucomarca.com\/wordpress\/segunda\/wp-content\/uploads\/2024\/02\/Municipalistas5-80x60.jpg 80w\" sizes=\"auto, (max-width: 1600px) 100vw, 1600px\" \/><\/figure>\n\n\n\n<figure class=\"wp-block-image size-full\"><img loading=\"lazy\" decoding=\"async\" width=\"2048\" height=\"1536\" data-id=\"212570\" src=\"http:\/\/www.tucomarca.com\/wordpress\/segunda\/wp-content\/uploads\/2024\/02\/Municipalistas4.jpg\" alt=\"\" class=\"wp-image-212570\" srcset=\"https:\/\/www.tucomarca.com\/wordpress\/segunda\/wp-content\/uploads\/2024\/02\/Municipalistas4.jpg 2048w, https:\/\/www.tucomarca.com\/wordpress\/segunda\/wp-content\/uploads\/2024\/02\/Municipalistas4-300x225.jpg 300w, https:\/\/www.tucomarca.com\/wordpress\/segunda\/wp-content\/uploads\/2024\/02\/Municipalistas4-1024x768.jpg 1024w, https:\/\/www.tucomarca.com\/wordpress\/segunda\/wp-content\/uploads\/2024\/02\/Municipalistas4-768x576.jpg 768w, https:\/\/www.tucomarca.com\/wordpress\/segunda\/wp-content\/uploads\/2024\/02\/Municipalistas4-1536x1152.jpg 1536w, https:\/\/www.tucomarca.com\/wordpress\/segunda\/wp-content\/uploads\/2024\/02\/Municipalistas4-678x509.jpg 678w, https:\/\/www.tucomarca.com\/wordpress\/segunda\/wp-content\/uploads\/2024\/02\/Municipalistas4-326x245.jpg 326w, https:\/\/www.tucomarca.com\/wordpress\/segunda\/wp-content\/uploads\/2024\/02\/Municipalistas4-80x60.jpg 80w\" sizes=\"auto, (max-width: 2048px) 100vw, 2048px\" \/><\/figure>\n<\/figure>\n\n\n\n<p>La jornada, en la qual va participar el&nbsp;Partit&nbsp;<strong>de Requena i Llogarets<\/strong> (<strong>PRyA),<\/strong>&nbsp;es va iniciar amb un minut de silenci per les v\u00edctimes de l&#8217;incendi ocorregut a Val\u00e8ncia, per part seua, David Garc\u00eda, alcalde de Nules, ha sigut l&#8217;encarregat d&#8217;inaugurar l&#8217;acte expressant la seua gratitud: \u201cFa escassos mesos aix\u00f2 era un somni, hui s&#8217;ha materialitzat en una realitat. Hui ens hem reunit els representants de la for\u00e7a municipalista, la tercera for\u00e7a del pa\u00eds en nombre de c\u00e0rrecs p\u00fablics en l&#8217;\u00e0mbit local\u201d.&nbsp;<\/p>\n\n\n\n<p>Despr\u00e9s de la benvinguda, han tingut lloc tres taules redones que han abordat els reptes, problem\u00e0tiques i desafiaments a curt i mitj\u00e0 termini del municipalisme, aix\u00ed com la necessitat de cooperaci\u00f3 i col\u00b7laboraci\u00f3 per a un municipalisme organitzat. En la primera han participat els alcaldes de la L\u00ednia de la Concepci\u00f3, Juan Franco; Jes\u00fas Gim\u00e9nez, regidor a Cartagena; Alfredo Garc\u00eda-Plata, ex alcalde i actual regidor en Torrelodones; Mar\u00eda Dolores Almarcha, alcaldessa de Montealegre del Castillo; Montse Cervera, alcaldessa de Loriguilla; i ha estat moderada per \u00c1ngel Montealegre, president de UCIN. En la segona han participat Ana Sala, alcaldessa de Calp; Jorge Rodr\u00edguez, alcalde d&#8217;Ontinyent; Gin\u00e9s Campillo, alcalde de Mazarr\u00f3n; Iv\u00e1n Fern\u00e1ndez, alcalde de Serranillos de la Vall; \u00d3scar Hern\u00e1ndez, alcalde de Ag\u00fcimes; i ha sigut moderada per Ana Calatayud, regidor a Carcaixent.<\/p>\n\n\n\n<p>En la mateixa l\u00ednia, tamb\u00e9 s&#8217;ha abordat la import\u00e0ncia de la pres\u00e8ncia del municipalisme en les Diputacions Provincials i Cap\u00edtols Insulars per a assegurar que les veus locals siguen escoltades. Sobre aquest tema, han participat en aquesta taula Natalia Enguix, vicepresidenta primera de la Diputaci\u00f3 de Val\u00e8ncia; Javier Vidal, vicepresident segon de la Diputaci\u00f3 de Cadis; Eloy Vaig prendre, diputat provincial a Zamora; Bel\u00e9n Esteban, diputada provincial de Burgos; Pere Garriga, diputat provincial de Girona; i ha sigut moderada per Antonio Linaje, alcalde d&#8217;Aranda de Duero.<\/p>\n\n\n\n<p>En la segona part de la convenci\u00f3 s&#8217;ha dut a terme l&#8217;assemblea constituent de la Confederaci\u00f3 Municipalista. S&#8217;han llegit els partits assistents promotors, entre els quals figura el&nbsp;<strong>PRyA,<\/strong>&nbsp;i s&#8217;ha constitu\u00eft la mesa de l&#8217;assemblea constituent. Per unanimitat, s&#8217;han aprovat el manifest fundacional i els estatuts i el nom d&#8217;Uni\u00f3&nbsp;<strong>Municipalista<\/strong>&nbsp;per a la nova confederaci\u00f3.<\/p>\n\n\n\n<p>Per a la seua clausura, s&#8217;ha triat l&#8217;Executiva i una Comissi\u00f3 de Garanties. L&#8217;alcalde de Nules, David Garc\u00eda, ha sigut nomenat primer president de la&nbsp;<strong>Uni\u00f3 Municipalista<\/strong>. Amb tot aix\u00f2, s&#8217;ha completat un dia hist\u00f2ric i transformador per al municipalisme espanyol.&nbsp;<\/p>\n\n\n\n<p>Per al PRyA&nbsp;<strong><\/strong>, &#8220;aquesta trobada hist\u00f2rica marca un punt d&#8217;inflexi\u00f3 per al municipalisme a Espanya, unint a l\u00edders locals de diverses proced\u00e8ncies en un objectiu com\u00fa d&#8217;enfortir els nostres municipis i ciutats, i representar millor als nostres ciutadans. En aquest sentit, emocionats pel futur d&#8217;aquesta Confederaci\u00f3 Municipalista i compromesos a treballar junts per a fer que les nostres veus s&#8217;escolten encara m\u00e9s forta en tots els nivells de govern&#8221;.<\/p>\n\n\n\n<p>&#8220;Des del Partit&nbsp;<strong>de Requena i Llogarets<\/strong>&nbsp;estem enormement satisfets amb la creaci\u00f3 de la&nbsp;<strong>Uni\u00f3 Municipalista,<\/strong>&nbsp;ja que aix\u00ed aconseguim una estructura regional i nacional que abans no ten\u00edem i tot aix\u00f2 sense renunciar al nostre nom, les nostres sigles i la nostra independ\u00e8ncia com a partit local a Requena i els seus 25 llogarets&#8221;.<\/p>\n","protected":false},"excerpt":{"rendered":"<div class=\"mh-excerpt\">Dissabte passat, a l&#8217;Hotel Novotel Center de Madrid, es va dur a terme una trobada sense precedents per al municipalisme espanyol. M\u00e9s de 500 alcaldes, regidors i diputats provincials, tots independents i representants de cada <a class=\"mh-excerpt-more\" href=\"https:\/\/www.tucomarca.com\/wordpress\/segunda\/ca\/el-prya-participa-en-la-historica-trobada-municipalista-a-madrid-mes-de-500-liders-locals-es-congreguen-per-a-crear-una-confederacio-municipalista-a-nivell-estatal\/\" title=\"El PRyA participa en la hist\u00f2rica trobada municipalista a Madrid per a crear una Confederaci\u00f3 Municipalista a nivell estatal\">[+] <\/a><\/div>\n","protected":false},"author":12,"featured_media":212575,"comment_status":"open","ping_status":"open","sticky":false,"template":"","format":"gallery","meta":{"footnotes":""},"categories":[10894,10947,10908,10909,10896],"tags":[12796,11099,10910],"class_list":{"0":"post-212582","1":"post","2":"type-post","3":"status-publish","4":"format-gallery","5":"has-post-thumbnail","7":"category-la-comarca-ca","8":"category-politica","9":"category-requena-ca","10":"category-requena-utiel-ca","11":"category-seccion-ca","12":"tag-prya-ca","13":"tag-requena-ca","14":"tag-requena-utiel-ca","15":"post_format-post-format-gallery"},"_links":{"self":[{"href":"https:\/\/www.tucomarca.com\/wordpress\/segunda\/ca\/wp-json\/wp\/v2\/posts\/212582","targetHints":{"allow":["GET"]}}],"collection":[{"href":"https:\/\/www.tucomarca.com\/wordpress\/segunda\/ca\/wp-json\/wp\/v2\/posts"}],"about":[{"href":"https:\/\/www.tucomarca.com\/wordpress\/segunda\/ca\/wp-json\/wp\/v2\/types\/post"}],"author":[{"embeddable":true,"href":"https:\/\/www.tucomarca.com\/wordpress\/segunda\/ca\/wp-json\/wp\/v2\/users\/12"}],"replies":[{"embeddable":true,"href":"https:\/\/www.tucomarca.com\/wordpress\/segunda\/ca\/wp-json\/wp\/v2\/comments?post=212582"}],"version-history":[{"count":0,"href":"https:\/\/www.tucomarca.com\/wordpress\/segunda\/ca\/wp-json\/wp\/v2\/posts\/212582\/revisions"}],"wp:featuredmedia":[{"embeddable":true,"href":"https:\/\/www.tucomarca.com\/wordpress\/segunda\/ca\/wp-json\/wp\/v2\/media\/212575"}],"wp:attachment":[{"href":"https:\/\/www.tucomarca.com\/wordpress\/segunda\/ca\/wp-json\/wp\/v2\/media?parent=212582"}],"wp:term":[{"taxonomy":"category","embeddable":true,"href":"https:\/\/www.tucomarca.com\/wordpress\/segunda\/ca\/wp-json\/wp\/v2\/categories?post=212582"},{"taxonomy":"post_tag","embeddable":true,"href":"https:\/\/www.tucomarca.com\/wordpress\/segunda\/ca\/wp-json\/wp\/v2\/tags?post=212582"}],"curies":[{"name":"wp","href":"https:\/\/api.w.org\/{rel}","templated":true}]}}