{"id":212601,"date":"2024-02-27T11:15:00","date_gmt":"2024-02-27T10:15:00","guid":{"rendered":"https:\/\/www.tucomarca.com\/wordpress\/segunda\/?p=212601"},"modified":"2024-02-27T20:07:40","modified_gmt":"2024-02-27T19:07:40","slug":"el-cd-bunyol-incorpora-a-jorge-veintimilla-a-la-seua-linia-datac","status":"publish","type":"post","link":"https:\/\/www.tucomarca.com\/wordpress\/segunda\/ca\/el-cd-bunyol-incorpora-a-jorge-veintimilla-a-la-seua-linia-datac\/","title":{"rendered":"El CD Bunyol incorpora a Jorge Veintimilla a la seua l\u00ednia d&#8217;atac"},"content":{"rendered":"\n<p>La directiva del Club Esportiu Bunyol ha anunciat aquestes setmana el fitxatge d&#8217;un nou jugador per a refor\u00e7ar la seua l\u00ednia d&#8217;atac. Es tracta de Jorge Veintimilla Mart\u00ednez (11 d&#8217;abril de 2000), &#8220;un mig centre ofensiu, que pot jugar tamb\u00e9 tant de lateral com d&#8217;extrem&#8221;, tal com han informat des del CD Bunyol.&nbsp;<\/p>\n\n\n\n<p>Jorge Veintimilla prov\u00e9 de l&#8217;equip de Tercera Divisi\u00f3 CD Soneja, &#8220;amb el qual va aconseguir la passada temporada l&#8217;ascens i la copa. Tamb\u00e9 ha passat per equips com a Recanvis Col\u00f3n i CD Benicarl\u00f3, en Tercera Divisi\u00f3; i va arribar a debutar amb el CD Castell\u00f3 en Segona B&#8221;, segons han destacat des del club blanc.<\/p>\n\n\n\n<p>Es tracta d&#8217;un &#8220;jugador jove i h\u00e0bil, que segur far\u00e0 gaudir als aficionats del Beltr\u00e1n. Estem molt contents que hages apostat pel projecte del CD Bunyol. Jorge, benvingut a l&#8217;infern del Beltr\u00e1n&#8221;, han finalitzat des del club.<\/p>\n","protected":false},"excerpt":{"rendered":"<div class=\"mh-excerpt\">La directiva del Club Esportiu Bunyol ha anunciat aquestes setmana el fitxatge d&#8217;un nou jugador per a refor\u00e7ar la seua l\u00ednia d&#8217;atac. Es tracta de Jorge Veintimilla Mart\u00ednez (11 d&#8217;abril de 2000), &#8220;un mig centre <a class=\"mh-excerpt-more\" href=\"https:\/\/www.tucomarca.com\/wordpress\/segunda\/ca\/el-cd-bunyol-incorpora-a-jorge-veintimilla-a-la-seua-linia-datac\/\" title=\"El CD Bunyol incorpora a Jorge Veintimilla a la seua l\u00ednia d&#8217;atac\">[+] <\/a><\/div>\n","protected":false},"author":1,"featured_media":212599,"comment_status":"open","ping_status":"open","sticky":false,"template":"","format":"standard","meta":{"footnotes":""},"categories":[10911,11015,11003,10912,10896],"tags":[10913,12430,10914],"class_list":{"0":"post-212601","1":"post","2":"type-post","3":"status-publish","4":"format-standard","5":"has-post-thumbnail","7":"category-bunol-ca","8":"category-canal-futbol","9":"category-sports","10":"category-la-hoya-ca","11":"category-seccion-ca","12":"tag-bunol-ca","13":"tag-cd-bunol-fichajes-ca","14":"tag-la-hoya-de-bunol-chiva-ca"},"_links":{"self":[{"href":"https:\/\/www.tucomarca.com\/wordpress\/segunda\/ca\/wp-json\/wp\/v2\/posts\/212601","targetHints":{"allow":["GET"]}}],"collection":[{"href":"https:\/\/www.tucomarca.com\/wordpress\/segunda\/ca\/wp-json\/wp\/v2\/posts"}],"about":[{"href":"https:\/\/www.tucomarca.com\/wordpress\/segunda\/ca\/wp-json\/wp\/v2\/types\/post"}],"author":[{"embeddable":true,"href":"https:\/\/www.tucomarca.com\/wordpress\/segunda\/ca\/wp-json\/wp\/v2\/users\/1"}],"replies":[{"embeddable":true,"href":"https:\/\/www.tucomarca.com\/wordpress\/segunda\/ca\/wp-json\/wp\/v2\/comments?post=212601"}],"version-history":[{"count":0,"href":"https:\/\/www.tucomarca.com\/wordpress\/segunda\/ca\/wp-json\/wp\/v2\/posts\/212601\/revisions"}],"wp:featuredmedia":[{"embeddable":true,"href":"https:\/\/www.tucomarca.com\/wordpress\/segunda\/ca\/wp-json\/wp\/v2\/media\/212599"}],"wp:attachment":[{"href":"https:\/\/www.tucomarca.com\/wordpress\/segunda\/ca\/wp-json\/wp\/v2\/media?parent=212601"}],"wp:term":[{"taxonomy":"category","embeddable":true,"href":"https:\/\/www.tucomarca.com\/wordpress\/segunda\/ca\/wp-json\/wp\/v2\/categories?post=212601"},{"taxonomy":"post_tag","embeddable":true,"href":"https:\/\/www.tucomarca.com\/wordpress\/segunda\/ca\/wp-json\/wp\/v2\/tags?post=212601"}],"curies":[{"name":"wp","href":"https:\/\/api.w.org\/{rel}","templated":true}]}}