{"id":212614,"date":"2024-02-27T11:00:00","date_gmt":"2024-02-27T10:00:00","guid":{"rendered":"https:\/\/www.tucomarca.com\/wordpress\/segunda\/?p=212614"},"modified":"2024-02-27T13:55:48","modified_gmt":"2024-02-27T12:55:48","slug":"lajuntament-dutiel-i-la-universitat-de-valencia-uv-societat-inicien-accions-de-collaboracio","status":"publish","type":"post","link":"https:\/\/www.tucomarca.com\/wordpress\/segunda\/ca\/lajuntament-dutiel-i-la-universitat-de-valencia-uv-societat-inicien-accions-de-collaboracio\/","title":{"rendered":"L&#8217;Ajuntament d&#8217;Utiel i la Universitat de Val\u00e8ncia &#8216;UV Societat&#8217; inicien accions de col\u00b7laboraci\u00f3"},"content":{"rendered":"\n<h3 class=\"wp-block-heading\">Recentment el reconegut investigador Llorenc Alapont presentava&nbsp; a Utiel interessants descobriments del seu equip a Pompeia com l&#8217;urna funer\u00e0ria de cristall que albergava mostres del vi&nbsp; m\u00e9s antic del m\u00f3n, amb 2.000 anys d&#8217;hist\u00f2ria.<\/h3>\n\n\n\n<h3 class=\"wp-block-heading\">A l&#8217;acte assistia la Vicerectora de Cultura i Societat de la Universitat de Val\u00e8ncia, Ester Alba, acompanyada de l&#8217;alcalde d&#8217;Utiel, Ricardo Gabald\u00f3n.<\/h3>\n\n\n\n<p>La Universitat de Val\u00e8ncia, a trav\u00e9s del seu programa \u201cUniSocietat\u201d&nbsp; i l&#8217;Ajuntament d&#8217;Utiel han iniciat diferents accions de col\u00b7laboraci\u00f3 per a difondre treballs de recerca hist\u00f2ric-cultural i social.&nbsp; Recentment l&#8217;alcalde d&#8217;Utiel, Ricardo Gabald\u00f3n, es traslladava al Centre Cultural \u201cLa Nau\u201d a Val\u00e8ncia per a celebrar una reuni\u00f3 de treball amb la Vicerectora de Cultura i Societat, Ester Alba a la qual tamb\u00e9 asisit\u00eda la Delegada de la Rectora per al Programa Universitat-Societat, Mar\u00eda Dolores Pitarch; les Directores de l&#8217;\u00c0rea de Patrimoni i de la&nbsp; Biblioteca Hist\u00f2rica de la Universitat, Marisa V\u00e1zquez i Mar\u00eda Jes\u00fas Garc\u00eda-Mateu respectivament; i el professor i investigador d&#8217;hist\u00f2ria antiga de la Universitat de Val\u00e8ncia, el utielano Miguel Requena.<\/p>\n\n\n\n<p>Una trobada que ja ha donat els seus fruits amb la posada en marxa de projectes de col\u00b7laboraci\u00f3 amb Universitat i Societat que han perm\u00e9s acostar a&nbsp; Utiel interessants treballs de recerca.&nbsp;<\/p>\n\n\n\n<p><strong>Treballs de divulgaci\u00f3 a Utiel &nbsp;<\/strong><\/p>\n\n\n\n<p>La Casa de Cultura d&#8217;Utiel acollia la conferencia \u201cVida i mort, a l&#8217;ombra del Vesubio\u201d a c\u00e0rrec de l&#8217;arque\u00f2leg i investigador Lloren\u00e7 Alapont Mart\u00edn. Amb aquest acte&nbsp; tamb\u00e9 es clausurava l&#8217;exposici\u00f3 gr\u00e0fica&nbsp; \u201cMorir a Pompeia\u201d que feia parada a Utiel el passat 19 de gener amb la qual el propi director del projecte d&#8217;investigaci\u00f3 &#8220;L&#8217;arqueologia de la mort a Pompeia&#8221; traslladava als visitants les troballes d&#8217;anys d&#8217;excavaci\u00f3 al costat del seu equip.&nbsp;<\/p>\n\n\n\n<p>Interessants propostes divulgatives de car\u00e0cter hist\u00f2ric-cultural que arribaven de la m\u00e0 del departament de Cultura i Societat de la Universitat de Val\u00e8ncia i van comptar amb la participaci\u00f3 de&nbsp; la Vicerectora de \u201cUniSocietat\u201d, Ester Alba, aix\u00ed com de l&#8217;alcalde d&#8217;Utiel, Ricardo Gabald\u00f3n i la regidora de Cultura, Irene Tello.<\/p>\n\n\n\n<p>Durant la confer\u00e8ncia, l&#8217;investigador va presentar un dels descobriments m\u00e9s importants de les \u00faltimes d\u00e8cades a Pompeia: la tomba de Marcus Venerius Secundio, esclau que despr\u00e9s de rebre la seua llibertat es va convertir en un dels ciutadans m\u00e9s rics de la ciutat i va ser protagonista de la reconstrucci\u00f3 de la ciutat; i l&#8217;urna funer\u00e0ria de cristall de la seua esposa N\u00favia Amabiles on es van trobar mostres de vi que, despr\u00e9s de ser analitzades pels laboratoris d&#8217;investigaci\u00f3 de la Universitat de Val\u00e8ncia, ho confirmen com el m\u00e9s antic del m\u00f3n amb m\u00e9s de 2.000 anys d&#8217;hist\u00f2ria.<\/p>\n","protected":false},"excerpt":{"rendered":"<div class=\"mh-excerpt\">Recentment el reconegut investigador Llorenc Alapont presentava&nbsp; a Utiel interessants descobriments del seu equip a Pompeia com l&#8217;urna funer\u00e0ria de cristall que albergava mostres del vi&nbsp; m\u00e9s antic del m\u00f3n, amb 2.000 anys d&#8217;hist\u00f2ria. A <a class=\"mh-excerpt-more\" href=\"https:\/\/www.tucomarca.com\/wordpress\/segunda\/ca\/lajuntament-dutiel-i-la-universitat-de-valencia-uv-societat-inicien-accions-de-collaboracio\/\" title=\"L&#8217;Ajuntament d&#8217;Utiel i la Universitat de Val\u00e8ncia &#8216;UV Societat&#8217; inicien accions de col\u00b7laboraci\u00f3\">[+] <\/a><\/div>\n","protected":false},"author":12,"featured_media":212613,"comment_status":"open","ping_status":"open","sticky":false,"template":"","format":"standard","meta":{"footnotes":""},"categories":[10894,11007,10947,10909,10896,11059],"tags":[10910,12457,11174],"class_list":{"0":"post-212614","1":"post","2":"type-post","3":"status-publish","4":"format-standard","5":"has-post-thumbnail","7":"category-la-comarca-ca","8":"category-ocio-y-cultura-ca","9":"category-politica","10":"category-requena-utiel-ca","11":"category-seccion-ca","12":"category-utiel-ca","13":"tag-requena-utiel-ca","14":"tag-universitat-de-valencia-ca","15":"tag-utiel-ca"},"_links":{"self":[{"href":"https:\/\/www.tucomarca.com\/wordpress\/segunda\/ca\/wp-json\/wp\/v2\/posts\/212614","targetHints":{"allow":["GET"]}}],"collection":[{"href":"https:\/\/www.tucomarca.com\/wordpress\/segunda\/ca\/wp-json\/wp\/v2\/posts"}],"about":[{"href":"https:\/\/www.tucomarca.com\/wordpress\/segunda\/ca\/wp-json\/wp\/v2\/types\/post"}],"author":[{"embeddable":true,"href":"https:\/\/www.tucomarca.com\/wordpress\/segunda\/ca\/wp-json\/wp\/v2\/users\/12"}],"replies":[{"embeddable":true,"href":"https:\/\/www.tucomarca.com\/wordpress\/segunda\/ca\/wp-json\/wp\/v2\/comments?post=212614"}],"version-history":[{"count":0,"href":"https:\/\/www.tucomarca.com\/wordpress\/segunda\/ca\/wp-json\/wp\/v2\/posts\/212614\/revisions"}],"wp:featuredmedia":[{"embeddable":true,"href":"https:\/\/www.tucomarca.com\/wordpress\/segunda\/ca\/wp-json\/wp\/v2\/media\/212613"}],"wp:attachment":[{"href":"https:\/\/www.tucomarca.com\/wordpress\/segunda\/ca\/wp-json\/wp\/v2\/media?parent=212614"}],"wp:term":[{"taxonomy":"category","embeddable":true,"href":"https:\/\/www.tucomarca.com\/wordpress\/segunda\/ca\/wp-json\/wp\/v2\/categories?post=212614"},{"taxonomy":"post_tag","embeddable":true,"href":"https:\/\/www.tucomarca.com\/wordpress\/segunda\/ca\/wp-json\/wp\/v2\/tags?post=212614"}],"curies":[{"name":"wp","href":"https:\/\/api.w.org\/{rel}","templated":true}]}}