{"id":212680,"date":"2024-02-27T14:00:00","date_gmt":"2024-02-27T13:00:00","guid":{"rendered":"https:\/\/www.tucomarca.com\/wordpress\/segunda\/?p=212680"},"modified":"2024-02-27T20:42:15","modified_gmt":"2024-02-27T19:42:15","slug":"nuria-espeleta-i-paula-valencia-ja-regnen-com-a-falleres-majors-de-placa-del-mercat-de-turis","status":"publish","type":"post","link":"https:\/\/www.tucomarca.com\/wordpress\/segunda\/ca\/nuria-espeleta-i-paula-valencia-ja-regnen-com-a-falleres-majors-de-placa-del-mercat-de-turis\/","title":{"rendered":"N\u00faria Espeleta i Paula Val\u00e8ncia ja regnen com a Falleres Majors de Pla\u00e7a del Mercat de Tur\u00eds"},"content":{"rendered":"\n<p>El teatre Ideal de Tur\u00eds ha sigut l&#8217;escenari de l&#8217;exaltaci\u00f3 de la Fallera Major Infantil de la comissi\u00f3 Pla\u00e7a del Mercat. La xiqueta Nuria Espeleta, acompanyada pel President Infantil, Jordi Garc\u00eda Valle, ha sigut presentada en aquest acte inoblidable per a ells i les seues fam\u00edlies, en el qual tamb\u00e9 s&#8217;ha donat a con\u00e9ixer la cort d&#8217;honor que acompanyar\u00e0 a N\u00faria i Jordi durant aquest 2024.<\/p>\n\n\n\n<p>Per a finalitzar la presentaci\u00f3, la comissi\u00f3 del Mercat ha posat sobre les taules de l&#8217;Ideal l&#8217;espectacle \u00abH\u00e8rcules\u00bb.<\/p>\n\n\n\n<p>Aix\u00ed mateix la comissi\u00f3 Pla\u00e7a de Mercat de Tur\u00eds ha tancat les presentacions falleres en el municipi amb la presentaci\u00f3 de la seua Fallera Major, Paula Val\u00e8ncia, acompanyada pels seus presidents Jose Garc\u00eda i Mois\u00e9s Renovell.<\/p>\n\n\n\n<p>El teatre Ideal de Tur\u00eds ha sigut l&#8217;escenari de l&#8217;exaltaci\u00f3 de la Fallera Major de la comissi\u00f3 Pla\u00e7a del Mercat en la qual Paula ha viscut moments inoblidables per a ella, la seua comissi\u00f3 i la seua fam\u00edlia, despr\u00e9s de rebre en l&#8217;escenari a la seua cort i les emotives paraules de persones que la volen.<\/p>\n\n\n\n<p>Despr\u00e9s del solemne acte de presentaci\u00f3 va arribar la segona part en la qual la comissi\u00f3 represente el musical \u00ab20 d\u2019abril del 90. El musical del 80 i 90\u00bb que va posar la rematada final a una vetlada perfecta, que tindr\u00e0 la seua continu\u00eftat amb la Crida, aquest pr\u00f2xim cap de setmana.<\/p>\n\n\n\n<figure class=\"wp-block-gallery has-nested-images columns-1 is-cropped wp-block-gallery-1 is-layout-flex wp-block-gallery-is-layout-flex\">\n<figure class=\"wp-block-image size-large\"><img loading=\"lazy\" decoding=\"async\" width=\"886\" height=\"589\" data-id=\"212667\" src=\"https:\/\/www.tucomarca.com\/wordpress\/segunda\/wp-content\/uploads\/2024\/02\/MercatPresen02.jpg\" alt=\"\" class=\"wp-image-212667\" srcset=\"https:\/\/www.tucomarca.com\/wordpress\/segunda\/wp-content\/uploads\/2024\/02\/MercatPresen02.jpg 886w, https:\/\/www.tucomarca.com\/wordpress\/segunda\/wp-content\/uploads\/2024\/02\/MercatPresen02-300x199.jpg 300w, https:\/\/www.tucomarca.com\/wordpress\/segunda\/wp-content\/uploads\/2024\/02\/MercatPresen02-768x511.jpg 768w\" sizes=\"auto, (max-width: 886px) 100vw, 886px\" \/><\/figure>\n\n\n\n<figure class=\"wp-block-image size-large\"><img loading=\"lazy\" decoding=\"async\" width=\"886\" height=\"569\" data-id=\"212673\" src=\"https:\/\/www.tucomarca.com\/wordpress\/segunda\/wp-content\/uploads\/2024\/02\/MercatPresen03.jpg\" alt=\"\" class=\"wp-image-212673\" srcset=\"https:\/\/www.tucomarca.com\/wordpress\/segunda\/wp-content\/uploads\/2024\/02\/MercatPresen03.jpg 886w, https:\/\/www.tucomarca.com\/wordpress\/segunda\/wp-content\/uploads\/2024\/02\/MercatPresen03-300x193.jpg 300w, https:\/\/www.tucomarca.com\/wordpress\/segunda\/wp-content\/uploads\/2024\/02\/MercatPresen03-768x493.jpg 768w\" sizes=\"auto, (max-width: 886px) 100vw, 886px\" \/><\/figure>\n\n\n\n<figure class=\"wp-block-image size-large\"><img loading=\"lazy\" decoding=\"async\" width=\"886\" height=\"599\" data-id=\"212669\" src=\"https:\/\/www.tucomarca.com\/wordpress\/segunda\/wp-content\/uploads\/2024\/02\/MercatPresen05.jpg\" alt=\"\" class=\"wp-image-212669\" srcset=\"https:\/\/www.tucomarca.com\/wordpress\/segunda\/wp-content\/uploads\/2024\/02\/MercatPresen05.jpg 886w, https:\/\/www.tucomarca.com\/wordpress\/segunda\/wp-content\/uploads\/2024\/02\/MercatPresen05-300x203.jpg 300w, https:\/\/www.tucomarca.com\/wordpress\/segunda\/wp-content\/uploads\/2024\/02\/MercatPresen05-768x519.jpg 768w\" sizes=\"auto, (max-width: 886px) 100vw, 886px\" \/><\/figure>\n\n\n\n<figure class=\"wp-block-image size-large\"><img loading=\"lazy\" decoding=\"async\" width=\"886\" height=\"552\" data-id=\"212675\" src=\"https:\/\/www.tucomarca.com\/wordpress\/segunda\/wp-content\/uploads\/2024\/02\/MercatPresen04.jpg\" alt=\"\" class=\"wp-image-212675\" srcset=\"https:\/\/www.tucomarca.com\/wordpress\/segunda\/wp-content\/uploads\/2024\/02\/MercatPresen04.jpg 886w, https:\/\/www.tucomarca.com\/wordpress\/segunda\/wp-content\/uploads\/2024\/02\/MercatPresen04-300x187.jpg 300w, https:\/\/www.tucomarca.com\/wordpress\/segunda\/wp-content\/uploads\/2024\/02\/MercatPresen04-768x478.jpg 768w\" sizes=\"auto, (max-width: 886px) 100vw, 886px\" \/><\/figure>\n<\/figure>\n","protected":false},"excerpt":{"rendered":"<div class=\"mh-excerpt\">El teatre Ideal de Tur\u00eds ha sigut l&#8217;escenari de l&#8217;exaltaci\u00f3 de la Fallera Major Infantil de la comissi\u00f3 Pla\u00e7a del Mercat. La xiqueta Nuria Espeleta, acompanyada pel President Infantil, Jordi Garc\u00eda Valle, ha sigut presentada <a class=\"mh-excerpt-more\" href=\"https:\/\/www.tucomarca.com\/wordpress\/segunda\/ca\/nuria-espeleta-i-paula-valencia-ja-regnen-com-a-falleres-majors-de-placa-del-mercat-de-turis\/\" title=\"N\u00faria Espeleta i Paula Val\u00e8ncia ja regnen com a Falleres Majors de Pla\u00e7a del Mercat de Tur\u00eds\">[+] <\/a><\/div>\n","protected":false},"author":12,"featured_media":212672,"comment_status":"open","ping_status":"open","sticky":false,"template":"","format":"gallery","meta":{"footnotes":""},"categories":[10894,10902,11007,11008,11047],"tags":[20354,19154,11356],"class_list":{"0":"post-212680","1":"post","2":"type-post","3":"status-publish","4":"format-gallery","5":"has-post-thumbnail","7":"category-la-comarca-ca","8":"category-la-ribera-ca","9":"category-ocio-y-cultura-ca","10":"category-pueblos-en-fiestas-ca","11":"category-turis-ca","12":"tag-falla-placa-del-marques-ca","13":"tag-fallas-2024-ca","14":"tag-ribera-alta-ca","15":"post_format-post-format-gallery"},"_links":{"self":[{"href":"https:\/\/www.tucomarca.com\/wordpress\/segunda\/ca\/wp-json\/wp\/v2\/posts\/212680","targetHints":{"allow":["GET"]}}],"collection":[{"href":"https:\/\/www.tucomarca.com\/wordpress\/segunda\/ca\/wp-json\/wp\/v2\/posts"}],"about":[{"href":"https:\/\/www.tucomarca.com\/wordpress\/segunda\/ca\/wp-json\/wp\/v2\/types\/post"}],"author":[{"embeddable":true,"href":"https:\/\/www.tucomarca.com\/wordpress\/segunda\/ca\/wp-json\/wp\/v2\/users\/12"}],"replies":[{"embeddable":true,"href":"https:\/\/www.tucomarca.com\/wordpress\/segunda\/ca\/wp-json\/wp\/v2\/comments?post=212680"}],"version-history":[{"count":0,"href":"https:\/\/www.tucomarca.com\/wordpress\/segunda\/ca\/wp-json\/wp\/v2\/posts\/212680\/revisions"}],"wp:featuredmedia":[{"embeddable":true,"href":"https:\/\/www.tucomarca.com\/wordpress\/segunda\/ca\/wp-json\/wp\/v2\/media\/212672"}],"wp:attachment":[{"href":"https:\/\/www.tucomarca.com\/wordpress\/segunda\/ca\/wp-json\/wp\/v2\/media?parent=212680"}],"wp:term":[{"taxonomy":"category","embeddable":true,"href":"https:\/\/www.tucomarca.com\/wordpress\/segunda\/ca\/wp-json\/wp\/v2\/categories?post=212680"},{"taxonomy":"post_tag","embeddable":true,"href":"https:\/\/www.tucomarca.com\/wordpress\/segunda\/ca\/wp-json\/wp\/v2\/tags?post=212680"}],"curies":[{"name":"wp","href":"https:\/\/api.w.org\/{rel}","templated":true}]}}