{"id":212713,"date":"2024-02-28T10:00:00","date_gmt":"2024-02-28T09:00:00","guid":{"rendered":"https:\/\/www.tucomarca.com\/wordpress\/segunda\/?p=212713"},"modified":"2024-02-28T11:18:47","modified_gmt":"2024-02-28T10:18:47","slug":"xiva-aprova-en-el-ple-impulsar-la-seua-festa-mes-emblematica-el-bou-de-corda","status":"publish","type":"post","link":"https:\/\/www.tucomarca.com\/wordpress\/segunda\/ca\/xiva-aprova-en-el-ple-impulsar-la-seua-festa-mes-emblematica-el-bou-de-corda\/","title":{"rendered":"Xiva aprova en el ple impulsar la seua festa m\u00e9s emblem\u00e0tica: el bou de corda"},"content":{"rendered":"\n<h3 class=\"wp-block-heading\">Xiva celebra la seua sessi\u00f3 plen\u00e0ria corresponent al mes de febrer.<\/h3>\n\n\n\n<p>El ple ordinari de l&#8217;Ajuntament de Xiva corresponent al mes de febrer ha aprovat, entre altres temes, l&#8217;adhesi\u00f3 de l&#8217;ajuntament de Xiva a la Ruta Nacional del Bou de Corda.<\/p>\n\n\n\n<p>La mesura suposa &#8220;donar un nou impuls a la festa m\u00e9s emblem\u00e0tica que se celebra en el municipi, la ruta nacional del Bou de Corda \u00e9s una proposta que contribueix a promocionar els municipis que la conformen, aportant valor a la cultura del bou de corda i a tots els atractius que l&#8217;envolten&#8221;, segons han informat fonts del consistori.<\/p>\n\n\n\n<p>En aquesta mateixa sessi\u00f3 plen\u00e0ria, l&#8217;ajuntament ha fet p\u00fablic el dictamen relatiu a la declaraci\u00f3 de nul\u00b7litat de l&#8217;acord plenari de maig de 2023 pel qual es va declarar la resoluci\u00f3 del contracte d&#8217;obra de la construcci\u00f3 del pavell\u00f3 esportiu multiusos adjudicat a l&#8217;empresa Becsa.<\/p>\n","protected":false},"excerpt":{"rendered":"<div class=\"mh-excerpt\">Xiva celebra la seua sessi\u00f3 plen\u00e0ria corresponent al mes de febrer. El ple ordinari de l&#8217;Ajuntament de Xiva corresponent al mes de febrer ha aprovat, entre altres temes, l&#8217;adhesi\u00f3 de l&#8217;ajuntament de Xiva a la <a class=\"mh-excerpt-more\" href=\"https:\/\/www.tucomarca.com\/wordpress\/segunda\/ca\/xiva-aprova-en-el-ple-impulsar-la-seua-festa-mes-emblematica-el-bou-de-corda\/\" title=\"Xiva aprova en el ple impulsar la seua festa m\u00e9s emblem\u00e0tica: el bou de corda\">[+] <\/a><\/div>\n","protected":false},"author":12,"featured_media":212712,"comment_status":"open","ping_status":"open","sticky":false,"template":"","format":"standard","meta":{"footnotes":""},"categories":[10894,10912,10947,10896,10975],"tags":[11195,10914,16714],"class_list":{"0":"post-212713","1":"post","2":"type-post","3":"status-publish","4":"format-standard","5":"has-post-thumbnail","7":"category-la-comarca-ca","8":"category-la-hoya-ca","9":"category-politica","10":"category-seccion-ca","11":"category-chiva-ca","12":"tag-chiva-ca","13":"tag-la-hoya-de-bunol-chiva-ca","14":"tag-pleno-ordinario-ca"},"_links":{"self":[{"href":"https:\/\/www.tucomarca.com\/wordpress\/segunda\/ca\/wp-json\/wp\/v2\/posts\/212713","targetHints":{"allow":["GET"]}}],"collection":[{"href":"https:\/\/www.tucomarca.com\/wordpress\/segunda\/ca\/wp-json\/wp\/v2\/posts"}],"about":[{"href":"https:\/\/www.tucomarca.com\/wordpress\/segunda\/ca\/wp-json\/wp\/v2\/types\/post"}],"author":[{"embeddable":true,"href":"https:\/\/www.tucomarca.com\/wordpress\/segunda\/ca\/wp-json\/wp\/v2\/users\/12"}],"replies":[{"embeddable":true,"href":"https:\/\/www.tucomarca.com\/wordpress\/segunda\/ca\/wp-json\/wp\/v2\/comments?post=212713"}],"version-history":[{"count":0,"href":"https:\/\/www.tucomarca.com\/wordpress\/segunda\/ca\/wp-json\/wp\/v2\/posts\/212713\/revisions"}],"wp:featuredmedia":[{"embeddable":true,"href":"https:\/\/www.tucomarca.com\/wordpress\/segunda\/ca\/wp-json\/wp\/v2\/media\/212712"}],"wp:attachment":[{"href":"https:\/\/www.tucomarca.com\/wordpress\/segunda\/ca\/wp-json\/wp\/v2\/media?parent=212713"}],"wp:term":[{"taxonomy":"category","embeddable":true,"href":"https:\/\/www.tucomarca.com\/wordpress\/segunda\/ca\/wp-json\/wp\/v2\/categories?post=212713"},{"taxonomy":"post_tag","embeddable":true,"href":"https:\/\/www.tucomarca.com\/wordpress\/segunda\/ca\/wp-json\/wp\/v2\/tags?post=212713"}],"curies":[{"name":"wp","href":"https:\/\/api.w.org\/{rel}","templated":true}]}}