{"id":212817,"date":"2024-02-28T08:30:00","date_gmt":"2024-02-28T07:30:00","guid":{"rendered":"https:\/\/www.tucomarca.com\/wordpress\/segunda\/?p=212817"},"modified":"2024-02-28T21:38:43","modified_gmt":"2024-02-28T20:38:43","slug":"la-plataforma-per-a-la-defensa-del-sector-primari-dutiel-requena-i-plataforma-agricola-6f-convoquen-una-tractorada-a-valencia-per-a-dema-dijous","status":"publish","type":"post","link":"https:\/\/www.tucomarca.com\/wordpress\/segunda\/ca\/la-plataforma-per-a-la-defensa-del-sector-primari-dutiel-requena-i-plataforma-agricola-6f-convoquen-una-tractorada-a-valencia-per-a-dema-dijous\/","title":{"rendered":"La Plataforma per a la defensa del sector primari d&#8217;Utiel-Requena i plataforma agr\u00edcola 6F convoquen una tractorada a Val\u00e8ncia per a dem\u00e0 dijous"},"content":{"rendered":"\n<p>La Plataforma per a la Defensa del Sector Primari d&#8217;Utiel-Requena i la Plataforma Agr\u00edcola 6F han convocat per a dem\u00e0,29 de febrer, una tractoradas amb direcci\u00f3 Val\u00e8ncia. Cal recordar que en principi estava prevista per al dilluns, 26 de febrer, per\u00f2 va ser ajornada per l&#8217;incendi ocorregut en el barri de Campanar de Val\u00e8ncia.<\/p>\n\n\n\n<p>&nbsp;L&#8217;horari \u00e9s el seg\u00fcent:<\/p>\n\n\n\n<p>6.15 hores concentraci\u00f3 en hotel San Jos\u00e9, Requena.<\/p>\n\n\n\n<p>6.30 eixida cap a Val\u00e8ncia.<\/p>\n\n\n\n<p>Ruta: Requena, Rebollar, Setaig\u00fces, N-III a Bunyol,&nbsp; Alboraig, Tor\u00eds, Torrent, Val\u00e8ncia.&nbsp;<\/p>\n\n\n\n<p>A les 11.00 hores al Carrer Sant Vicent, s&#8217;uniran&nbsp; els companys de Vall d&#8217;Uix\u00f3.&nbsp;<\/p>\n\n\n\n<p>Els que vinguen amb cotxe i vulguen, s&#8217;ajuntaran amb la resta al carrer Sant Vicent i iran en caravana fins a Delegaci\u00f3 de Govern.<\/p>\n\n\n\n<p>Des de la recentment creada Plataforma per la Defensa del Sector Primari Utiel-Requena \u201cestem treballant pas a pas per a reivindicar els nostres drets i garantir la seguretat aliment\u00e0ria de tots, dels nostres fills i de les seg\u00fcents generacions\u201c recalquen representants de la plataforma&nbsp; .<\/p>\n\n\n\n<p>\u201cSom agricultors i ramaders de tota la comarca, que ens hem unit per a realitzar qualsevol acci\u00f3 de manera legal. \u00c9s important que no se&#8217;ns confonga amb altres plataformes ni associacions agr\u00e0ries que volen aprofitar-se del que estem aconseguint\u201d.<\/p>\n\n\n\n<p>Des de la plataforma han volgut deixar clar que \u201dl&#8217;\u00fanica manifestaci\u00f3 autoritzada per la Delegaci\u00f3 del Govern des que comencem les mobilitzacions ser\u00e0 la d&#8217;aquest dijous 29 de febrer a Val\u00e8ncia, eixint amb tractors i altres vehicles des de Requena\u201d.<\/p>\n\n\n\n<p>\u201cContinuarem lluitant fins que es valore la import\u00e0ncia del nostre treball. Nom\u00e9s estem demanant que us uniu signant el document d&#8217;adhesi\u00f3 que est\u00e0 en tots els pobles i qui vulga, pot comprar el jupet\u00ed per a portar-lo en les manifestacions\u201d afirmen els representants de la plataforma en un missatge dirigit als agricultors.<\/p>\n\n\n\n<p>Per part seua, la Plataforma d&#8217;agricultors 6F ha convocat als agricultors per a dem\u00e0 dijous, 29 de febrer, a les 10 hores en el passeig de l&#8217;Albereda, per a realitzar una vehiculada a Val\u00e8ncia. Amb els vehicles els agricultors recorreran en la capital del T\u00faria, les seg\u00fcents zones : Albereda, Pont del Real, Plaza de Tetuan, Plaza de la Mar, Col\u00f3n, Xativa, Guillem de Castro, Blanquer\u00edas, Conde Trenor, Pintor L\u00f3pez i Plaza del Temple.<\/p>\n\n\n\n<p>Des de la plataforma recorden als participants que \u201cla mobilitzaci\u00f3 \u00e9s amb vehicles (respectant la senyalitzaci\u00f3) amb banderes d&#8217;Espanya o negra i acompanyades de cartelleria que podeu posar en els vostres vehicles\u201d. Informa, <strong>Luis Ib\u00e1\u00f1ez.<\/strong><\/p>\n\n\n\n<figure class=\"wp-block-gallery has-nested-images columns-default is-cropped wp-block-gallery-1 is-layout-flex wp-block-gallery-is-layout-flex\">\n<figure class=\"wp-block-image size-large\"><img loading=\"lazy\" decoding=\"async\" width=\"886\" height=\"1575\" data-id=\"212807\" src=\"http:\/\/www.tucomarca.com\/wordpress\/segunda\/wp-content\/uploads\/2024\/02\/6FAgricult.jpg\" alt=\"\" class=\"wp-image-212807\" srcset=\"https:\/\/www.tucomarca.com\/wordpress\/segunda\/wp-content\/uploads\/2024\/02\/6FAgricult.jpg 886w, https:\/\/www.tucomarca.com\/wordpress\/segunda\/wp-content\/uploads\/2024\/02\/6FAgricult-169x300.jpg 169w, https:\/\/www.tucomarca.com\/wordpress\/segunda\/wp-content\/uploads\/2024\/02\/6FAgricult-576x1024.jpg 576w, https:\/\/www.tucomarca.com\/wordpress\/segunda\/wp-content\/uploads\/2024\/02\/6FAgricult-768x1365.jpg 768w, https:\/\/www.tucomarca.com\/wordpress\/segunda\/wp-content\/uploads\/2024\/02\/6FAgricult-864x1536.jpg 864w\" sizes=\"auto, (max-width: 886px) 100vw, 886px\" \/><\/figure>\n<\/figure>\n","protected":false},"excerpt":{"rendered":"<div class=\"mh-excerpt\">La Plataforma per a la Defensa del Sector Primari d&#8217;Utiel-Requena i la Plataforma Agr\u00edcola 6F han convocat per a dem\u00e0,29 de febrer, una tractoradas amb direcci\u00f3 Val\u00e8ncia. Cal recordar que en principi estava prevista per <a class=\"mh-excerpt-more\" href=\"https:\/\/www.tucomarca.com\/wordpress\/segunda\/ca\/la-plataforma-per-a-la-defensa-del-sector-primari-dutiel-requena-i-plataforma-agricola-6f-convoquen-una-tractorada-a-valencia-per-a-dema-dijous\/\" title=\"La Plataforma per a la defensa del sector primari d&#8217;Utiel-Requena i plataforma agr\u00edcola 6F convoquen una tractorada a Val\u00e8ncia per a dem\u00e0 dijous\">[+] <\/a><\/div>\n","protected":false},"author":12,"featured_media":212813,"comment_status":"open","ping_status":"open","sticky":false,"template":"","format":"standard","meta":{"footnotes":""},"categories":[11019,10905,10894,10947,10908,10909,10896],"tags":[],"class_list":{"0":"post-212817","1":"post","2":"type-post","3":"status-publish","4":"format-standard","5":"has-post-thumbnail","7":"category-agenda-ca","8":"category-agricultura-la-comarca-ca","9":"category-la-comarca-ca","10":"category-politica","11":"category-requena-ca","12":"category-requena-utiel-ca","13":"category-seccion-ca"},"_links":{"self":[{"href":"https:\/\/www.tucomarca.com\/wordpress\/segunda\/ca\/wp-json\/wp\/v2\/posts\/212817","targetHints":{"allow":["GET"]}}],"collection":[{"href":"https:\/\/www.tucomarca.com\/wordpress\/segunda\/ca\/wp-json\/wp\/v2\/posts"}],"about":[{"href":"https:\/\/www.tucomarca.com\/wordpress\/segunda\/ca\/wp-json\/wp\/v2\/types\/post"}],"author":[{"embeddable":true,"href":"https:\/\/www.tucomarca.com\/wordpress\/segunda\/ca\/wp-json\/wp\/v2\/users\/12"}],"replies":[{"embeddable":true,"href":"https:\/\/www.tucomarca.com\/wordpress\/segunda\/ca\/wp-json\/wp\/v2\/comments?post=212817"}],"version-history":[{"count":0,"href":"https:\/\/www.tucomarca.com\/wordpress\/segunda\/ca\/wp-json\/wp\/v2\/posts\/212817\/revisions"}],"wp:featuredmedia":[{"embeddable":true,"href":"https:\/\/www.tucomarca.com\/wordpress\/segunda\/ca\/wp-json\/wp\/v2\/media\/212813"}],"wp:attachment":[{"href":"https:\/\/www.tucomarca.com\/wordpress\/segunda\/ca\/wp-json\/wp\/v2\/media?parent=212817"}],"wp:term":[{"taxonomy":"category","embeddable":true,"href":"https:\/\/www.tucomarca.com\/wordpress\/segunda\/ca\/wp-json\/wp\/v2\/categories?post=212817"},{"taxonomy":"post_tag","embeddable":true,"href":"https:\/\/www.tucomarca.com\/wordpress\/segunda\/ca\/wp-json\/wp\/v2\/tags?post=212817"}],"curies":[{"name":"wp","href":"https:\/\/api.w.org\/{rel}","templated":true}]}}