{"id":212826,"date":"2024-02-29T09:55:00","date_gmt":"2024-02-29T08:55:00","guid":{"rendered":"https:\/\/www.tucomarca.com\/wordpress\/segunda\/?p=212826"},"modified":"2024-02-29T10:57:30","modified_gmt":"2024-02-29T09:57:30","slug":"turis-anuncia-el-seu-programa-previ-a-les-falles-de-la-localitat","status":"publish","type":"post","link":"https:\/\/www.tucomarca.com\/wordpress\/segunda\/ca\/turis-anuncia-el-seu-programa-previ-a-les-falles-de-la-localitat\/","title":{"rendered":"Tur\u00eds anuncia el seu programa previ a les Falles de la localitat"},"content":{"rendered":"\n<p>Tur\u00eds anuncia el seu programa previ a les Falles de la localitat que se celebraran amb posterioritat a les Falles del Cap i Casal, del 4 al 7 d&#8217;abril.<\/p>\n\n\n\n<p><strong>Divendres, 1 de mar\u00e7<\/strong><br>A les 21.30 h, sopar de gala on s&#8217;entregaran les m\u00e0ximes recompenses concedides per la Junta Central Fallera a falleres i fallers de les nostres comissions.<\/p>\n\n\n\n<p><strong>Diumenge, 3 de mar\u00e7<\/strong><br>A les 13.00 h. tindr\u00e0 lloc en l&#8217;ermita el besamans a la imatge de la patrona de Tur\u00eds, Mare de D\u00e9u dels Dolors Gloriosos. \u00c9s un acte obert al p\u00fablic.<br>A les 18.30 h. cercavila i recollida per la Junta Local i la Societat Musical Turisense de les falleres majors de les cinc comissions als seus respectius casals. L&#8217;ordre ser\u00e0 Els Barris, Pla\u00e7eta del Marqu\u00e9s, Av. Corts Valencianes, Pla\u00e7a del Mercat i L\u2019Antiga Fontanella.<br>A les 20.00 h. tindr\u00e0 lloc La Crida des del balc\u00f3 de l&#8217;ajuntament. A continuaci\u00f3 hi haur\u00e0 xocolate per a tots els assistents.<\/p>\n\n\n\n<p><strong>Diumenge, 24 de mar\u00e7<\/strong><br>A les 13.00 h. comen\u00e7aran les tradicionals dansaes en la Pla\u00e7a Vicent Ribes a c\u00e0rrec del Grup de Danses Tor\u00eds i els m\u00e0xims representants de les cinc comissions al costat de la Reina de les Festes i la seua Cort d&#8217;Honor.<\/p>\n\n\n\n<p>A les 18.30 h. inauguraci\u00f3 de l&#8217;Exposici\u00f3 del Ninot en el Teatre Ideal i a continuaci\u00f3, a les 19.00 h, concert oferit per la Societat Musical Turisense.<\/p>\n\n\n\n<figure class=\"wp-block-image size-large\"><img loading=\"lazy\" decoding=\"async\" width=\"724\" height=\"1024\" src=\"http:\/\/www.tucomarca.com\/wordpress\/segunda\/wp-content\/uploads\/2024\/02\/Turis_ACTESFALLERS-724x1024.jpg\" alt=\"\" class=\"wp-image-212823\" srcset=\"https:\/\/www.tucomarca.com\/wordpress\/segunda\/wp-content\/uploads\/2024\/02\/Turis_ACTESFALLERS-724x1024.jpg 724w, https:\/\/www.tucomarca.com\/wordpress\/segunda\/wp-content\/uploads\/2024\/02\/Turis_ACTESFALLERS-212x300.jpg 212w, https:\/\/www.tucomarca.com\/wordpress\/segunda\/wp-content\/uploads\/2024\/02\/Turis_ACTESFALLERS-768x1086.jpg 768w, https:\/\/www.tucomarca.com\/wordpress\/segunda\/wp-content\/uploads\/2024\/02\/Turis_ACTESFALLERS.jpg 886w\" sizes=\"auto, (max-width: 724px) 100vw, 724px\" \/><\/figure>\n","protected":false},"excerpt":{"rendered":"<div class=\"mh-excerpt\">Tur\u00eds anuncia el seu programa previ a les Falles de la localitat que se celebraran amb posterioritat a les Falles del Cap i Casal, del 4 al 7 d&#8217;abril. Divendres, 1 de mar\u00e7A les 21.30 <a class=\"mh-excerpt-more\" href=\"https:\/\/www.tucomarca.com\/wordpress\/segunda\/ca\/turis-anuncia-el-seu-programa-previ-a-les-falles-de-la-localitat\/\" title=\"Tur\u00eds anuncia el seu programa previ a les Falles de la localitat\">[+] <\/a><\/div>\n","protected":false},"author":12,"featured_media":212824,"comment_status":"open","ping_status":"open","sticky":false,"template":"","format":"standard","meta":{"footnotes":""},"categories":[11019,10894,10902,11007,10896,11047],"tags":[11077,11093],"class_list":{"0":"post-212826","1":"post","2":"type-post","3":"status-publish","4":"format-standard","5":"has-post-thumbnail","7":"category-agenda-ca","8":"category-la-comarca-ca","9":"category-la-ribera-ca","10":"category-ocio-y-cultura-ca","11":"category-seccion-ca","12":"category-turis-ca","13":"tag-la-ribera-alta-ca","14":"tag-turis-ca"},"_links":{"self":[{"href":"https:\/\/www.tucomarca.com\/wordpress\/segunda\/ca\/wp-json\/wp\/v2\/posts\/212826","targetHints":{"allow":["GET"]}}],"collection":[{"href":"https:\/\/www.tucomarca.com\/wordpress\/segunda\/ca\/wp-json\/wp\/v2\/posts"}],"about":[{"href":"https:\/\/www.tucomarca.com\/wordpress\/segunda\/ca\/wp-json\/wp\/v2\/types\/post"}],"author":[{"embeddable":true,"href":"https:\/\/www.tucomarca.com\/wordpress\/segunda\/ca\/wp-json\/wp\/v2\/users\/12"}],"replies":[{"embeddable":true,"href":"https:\/\/www.tucomarca.com\/wordpress\/segunda\/ca\/wp-json\/wp\/v2\/comments?post=212826"}],"version-history":[{"count":0,"href":"https:\/\/www.tucomarca.com\/wordpress\/segunda\/ca\/wp-json\/wp\/v2\/posts\/212826\/revisions"}],"wp:featuredmedia":[{"embeddable":true,"href":"https:\/\/www.tucomarca.com\/wordpress\/segunda\/ca\/wp-json\/wp\/v2\/media\/212824"}],"wp:attachment":[{"href":"https:\/\/www.tucomarca.com\/wordpress\/segunda\/ca\/wp-json\/wp\/v2\/media?parent=212826"}],"wp:term":[{"taxonomy":"category","embeddable":true,"href":"https:\/\/www.tucomarca.com\/wordpress\/segunda\/ca\/wp-json\/wp\/v2\/categories?post=212826"},{"taxonomy":"post_tag","embeddable":true,"href":"https:\/\/www.tucomarca.com\/wordpress\/segunda\/ca\/wp-json\/wp\/v2\/tags?post=212826"}],"curies":[{"name":"wp","href":"https:\/\/api.w.org\/{rel}","templated":true}]}}