{"id":212842,"date":"2024-02-28T08:00:00","date_gmt":"2024-02-28T07:00:00","guid":{"rendered":"https:\/\/www.tucomarca.com\/wordpress\/segunda\/?p=212842"},"modified":"2024-02-28T22:30:02","modified_gmt":"2024-02-28T21:30:02","slug":"la-diputacio-de-valencia-simplificara-burocracia-amb-intelligencia-artificial-generativa","status":"publish","type":"post","link":"https:\/\/www.tucomarca.com\/wordpress\/segunda\/ca\/la-diputacio-de-valencia-simplificara-burocracia-amb-intelligencia-artificial-generativa\/","title":{"rendered":"La Diputaci\u00f3 de Val\u00e8ncia simplificar\u00e0 burocr\u00e0cia amb intel\u00b7lig\u00e8ncia artificial generativa"},"content":{"rendered":"\n<p>El diputat d&#8217;Administraci\u00f3 Electr\u00f2nica i Innovaci\u00f3, Juan Ram\u00f3n Adsuara, explica que \u201cl&#8217;objectiu \u00e9s simplificar tr\u00e0mits per a agilitzar processos i millorar l&#8217;atenci\u00f3 al p\u00fablic\u201d<\/p>\n\n\n\n<p>La instituci\u00f3 provincial ja est\u00e0 analitzant els processos que podrien beneficiar-se d&#8217;esta tecnologia i ha iniciat contactes amb experts en el sector<\/p>\n\n\n\n<p>L&#8217;\u00e0rea de Fons Europeus, Administraci\u00f3 Electr\u00f2nica i Innovaci\u00f3 de la Diputaci\u00f3 de Val\u00e8ncia, dirigida per Juan Ram\u00f3n Adsuara, liderar\u00e0 la integraci\u00f3 de la intel\u00b7lig\u00e8ncia artificial en la instituci\u00f3 provincial per a \u201cmillorar processos, simplificant tr\u00e0mits i oferint una millor atenci\u00f3 a la ciutadania\u201d, confirma el propi diputat.<\/p>\n\n\n\n<p>Adsuara indica que \u201cel personal t\u00e8cnic de l&#8217;\u00e0rea d&#8217;Inform\u00e0tica ja est\u00e0 analitzant els punts clau susceptibles de ser millorats amb solucions a mesura\u201d i aclarix que \u201cparlem sempre d&#8217;intel\u00b7lig\u00e8ncia artificial generativa, \u00e9s a dir, aquella que \u00e9s capa\u00e7 de generar de contingut original&nbsp;a partir de les nostres necessitats concretes\u201d.<\/p>\n\n\n\n<p>Aix\u00ed mateix, el diputat d&#8217;Innovaci\u00f3 explica que \u201cels t\u00e8cnics de la casa comptaran aix\u00ed amb ferramentes que faciliten el seu treball, beneficiant-se d&#8217;una tecnologia que no \u00e9s que siga el futur, sin\u00f3 que ja \u00e9s capa\u00e7 de propiciar canvis disruptius a tots els nivells, especialment en el tecnol\u00f2gic\u201d.<\/p>\n\n\n\n<p><strong>An\u00e0lisis internes i reunions amb experts<\/strong><\/p>\n\n\n\n<p>La implantaci\u00f3 de la intel\u00b7lig\u00e8ncia artificial en la gesti\u00f3 electr\u00f2nica de la Diputaci\u00f3 de Val\u00e8ncia vindr\u00e0 precedida d&#8217;un per\u00edode d&#8217;an\u00e0lisi de necessitats que s&#8217;ha iniciat en el propi \u00e0rea d&#8217;Inform\u00e0tica per\u00f2 que s&#8217;estendr\u00e0 a la resta de la instituci\u00f3 provincial.<\/p>\n\n\n\n<p>De manera paral\u00b7lela, el diputat Juan Ram\u00f3n Adsuara, acompanyat per t\u00e8cnics de la instituci\u00f3, ja ha iniciat contactes amb experts en el camp de la intel\u00b7lig\u00e8ncia artificial per a con\u00e9ixer les diferents solucions que oferix el mercat de les telecomunicacions.<\/p>\n\n\n\n<p>En esta l\u00ednia, ha tingut lloc una reuni\u00f3 amb representants de l&#8217;empresa IBM, en la qual, entre altres assumptes, van presentar una ferramenta per a millorar l\u2019efici\u00e8ncia en mat\u00e8ria de tr\u00e0mits administratius.<\/p>\n\n\n\n<p>L&#8217;\u00e0rea de Fons Europeus, Administraci\u00f3 Electr\u00f2nica i Innovaci\u00f3 de la Diputaci\u00f3 de Val\u00e8ncia continuar\u00e0 explorant el mercat de la intel\u00b7lig\u00e8ncia artificial generativa \u201cperqu\u00e8 la implantaci\u00f3 d&#8217;esta tecnologia es duga a terme amb una estrat\u00e8gia sostinguda en el temps, descartant respostes conjunturals i apostant per solucions integrades en la pr\u00f2pia estructura de la instituci\u00f3\u201d, conclou Juan Ram\u00f3n Adsuara.<\/p>\n\n\n\n<p><\/p>\n","protected":false},"excerpt":{"rendered":"<div class=\"mh-excerpt\">El diputat d&#8217;Administraci\u00f3 Electr\u00f2nica i Innovaci\u00f3, Juan Ram\u00f3n Adsuara, explica que \u201cl&#8217;objectiu \u00e9s simplificar tr\u00e0mits per a agilitzar processos i millorar l&#8217;atenci\u00f3 al p\u00fablic\u201d La instituci\u00f3 provincial ja est\u00e0 analitzant els processos que podrien beneficiar-se <a class=\"mh-excerpt-more\" href=\"https:\/\/www.tucomarca.com\/wordpress\/segunda\/ca\/la-diputacio-de-valencia-simplificara-burocracia-amb-intelligencia-artificial-generativa\/\" title=\"La Diputaci\u00f3 de Val\u00e8ncia simplificar\u00e0 burocr\u00e0cia amb intel\u00b7lig\u00e8ncia artificial generativa\">[+] <\/a><\/div>\n","protected":false},"author":12,"featured_media":212841,"comment_status":"open","ping_status":"open","sticky":false,"template":"","format":"standard","meta":{"footnotes":""},"categories":[10898,10948,10894,10904,10947,10896],"tags":[11246,20358],"class_list":{"0":"post-212842","1":"post","2":"type-post","3":"status-publish","4":"format-standard","5":"has-post-thumbnail","7":"category-ventana-ca","8":"category-infraestructuras-ca","9":"category-la-comarca-ca","10":"category-sin-categorizar-ca","11":"category-politica","12":"category-seccion-ca","13":"tag-diputacio-de-valencia-ca","14":"tag-inteligencia-artificial-ca"},"_links":{"self":[{"href":"https:\/\/www.tucomarca.com\/wordpress\/segunda\/ca\/wp-json\/wp\/v2\/posts\/212842","targetHints":{"allow":["GET"]}}],"collection":[{"href":"https:\/\/www.tucomarca.com\/wordpress\/segunda\/ca\/wp-json\/wp\/v2\/posts"}],"about":[{"href":"https:\/\/www.tucomarca.com\/wordpress\/segunda\/ca\/wp-json\/wp\/v2\/types\/post"}],"author":[{"embeddable":true,"href":"https:\/\/www.tucomarca.com\/wordpress\/segunda\/ca\/wp-json\/wp\/v2\/users\/12"}],"replies":[{"embeddable":true,"href":"https:\/\/www.tucomarca.com\/wordpress\/segunda\/ca\/wp-json\/wp\/v2\/comments?post=212842"}],"version-history":[{"count":0,"href":"https:\/\/www.tucomarca.com\/wordpress\/segunda\/ca\/wp-json\/wp\/v2\/posts\/212842\/revisions"}],"wp:featuredmedia":[{"embeddable":true,"href":"https:\/\/www.tucomarca.com\/wordpress\/segunda\/ca\/wp-json\/wp\/v2\/media\/212841"}],"wp:attachment":[{"href":"https:\/\/www.tucomarca.com\/wordpress\/segunda\/ca\/wp-json\/wp\/v2\/media?parent=212842"}],"wp:term":[{"taxonomy":"category","embeddable":true,"href":"https:\/\/www.tucomarca.com\/wordpress\/segunda\/ca\/wp-json\/wp\/v2\/categories?post=212842"},{"taxonomy":"post_tag","embeddable":true,"href":"https:\/\/www.tucomarca.com\/wordpress\/segunda\/ca\/wp-json\/wp\/v2\/tags?post=212842"}],"curies":[{"name":"wp","href":"https:\/\/api.w.org\/{rel}","templated":true}]}}