{"id":212904,"date":"2024-02-29T14:00:00","date_gmt":"2024-02-29T13:00:00","guid":{"rendered":"https:\/\/www.tucomarca.com\/wordpress\/segunda\/?p=212904"},"modified":"2024-02-29T22:16:13","modified_gmt":"2024-02-29T21:16:13","slug":"el-prya-acusa-el-psoe-de-tornar-a-mentir-als-requenenses-a-costa-de-la-setmana-mediambiental","status":"publish","type":"post","link":"https:\/\/www.tucomarca.com\/wordpress\/segunda\/ca\/el-prya-acusa-el-psoe-de-tornar-a-mentir-als-requenenses-a-costa-de-la-setmana-mediambiental\/","title":{"rendered":"El PRyA acusa el PSOE de \u201dtornar a mentir als requenenses a costa de la setmana mediambiental&#8221;"},"content":{"rendered":"\n<p>\u201cDes del PRyA no donem cr\u00e8dit a les declaracions del PSOE de Requena en afirmar que se suprimeix la neteja d&#8217;abocadors il\u00b7legals a canvi de fer desfilades de moda en la Setmana Mediambiental. Una vegada m\u00e9s, el PSOE esmente\u201d, tal com han manifestat des del Partit de Requena i Llogarets (PRyA).<\/p>\n\n\n\n<p>\u201cQuant a les desfilades de moda als quals es refereix el PSOE i que diu que no tenen res a veure amb el medi ambient, una vegada m\u00e9s menteixen, perqu\u00e8 en la desfilada que tant molesta als socialistes, els vestits eren de material reciclat, per la qual cosa el seu cost va ser baix, i va servir perqu\u00e8 xics i xiques requenenses pogueren fer de models en una desfilada relacionada amb el medi ambient a trav\u00e9s del reciclatge i amb la cultura a trav\u00e9s dels quadres de Sorolla\u201d, afigen.<\/p>\n\n\n\n<p>\u201cTamb\u00e9 esmente el PSOE de Requena quan diu que eliminem del pressupost la neteja d&#8217;abocadors il\u00b7legals a canvi de fer desfilades de moda en la Setmana Mediambiental. Eixa partida s&#8217;elimina perqu\u00e8 la retirada d&#8217;abocaments es far\u00e0 a trav\u00e9s de la brigada municipal, estalviant aix\u00ed un cost als requenenses\u201d.<\/p>\n\n\n\n<p>\u201cA m\u00e9s d&#8217;aix\u00f2, en diversos anys de govern del PSOE, la partida destinada a la retirada d&#8217;abocadors il\u00b7legals es quedava sense gastar per la falta de gesti\u00f3 i treball dels socialistes, llavors quan governaven els socialistes i no ho gastaven no passava res i ara que estan en l&#8217;oposici\u00f3 es queixen!!! sens dubte el PSOE de Requena s&#8217;ha convertit en un partit populista\u201d.<\/p>\n\n\n\n<p>Des del Partit de Requena i Llogarets (PRyA) aconsellen &#8220;al PSOE que fa\u00e7a una oposici\u00f3 basada en la veritat i abandone la mentida, perqu\u00e8 la labor de l&#8217;oposici\u00f3 \u00e9s fonamental la per al bon funcionament de la democr\u00e0cia, alguna cosa que els socialistes no estan fent b\u00e9\u201d.<\/p>\n","protected":false},"excerpt":{"rendered":"<div class=\"mh-excerpt\">\u201cDes del PRyA no donem cr\u00e8dit a les declaracions del PSOE de Requena en afirmar que se suprimeix la neteja d&#8217;abocadors il\u00b7legals a canvi de fer desfilades de moda en la Setmana Mediambiental. Una vegada <a class=\"mh-excerpt-more\" href=\"https:\/\/www.tucomarca.com\/wordpress\/segunda\/ca\/el-prya-acusa-el-psoe-de-tornar-a-mentir-als-requenenses-a-costa-de-la-setmana-mediambiental\/\" title=\"El PRyA acusa el PSOE de \u201dtornar a mentir als requenenses a costa de la setmana mediambiental&#8221;\">[+] <\/a><\/div>\n","protected":false},"author":12,"featured_media":212903,"comment_status":"open","ping_status":"open","sticky":false,"template":"","format":"standard","meta":{"footnotes":""},"categories":[10894,10947,10908,10909,10896],"tags":[12796,11099,10910],"class_list":{"0":"post-212904","1":"post","2":"type-post","3":"status-publish","4":"format-standard","5":"has-post-thumbnail","7":"category-la-comarca-ca","8":"category-politica","9":"category-requena-ca","10":"category-requena-utiel-ca","11":"category-seccion-ca","12":"tag-prya-ca","13":"tag-requena-ca","14":"tag-requena-utiel-ca"},"_links":{"self":[{"href":"https:\/\/www.tucomarca.com\/wordpress\/segunda\/ca\/wp-json\/wp\/v2\/posts\/212904","targetHints":{"allow":["GET"]}}],"collection":[{"href":"https:\/\/www.tucomarca.com\/wordpress\/segunda\/ca\/wp-json\/wp\/v2\/posts"}],"about":[{"href":"https:\/\/www.tucomarca.com\/wordpress\/segunda\/ca\/wp-json\/wp\/v2\/types\/post"}],"author":[{"embeddable":true,"href":"https:\/\/www.tucomarca.com\/wordpress\/segunda\/ca\/wp-json\/wp\/v2\/users\/12"}],"replies":[{"embeddable":true,"href":"https:\/\/www.tucomarca.com\/wordpress\/segunda\/ca\/wp-json\/wp\/v2\/comments?post=212904"}],"version-history":[{"count":0,"href":"https:\/\/www.tucomarca.com\/wordpress\/segunda\/ca\/wp-json\/wp\/v2\/posts\/212904\/revisions"}],"wp:featuredmedia":[{"embeddable":true,"href":"https:\/\/www.tucomarca.com\/wordpress\/segunda\/ca\/wp-json\/wp\/v2\/media\/212903"}],"wp:attachment":[{"href":"https:\/\/www.tucomarca.com\/wordpress\/segunda\/ca\/wp-json\/wp\/v2\/media?parent=212904"}],"wp:term":[{"taxonomy":"category","embeddable":true,"href":"https:\/\/www.tucomarca.com\/wordpress\/segunda\/ca\/wp-json\/wp\/v2\/categories?post=212904"},{"taxonomy":"post_tag","embeddable":true,"href":"https:\/\/www.tucomarca.com\/wordpress\/segunda\/ca\/wp-json\/wp\/v2\/tags?post=212904"}],"curies":[{"name":"wp","href":"https:\/\/api.w.org\/{rel}","templated":true}]}}