{"id":212906,"date":"2024-02-29T09:55:00","date_gmt":"2024-02-29T08:55:00","guid":{"rendered":"https:\/\/www.tucomarca.com\/wordpress\/segunda\/?p=212906"},"modified":"2024-02-29T21:55:24","modified_gmt":"2024-02-29T20:55:24","slug":"la-diputacio-de-valencia-prioritza-garantir-labastiment-daigua-en-tots-els-municipis","status":"publish","type":"post","link":"https:\/\/www.tucomarca.com\/wordpress\/segunda\/ca\/la-diputacio-de-valencia-prioritza-garantir-labastiment-daigua-en-tots-els-municipis\/","title":{"rendered":"La Diputaci\u00f3 de Val\u00e8ncia prioritza garantir l\u2019abastiment d\u2019aigua en tots els municipis"},"content":{"rendered":"\n<h3 class=\"wp-block-heading\">El president Vicent Momp\u00f3, la vicepresidenta primera Nat\u00e0lia Enguix i el diputat del Cicle Integral de l&#8217;Aigua, Paco Comes, es reunixen amb t\u00e8cnics, alcaldes i alcaldesses de 200 ajuntaments de la prov\u00edncia.<\/h3>\n\n\n\n<h3 class=\"wp-block-heading\">Durant la jornada s&#8217;ha tractat la situaci\u00f3 actual del cicle integral de l&#8217;aigua a les comarques valencianes, aix\u00ed com les ajudes i subvencions de la corporaci\u00f3 provincial per a tractar de millorar-lo<\/h3>\n\n\n\n<p>El president de la Diputaci\u00f3 de Val\u00e8ncia, Vicent Momp\u00f3, juntament amb la vicepresidenta Nat\u00e0lia Enguix i el diputat del Cicle Integral de l&#8217;Aigua, Paco Comes, ha reunit este dijous en el Centre Cultural La Benefic\u00e8ncia a t\u00e8cnics municipals i alcaldes de 200 municipis de la prov\u00edncia per a tractar la situaci\u00f3 actual del cicle integral de l&#8217;aigua a les comarques valencianes, aix\u00ed com les ajudes i subvencions de la corporaci\u00f3 provincial per a contribuir a millorar-lo en el per\u00edode 2024-2027.<\/p>\n\n\n\n<p>El president Momp\u00f3 ha anunciat que la Diputaci\u00f3 dur\u00e0 a terme \u201cuna aposta important per a garantir un subministrament d&#8217;aigua segur, previsible i, sobretot, de qualitat, i per a aix\u00f2 es treballar\u00e0 en tres pilars fonamentals: inversi\u00f3, digitalitzaci\u00f3 i reutilitzaci\u00f3\u201d. Aix\u00ed mateix, Vicent Momp\u00f3 indicava que \u201cen esta casa ajudarem poble a poble i comarca a comarca a executar les seues obres, assumint un paper primordial quant a l&#8217;assist\u00e8ncia i l&#8217;ajuda en un tema tan sensible com \u00e9s l&#8217;aigua\u201d. Per a aix\u00f2, la Diputaci\u00f3 ha creat l&#8217;\u00e0rea espec\u00edfica del Cicle Integral de l&#8217;Aigua, amb una partida de 2,3 milions d&#8217;euros per a enguany, i ha introdu\u00eft una important novetat en el Pla Obert d\u2019Inversions, que \u00e9s incentivar les actuacions de millora h\u00eddrica en els municipis.<\/p>\n\n\n\n<p>Momp\u00f3 tamb\u00e9 ha destacat el Programa Estrat\u00e8gic per a la Recuperaci\u00f3 i Transformaci\u00f3 Econ\u00f2mica (PERTE) de Digitalitzaci\u00f3 del Cicle de l&#8217;Aigua. \u201cHem presentat la sol\u00b7licitud a la segona convocat\u00f2ria del Ministeri per a millorar integralment el servici, parlem de la captaci\u00f3 i tamb\u00e9 del retorn al medi natural\u201d, ha explicat el president. El pressupost global del projecte, que s&#8217;est\u00e9n a 148 municipis cobrint m\u00e9s del 50% de la superf\u00edcie de les comarques valencianes, ascendix a 11,4 milions d&#8217;euros, dels quals 1,5 els aporta la Diputaci\u00f3.<\/p>\n\n\n\n<p>El projecte de digitalitzaci\u00f3 del cicle de l&#8217;aigua \u201ct\u00e9 una aplicaci\u00f3 especial a les comarques d&#8217;interior, on el risc de despoblaci\u00f3 \u00e9s major\u201d, ha apuntat el m\u00e0xim responsable provincial. En este sentit, la Diputaci\u00f3 \u201cno sols busca respondre al repte demogr\u00e0fic, sin\u00f3 tamb\u00e9 reduir les p\u00e8rdues d&#8217;aigua potable i garantir un subministrament domiciliari en condicions\u201d, ha afegit Momp\u00f3.<br><br>Respecte a la reutilitzaci\u00f3, el president Momp\u00f3 ha posat l&#8217;accent en la necessitat de \u201ctreballar per a evitar que els costos de gesti\u00f3 i regeneraci\u00f3 de l&#8217;aigua no suposen una barrera i avan\u00e7ar al costat d&#8217;altres institucions per a dotar d&#8217;un marc regulador que contribu\u00efsca a aconseguir este repte\u201d.<\/p>\n\n\n\n<figure class=\"wp-block-image size-large\"><img loading=\"lazy\" decoding=\"async\" width=\"1024\" height=\"665\" src=\"http:\/\/www.tucomarca.com\/wordpress\/segunda\/wp-content\/uploads\/2024\/02\/AguaDipu1-1024x665.jpg\" alt=\"\" class=\"wp-image-212898\" srcset=\"https:\/\/www.tucomarca.com\/wordpress\/segunda\/wp-content\/uploads\/2024\/02\/AguaDipu1-1024x665.jpg 1024w, https:\/\/www.tucomarca.com\/wordpress\/segunda\/wp-content\/uploads\/2024\/02\/AguaDipu1-300x195.jpg 300w, https:\/\/www.tucomarca.com\/wordpress\/segunda\/wp-content\/uploads\/2024\/02\/AguaDipu1-768x499.jpg 768w, https:\/\/www.tucomarca.com\/wordpress\/segunda\/wp-content\/uploads\/2024\/02\/AguaDipu1-1536x998.jpg 1536w, https:\/\/www.tucomarca.com\/wordpress\/segunda\/wp-content\/uploads\/2024\/02\/AguaDipu1-2048x1331.jpg 2048w\" sizes=\"auto, (max-width: 1024px) 100vw, 1024px\" \/><\/figure>\n\n\n\n<p><strong>Pla Obert d&#8217;Inversions<\/strong><\/p>\n\n\n\n<p>La vicepresidenta primera i responsable de l&#8217;\u00e0rea de Cooperaci\u00f3, Nat\u00e0lia Enguix, ha destacat que amb esta jornada \u201cdonem a con\u00e9ixer els principals reptes i oportunitats quant al treball municipal i supramunicipal vinculat a l&#8217;aigua, en el marc de la presentaci\u00f3 i explicaci\u00f3 del Pla Obert d&#8217;Inversions de la Diputaci\u00f3, un pla que, treballat intensament i amb la vista posada en els municipis, ve a donar seguretat, planificaci\u00f3 i recursos per al treball de tota una legislatura als ajuntaments valencians\u201d.<\/p>\n\n\n\n<p>\u201c\u00c9s un pla que ajuda i transforma de dalt a baix el treball dels ajuntaments -continua la vicepresidenta primera- i tamb\u00e9 s&#8217;ocupa del cicle integral de l&#8217;aigua, tant de la captaci\u00f3 com de l&#8217;estalvi, prove\u00efment i rendiment de les canalitzacions, la qualitat de l&#8217;aigua i tamb\u00e9 la seua conservaci\u00f3 i bon \u00fas\u201d. En este sentit, Enguix apunta que el Pla Obert d\u2019inversions \u201cno nom\u00e9s&nbsp; s\u2019ocupa de les xarxes de subministrament, sin\u00f3 tamb\u00e9 de les xarxes de colaboraci\u00f3 entre administracions, tant entre la Diputaci\u00f3 i els ajuntaments, com entre els propis municipis\u201d.<br><br>Una de les novetats de la f\u00f3rmula del pla \u00e9s, tal com indicava Enguix en la seua intervenci\u00f3, \u201cque almenys un 10% del pressupost haur\u00e0 d\u2019anar dirigit a actuacions en mat\u00e8ria d&#8217;aigua, la qual cosa garantix que cap municipi es quede fora del repte ineludible de millorar el prove\u00efment, l\u2019atenci\u00f3 a les persones vulnerables i el medi ambient\u201d.<\/p>\n\n\n\n<p>Per part seua, el diputat del Cicle Integral de l&#8217;Aigua, Paco Comes, ha manifestat que \u201cl&#8217;escenari actual en el qual ens trobem d&#8217;augment de temperatures, redistribuci\u00f3 de les precipitacions que t\u00e9 com a conseq\u00fc\u00e8ncia una sequera segurament prolongada, ens obliga a les administracions p\u00fabliques i especialment aquelles que som directament responsables, com s\u00f3n ajuntaments i diputacions, a donar un nou enfocament al cicle integral de l&#8217;aigua\u201d.<\/p>\n\n\n\n<p>Comes ha posat l&#8217;accent que \u201ceste nou equip de govern de la Diputaci\u00f3 de Val\u00e8ncia ha creat un servici espec\u00edfic de l&#8217;aigua, les compet\u00e8ncies de la qual estan directament relacionades amb assegurar la prestaci\u00f3 integral i adequada del subministrament d&#8217;aigua potable, sanejament i tractament d&#8217;aig\u00fces residuals en tots els municipis de la prov\u00edncia i especialment en aquells que m\u00e9s ho necessiten\u201d. Este servici est\u00e0 a disposici\u00f3 dels municipis valencians per a assistir-los tant t\u00e8cnica com jur\u00eddicament en tot el que tinga a veure i estiga relacionat amb el Cicle Integral de l&#8217;Aigua\u201d.<\/p>\n\n\n\n<p>Finalment, Paco Comes s&#8217;ha referit a l&#8217;empresa p\u00fablica Egevasa, \u201cinstrument de la Diputaci\u00f3 de Val\u00e8ncia en el Cicle Integral de l&#8217;Aigua i que a partir d&#8217;ara entra en un nou per\u00edode de servei als ajuntaments, per a convertir-se en un segell de qualitat i garantia\u201d.<\/p>\n","protected":false},"excerpt":{"rendered":"<div class=\"mh-excerpt\">El president Vicent Momp\u00f3, la vicepresidenta primera Nat\u00e0lia Enguix i el diputat del Cicle Integral de l&#8217;Aigua, Paco Comes, es reunixen amb t\u00e8cnics, alcaldes i alcaldesses de 200 ajuntaments de la prov\u00edncia. Durant la jornada <a class=\"mh-excerpt-more\" href=\"https:\/\/www.tucomarca.com\/wordpress\/segunda\/ca\/la-diputacio-de-valencia-prioritza-garantir-labastiment-daigua-en-tots-els-municipis\/\" title=\"La Diputaci\u00f3 de Val\u00e8ncia prioritza garantir l\u2019abastiment d\u2019aigua en tots els municipis\">[+] <\/a><\/div>\n","protected":false},"author":1,"featured_media":212901,"comment_status":"open","ping_status":"open","sticky":false,"template":"","format":"standard","meta":{"footnotes":""},"categories":[10890,10951,10892,11046,10898,10948,10894,10904,10912,10902,10903,10947,10909,10896],"tags":[11401,11199],"class_list":{"0":"post-212906","1":"post","2":"type-post","3":"status-publish","4":"format-standard","5":"has-post-thumbnail","7":"category-ademus","8":"category-ayora-cofrentes-ca","9":"category-camp-de-turia-ca","10":"category-los-serranos-ca","11":"category-ventana-ca","12":"category-infraestructuras-ca","13":"category-la-comarca-ca","14":"category-sin-categorizar-ca","15":"category-la-hoya-ca","16":"category-la-ribera-ca","17":"category-medio-ambiente-la-comarca-ca","18":"category-politica","19":"category-requena-utiel-ca","20":"category-seccion-ca","21":"tag-diputacion-de-valencia-ca","22":"tag-la-comunitat-ca"},"_links":{"self":[{"href":"https:\/\/www.tucomarca.com\/wordpress\/segunda\/ca\/wp-json\/wp\/v2\/posts\/212906","targetHints":{"allow":["GET"]}}],"collection":[{"href":"https:\/\/www.tucomarca.com\/wordpress\/segunda\/ca\/wp-json\/wp\/v2\/posts"}],"about":[{"href":"https:\/\/www.tucomarca.com\/wordpress\/segunda\/ca\/wp-json\/wp\/v2\/types\/post"}],"author":[{"embeddable":true,"href":"https:\/\/www.tucomarca.com\/wordpress\/segunda\/ca\/wp-json\/wp\/v2\/users\/1"}],"replies":[{"embeddable":true,"href":"https:\/\/www.tucomarca.com\/wordpress\/segunda\/ca\/wp-json\/wp\/v2\/comments?post=212906"}],"version-history":[{"count":0,"href":"https:\/\/www.tucomarca.com\/wordpress\/segunda\/ca\/wp-json\/wp\/v2\/posts\/212906\/revisions"}],"wp:featuredmedia":[{"embeddable":true,"href":"https:\/\/www.tucomarca.com\/wordpress\/segunda\/ca\/wp-json\/wp\/v2\/media\/212901"}],"wp:attachment":[{"href":"https:\/\/www.tucomarca.com\/wordpress\/segunda\/ca\/wp-json\/wp\/v2\/media?parent=212906"}],"wp:term":[{"taxonomy":"category","embeddable":true,"href":"https:\/\/www.tucomarca.com\/wordpress\/segunda\/ca\/wp-json\/wp\/v2\/categories?post=212906"},{"taxonomy":"post_tag","embeddable":true,"href":"https:\/\/www.tucomarca.com\/wordpress\/segunda\/ca\/wp-json\/wp\/v2\/tags?post=212906"}],"curies":[{"name":"wp","href":"https:\/\/api.w.org\/{rel}","templated":true}]}}