{"id":213247,"date":"2024-03-04T11:00:00","date_gmt":"2024-03-04T10:00:00","guid":{"rendered":"https:\/\/www.tucomarca.com\/wordpress\/segunda\/?p=213247"},"modified":"2024-03-04T20:09:33","modified_gmt":"2024-03-04T19:09:33","slug":"fotogaleria-xest-dona-el-tret-deixida-a-la-festa-fallera-amb-el-seu-prego","status":"publish","type":"post","link":"https:\/\/www.tucomarca.com\/wordpress\/segunda\/ca\/fotogaleria-xest-dona-el-tret-deixida-a-la-festa-fallera-amb-el-seu-prego\/","title":{"rendered":"Fotogaler\u00eda: Xest dona el tret d&#8217;eixida a la festa fallera amb el seu preg\u00f3"},"content":{"rendered":"\n<p>Este diumenge, 3 de mar\u00e7, Xest va celebrar el preg\u00f3 faller 2024 en un acte en el sal\u00f3 de plens en el qual van participar les dues falles de la poblaci\u00f3 i la junta local.<\/p>\n\n\n\n<p>Abans de donar principi a la gala, les conductores de l&#8217;esdeveniment, Ruth Ortiz, de la Falla Barri de l&#8217;Alegria, i Beatriz Catal\u00e1, de la Falla Ind\u00fastria i Comer\u00e7, van donar la benvinguda a les persones assistents, lamentant el devastador incendi de Campanar que va obligar a cancel\u00b7lar la gala fallera chestana i mostrant el seu suport cap a les fam\u00edlies afectades.<\/p>\n\n\n\n<p>L&#8217;acte es va obrir amb la crida de les falleres majors, presidents i portadors d&#8217;estendards de cada falla; de l&#8217;alcalde, Jos\u00e9 Morell, i del regidor de Festes, \u00d3scar Gald\u00f3n, just abans de donar principi el preg\u00f3.<\/p>\n\n\n\n<p>En primer lloc van ser les representants de la Falla Ind\u00fastria i Comer\u00e7 les que es van dirigir al p\u00fablic assistent. Les falleres majors Sara Villaescusa Rosell\u00f3 i Paula Fuertes Cervera van fer un discurs conjunt amb el qual van posar en valor la cultura i tradici\u00f3 de les festes josefinas i van desgranar els actes festius, convidant als chestanos i chestanas a participar en ells.<\/p>\n\n\n\n<p>Per part seua, les falleres majors de la Falla Barri de l&#8217;Alegria, Leire Noguerales Ferrando i Rebeca G\u00f3mez Guzm\u00e1n, van fer el seu particular anomenada a la participaci\u00f3 en les Falles chestanas enaltint el sentiment faller i van destacar el paper dels i les artistes responsables dels monuments i de la pirot\u00e8cnia, de indumentaristas, m\u00fasics i m\u00fasiques, i fallers i falleres.<\/p>\n\n\n\n<p>Despr\u00e9s de les intervencions, totes dues falles van rebre les ins\u00edgnies de l&#8217;Ajuntament per part del regidor de Festes.<\/p>\n\n\n\n<p>Finalment va ser el torn de les falleres de la Junta local. Reme Peix Manzano i Marta Huercio Mar\u00edn, representants de les falles de Xest 2024, van manifestar l&#8217;orgull pel seu c\u00e0rrec, van destacar els valors d&#8217;inclusi\u00f3, solidaritat i germanor de la festa fallera i van convidar viure les Falles de manera responsable. Despr\u00e9s de les seues paraules, van rebre les claus del ciutat per part de l&#8217;alcalde.<\/p>\n\n\n\n<p><strong>Reconeixements fallers<\/strong><br>Durant l&#8217;acte es va fer lliurament dels m\u00e0xims guardons fallers a diferents personalitats emblem\u00e0tiques de les Falles chestanas i es va recon\u00e9ixer la traject\u00f2ria dels fallers amb m\u00e9s de 50 anys de participaci\u00f3 activa en les comissions falleres.<\/p>\n\n\n\n<p><strong>Tancament de l&#8217;acte<\/strong><br>L&#8217;acte es va tancar amb la intervenci\u00f3 de l&#8217;alcalde, qui va posar en valor les festes josefinas fent especial distinci\u00f3 en la cavalcada de San Jos\u00e9. \u201cFalten pocs dies per a gaudir de la indument\u00e0ria, dels monuments fallers i de l&#8217;espectacular cavalcada que sorpr\u00e9n any rere any per l&#8217;impactant treball que realitzen les nostres falles; aquesta ocasi\u00f3 ser\u00e0 la primera amb la Declaraci\u00f3 d&#8217;Inter\u00e9s Tur\u00edstic ja concedida, i crec que la viurem d&#8217;una forma m\u00e9s especial, amb l&#8217;orgull del reconeixement exterior a un treball de generacions, amb ja huit d\u00e8cades de recorregut. Gr\u00e0cies a tots els que ho heu fet possible i gr\u00e0cies als representants de la falles per la vostra implicaci\u00f3 amb Xest, per la vostra disposici\u00f3 incansable per a treballar juntament amb l&#8217;Ajuntament en tot el que es requereix i per salvaguardar la tradici\u00f3 fallera\u201d, manifestava Morell.<\/p>\n\n\n\n<figure class=\"wp-block-gallery has-nested-images columns-2 is-cropped wp-block-gallery-1 is-layout-flex wp-block-gallery-is-layout-flex\">\n<figure class=\"wp-block-image size-large\"><img loading=\"lazy\" decoding=\"async\" width=\"886\" height=\"591\" data-id=\"213205\" src=\"http:\/\/www.tucomarca.com\/wordpress\/segunda\/wp-content\/uploads\/2024\/03\/Cheste_PregonFallero01.jpg\" alt=\"\" class=\"wp-image-213205\" srcset=\"https:\/\/www.tucomarca.com\/wordpress\/segunda\/wp-content\/uploads\/2024\/03\/Cheste_PregonFallero01.jpg 886w, https:\/\/www.tucomarca.com\/wordpress\/segunda\/wp-content\/uploads\/2024\/03\/Cheste_PregonFallero01-300x200.jpg 300w, https:\/\/www.tucomarca.com\/wordpress\/segunda\/wp-content\/uploads\/2024\/03\/Cheste_PregonFallero01-768x512.jpg 768w\" sizes=\"auto, (max-width: 886px) 100vw, 886px\" \/><\/figure>\n\n\n\n<figure class=\"wp-block-image size-large\"><img loading=\"lazy\" decoding=\"async\" width=\"886\" height=\"590\" data-id=\"213207\" src=\"http:\/\/www.tucomarca.com\/wordpress\/segunda\/wp-content\/uploads\/2024\/03\/Cheste_PregonFallero02.jpg\" alt=\"\" class=\"wp-image-213207\" srcset=\"https:\/\/www.tucomarca.com\/wordpress\/segunda\/wp-content\/uploads\/2024\/03\/Cheste_PregonFallero02.jpg 886w, https:\/\/www.tucomarca.com\/wordpress\/segunda\/wp-content\/uploads\/2024\/03\/Cheste_PregonFallero02-300x200.jpg 300w, https:\/\/www.tucomarca.com\/wordpress\/segunda\/wp-content\/uploads\/2024\/03\/Cheste_PregonFallero02-768x511.jpg 768w\" sizes=\"auto, (max-width: 886px) 100vw, 886px\" \/><\/figure>\n\n\n\n<figure class=\"wp-block-image size-large\"><img loading=\"lazy\" decoding=\"async\" width=\"886\" height=\"591\" data-id=\"213211\" src=\"http:\/\/www.tucomarca.com\/wordpress\/segunda\/wp-content\/uploads\/2024\/03\/Cheste_PregonFallero04.jpg\" alt=\"\" class=\"wp-image-213211\" srcset=\"https:\/\/www.tucomarca.com\/wordpress\/segunda\/wp-content\/uploads\/2024\/03\/Cheste_PregonFallero04.jpg 886w, https:\/\/www.tucomarca.com\/wordpress\/segunda\/wp-content\/uploads\/2024\/03\/Cheste_PregonFallero04-300x200.jpg 300w, https:\/\/www.tucomarca.com\/wordpress\/segunda\/wp-content\/uploads\/2024\/03\/Cheste_PregonFallero04-768x512.jpg 768w\" sizes=\"auto, (max-width: 886px) 100vw, 886px\" \/><\/figure>\n\n\n\n<figure class=\"wp-block-image size-large\"><img loading=\"lazy\" decoding=\"async\" width=\"886\" height=\"591\" data-id=\"213209\" src=\"http:\/\/www.tucomarca.com\/wordpress\/segunda\/wp-content\/uploads\/2024\/03\/Cheste_PregonFallero03.jpg\" alt=\"\" class=\"wp-image-213209\" srcset=\"https:\/\/www.tucomarca.com\/wordpress\/segunda\/wp-content\/uploads\/2024\/03\/Cheste_PregonFallero03.jpg 886w, https:\/\/www.tucomarca.com\/wordpress\/segunda\/wp-content\/uploads\/2024\/03\/Cheste_PregonFallero03-300x200.jpg 300w, https:\/\/www.tucomarca.com\/wordpress\/segunda\/wp-content\/uploads\/2024\/03\/Cheste_PregonFallero03-768x512.jpg 768w\" sizes=\"auto, (max-width: 886px) 100vw, 886px\" \/><\/figure>\n\n\n\n<figure class=\"wp-block-image size-large\"><img loading=\"lazy\" decoding=\"async\" width=\"886\" height=\"591\" data-id=\"213213\" src=\"http:\/\/www.tucomarca.com\/wordpress\/segunda\/wp-content\/uploads\/2024\/03\/Cheste_PregonFallero05.jpg\" alt=\"\" class=\"wp-image-213213\" srcset=\"https:\/\/www.tucomarca.com\/wordpress\/segunda\/wp-content\/uploads\/2024\/03\/Cheste_PregonFallero05.jpg 886w, https:\/\/www.tucomarca.com\/wordpress\/segunda\/wp-content\/uploads\/2024\/03\/Cheste_PregonFallero05-300x200.jpg 300w, https:\/\/www.tucomarca.com\/wordpress\/segunda\/wp-content\/uploads\/2024\/03\/Cheste_PregonFallero05-768x512.jpg 768w\" sizes=\"auto, (max-width: 886px) 100vw, 886px\" \/><\/figure>\n\n\n\n<figure class=\"wp-block-image size-large\"><img loading=\"lazy\" decoding=\"async\" width=\"886\" height=\"591\" data-id=\"213215\" src=\"http:\/\/www.tucomarca.com\/wordpress\/segunda\/wp-content\/uploads\/2024\/03\/Cheste_PregonFallero06.jpg\" alt=\"\" class=\"wp-image-213215\" srcset=\"https:\/\/www.tucomarca.com\/wordpress\/segunda\/wp-content\/uploads\/2024\/03\/Cheste_PregonFallero06.jpg 886w, https:\/\/www.tucomarca.com\/wordpress\/segunda\/wp-content\/uploads\/2024\/03\/Cheste_PregonFallero06-300x200.jpg 300w, https:\/\/www.tucomarca.com\/wordpress\/segunda\/wp-content\/uploads\/2024\/03\/Cheste_PregonFallero06-768x512.jpg 768w\" sizes=\"auto, (max-width: 886px) 100vw, 886px\" \/><\/figure>\n\n\n\n<figure class=\"wp-block-image size-large\"><img loading=\"lazy\" decoding=\"async\" width=\"886\" height=\"591\" data-id=\"213217\" src=\"http:\/\/www.tucomarca.com\/wordpress\/segunda\/wp-content\/uploads\/2024\/03\/Cheste_PregonFallero07.jpg\" alt=\"\" class=\"wp-image-213217\" srcset=\"https:\/\/www.tucomarca.com\/wordpress\/segunda\/wp-content\/uploads\/2024\/03\/Cheste_PregonFallero07.jpg 886w, https:\/\/www.tucomarca.com\/wordpress\/segunda\/wp-content\/uploads\/2024\/03\/Cheste_PregonFallero07-300x200.jpg 300w, https:\/\/www.tucomarca.com\/wordpress\/segunda\/wp-content\/uploads\/2024\/03\/Cheste_PregonFallero07-768x512.jpg 768w\" sizes=\"auto, (max-width: 886px) 100vw, 886px\" \/><\/figure>\n\n\n\n<figure class=\"wp-block-image size-large\"><img loading=\"lazy\" decoding=\"async\" width=\"886\" height=\"591\" data-id=\"213219\" src=\"http:\/\/www.tucomarca.com\/wordpress\/segunda\/wp-content\/uploads\/2024\/03\/Cheste_PregonFallero08.jpg\" alt=\"\" class=\"wp-image-213219\" srcset=\"https:\/\/www.tucomarca.com\/wordpress\/segunda\/wp-content\/uploads\/2024\/03\/Cheste_PregonFallero08.jpg 886w, https:\/\/www.tucomarca.com\/wordpress\/segunda\/wp-content\/uploads\/2024\/03\/Cheste_PregonFallero08-300x200.jpg 300w, https:\/\/www.tucomarca.com\/wordpress\/segunda\/wp-content\/uploads\/2024\/03\/Cheste_PregonFallero08-768x512.jpg 768w\" sizes=\"auto, (max-width: 886px) 100vw, 886px\" \/><\/figure>\n\n\n\n<figure class=\"wp-block-image size-large\"><img loading=\"lazy\" decoding=\"async\" width=\"886\" height=\"591\" data-id=\"213221\" src=\"http:\/\/www.tucomarca.com\/wordpress\/segunda\/wp-content\/uploads\/2024\/03\/Cheste_PregonFallero09.jpg\" alt=\"\" class=\"wp-image-213221\" srcset=\"https:\/\/www.tucomarca.com\/wordpress\/segunda\/wp-content\/uploads\/2024\/03\/Cheste_PregonFallero09.jpg 886w, https:\/\/www.tucomarca.com\/wordpress\/segunda\/wp-content\/uploads\/2024\/03\/Cheste_PregonFallero09-300x200.jpg 300w, https:\/\/www.tucomarca.com\/wordpress\/segunda\/wp-content\/uploads\/2024\/03\/Cheste_PregonFallero09-768x512.jpg 768w\" sizes=\"auto, (max-width: 886px) 100vw, 886px\" \/><\/figure>\n\n\n\n<figure class=\"wp-block-image size-large\"><img loading=\"lazy\" decoding=\"async\" width=\"886\" height=\"591\" data-id=\"213227\" src=\"http:\/\/www.tucomarca.com\/wordpress\/segunda\/wp-content\/uploads\/2024\/03\/Cheste_PregonFallero12.jpg\" alt=\"\" class=\"wp-image-213227\" srcset=\"https:\/\/www.tucomarca.com\/wordpress\/segunda\/wp-content\/uploads\/2024\/03\/Cheste_PregonFallero12.jpg 886w, https:\/\/www.tucomarca.com\/wordpress\/segunda\/wp-content\/uploads\/2024\/03\/Cheste_PregonFallero12-300x200.jpg 300w, https:\/\/www.tucomarca.com\/wordpress\/segunda\/wp-content\/uploads\/2024\/03\/Cheste_PregonFallero12-768x512.jpg 768w\" sizes=\"auto, (max-width: 886px) 100vw, 886px\" \/><\/figure>\n\n\n\n<figure class=\"wp-block-image size-large\"><img loading=\"lazy\" decoding=\"async\" width=\"886\" height=\"591\" data-id=\"213229\" src=\"http:\/\/www.tucomarca.com\/wordpress\/segunda\/wp-content\/uploads\/2024\/03\/Cheste_PregonFallero13.jpg\" alt=\"\" class=\"wp-image-213229\" srcset=\"https:\/\/www.tucomarca.com\/wordpress\/segunda\/wp-content\/uploads\/2024\/03\/Cheste_PregonFallero13.jpg 886w, https:\/\/www.tucomarca.com\/wordpress\/segunda\/wp-content\/uploads\/2024\/03\/Cheste_PregonFallero13-300x200.jpg 300w, https:\/\/www.tucomarca.com\/wordpress\/segunda\/wp-content\/uploads\/2024\/03\/Cheste_PregonFallero13-768x512.jpg 768w\" sizes=\"auto, (max-width: 886px) 100vw, 886px\" \/><\/figure>\n\n\n\n<figure class=\"wp-block-image size-large\"><img loading=\"lazy\" decoding=\"async\" width=\"886\" height=\"591\" data-id=\"213231\" src=\"http:\/\/www.tucomarca.com\/wordpress\/segunda\/wp-content\/uploads\/2024\/03\/Cheste_PregonFallero14.jpg\" alt=\"\" class=\"wp-image-213231\" srcset=\"https:\/\/www.tucomarca.com\/wordpress\/segunda\/wp-content\/uploads\/2024\/03\/Cheste_PregonFallero14.jpg 886w, https:\/\/www.tucomarca.com\/wordpress\/segunda\/wp-content\/uploads\/2024\/03\/Cheste_PregonFallero14-300x200.jpg 300w, https:\/\/www.tucomarca.com\/wordpress\/segunda\/wp-content\/uploads\/2024\/03\/Cheste_PregonFallero14-768x512.jpg 768w\" sizes=\"auto, (max-width: 886px) 100vw, 886px\" \/><\/figure>\n\n\n\n<figure class=\"wp-block-image size-large\"><img loading=\"lazy\" decoding=\"async\" width=\"886\" height=\"591\" data-id=\"213233\" src=\"http:\/\/www.tucomarca.com\/wordpress\/segunda\/wp-content\/uploads\/2024\/03\/Cheste_PregonFallero15.jpg\" alt=\"\" class=\"wp-image-213233\" srcset=\"https:\/\/www.tucomarca.com\/wordpress\/segunda\/wp-content\/uploads\/2024\/03\/Cheste_PregonFallero15.jpg 886w, https:\/\/www.tucomarca.com\/wordpress\/segunda\/wp-content\/uploads\/2024\/03\/Cheste_PregonFallero15-300x200.jpg 300w, https:\/\/www.tucomarca.com\/wordpress\/segunda\/wp-content\/uploads\/2024\/03\/Cheste_PregonFallero15-768x512.jpg 768w\" sizes=\"auto, (max-width: 886px) 100vw, 886px\" \/><\/figure>\n\n\n\n<figure class=\"wp-block-image size-large\"><img loading=\"lazy\" decoding=\"async\" width=\"886\" height=\"591\" data-id=\"213235\" src=\"http:\/\/www.tucomarca.com\/wordpress\/segunda\/wp-content\/uploads\/2024\/03\/Cheste_PregonFallero16.jpg\" alt=\"\" class=\"wp-image-213235\" srcset=\"https:\/\/www.tucomarca.com\/wordpress\/segunda\/wp-content\/uploads\/2024\/03\/Cheste_PregonFallero16.jpg 886w, https:\/\/www.tucomarca.com\/wordpress\/segunda\/wp-content\/uploads\/2024\/03\/Cheste_PregonFallero16-300x200.jpg 300w, https:\/\/www.tucomarca.com\/wordpress\/segunda\/wp-content\/uploads\/2024\/03\/Cheste_PregonFallero16-768x512.jpg 768w\" sizes=\"auto, (max-width: 886px) 100vw, 886px\" \/><\/figure>\n\n\n\n<figure class=\"wp-block-image size-large\"><img loading=\"lazy\" decoding=\"async\" width=\"886\" height=\"591\" data-id=\"213237\" src=\"http:\/\/www.tucomarca.com\/wordpress\/segunda\/wp-content\/uploads\/2024\/03\/Cheste_PregonFallero17.jpg\" alt=\"\" class=\"wp-image-213237\" srcset=\"https:\/\/www.tucomarca.com\/wordpress\/segunda\/wp-content\/uploads\/2024\/03\/Cheste_PregonFallero17.jpg 886w, https:\/\/www.tucomarca.com\/wordpress\/segunda\/wp-content\/uploads\/2024\/03\/Cheste_PregonFallero17-300x200.jpg 300w, https:\/\/www.tucomarca.com\/wordpress\/segunda\/wp-content\/uploads\/2024\/03\/Cheste_PregonFallero17-768x512.jpg 768w\" sizes=\"auto, (max-width: 886px) 100vw, 886px\" \/><\/figure>\n\n\n\n<figure class=\"wp-block-image size-large\"><img loading=\"lazy\" decoding=\"async\" width=\"886\" height=\"591\" data-id=\"213239\" src=\"http:\/\/www.tucomarca.com\/wordpress\/segunda\/wp-content\/uploads\/2024\/03\/Cheste_PregonFallero18.jpg\" alt=\"\" class=\"wp-image-213239\" srcset=\"https:\/\/www.tucomarca.com\/wordpress\/segunda\/wp-content\/uploads\/2024\/03\/Cheste_PregonFallero18.jpg 886w, https:\/\/www.tucomarca.com\/wordpress\/segunda\/wp-content\/uploads\/2024\/03\/Cheste_PregonFallero18-300x200.jpg 300w, https:\/\/www.tucomarca.com\/wordpress\/segunda\/wp-content\/uploads\/2024\/03\/Cheste_PregonFallero18-768x512.jpg 768w\" sizes=\"auto, (max-width: 886px) 100vw, 886px\" \/><\/figure>\n\n\n\n<figure class=\"wp-block-image size-large\"><img loading=\"lazy\" decoding=\"async\" width=\"886\" height=\"591\" data-id=\"213241\" src=\"http:\/\/www.tucomarca.com\/wordpress\/segunda\/wp-content\/uploads\/2024\/03\/Cheste_PregonFallero19.jpg\" alt=\"\" class=\"wp-image-213241\" srcset=\"https:\/\/www.tucomarca.com\/wordpress\/segunda\/wp-content\/uploads\/2024\/03\/Cheste_PregonFallero19.jpg 886w, https:\/\/www.tucomarca.com\/wordpress\/segunda\/wp-content\/uploads\/2024\/03\/Cheste_PregonFallero19-300x200.jpg 300w, https:\/\/www.tucomarca.com\/wordpress\/segunda\/wp-content\/uploads\/2024\/03\/Cheste_PregonFallero19-768x512.jpg 768w\" sizes=\"auto, (max-width: 886px) 100vw, 886px\" \/><\/figure>\n\n\n\n<figure class=\"wp-block-image size-large\"><img loading=\"lazy\" decoding=\"async\" width=\"886\" height=\"591\" data-id=\"213243\" src=\"http:\/\/www.tucomarca.com\/wordpress\/segunda\/wp-content\/uploads\/2024\/03\/Cheste_PregonFallero20.jpg\" alt=\"\" class=\"wp-image-213243\" srcset=\"https:\/\/www.tucomarca.com\/wordpress\/segunda\/wp-content\/uploads\/2024\/03\/Cheste_PregonFallero20.jpg 886w, https:\/\/www.tucomarca.com\/wordpress\/segunda\/wp-content\/uploads\/2024\/03\/Cheste_PregonFallero20-300x200.jpg 300w, https:\/\/www.tucomarca.com\/wordpress\/segunda\/wp-content\/uploads\/2024\/03\/Cheste_PregonFallero20-768x512.jpg 768w\" sizes=\"auto, (max-width: 886px) 100vw, 886px\" \/><\/figure>\n\n\n\n<figure class=\"wp-block-image size-large\"><img loading=\"lazy\" decoding=\"async\" width=\"886\" height=\"591\" data-id=\"213223\" src=\"http:\/\/www.tucomarca.com\/wordpress\/segunda\/wp-content\/uploads\/2024\/03\/Cheste_PregonFallero10.jpg\" alt=\"\" class=\"wp-image-213223\" srcset=\"https:\/\/www.tucomarca.com\/wordpress\/segunda\/wp-content\/uploads\/2024\/03\/Cheste_PregonFallero10.jpg 886w, https:\/\/www.tucomarca.com\/wordpress\/segunda\/wp-content\/uploads\/2024\/03\/Cheste_PregonFallero10-300x200.jpg 300w, https:\/\/www.tucomarca.com\/wordpress\/segunda\/wp-content\/uploads\/2024\/03\/Cheste_PregonFallero10-768x512.jpg 768w\" sizes=\"auto, (max-width: 886px) 100vw, 886px\" \/><\/figure>\n<\/figure>\n","protected":false},"excerpt":{"rendered":"<div class=\"mh-excerpt\">Este diumenge, 3 de mar\u00e7, Xest va celebrar el preg\u00f3 faller 2024 en un acte en el sal\u00f3 de plens en el qual van participar les dues falles de la poblaci\u00f3 i la junta local. <a class=\"mh-excerpt-more\" href=\"https:\/\/www.tucomarca.com\/wordpress\/segunda\/ca\/fotogaleria-xest-dona-el-tret-deixida-a-la-festa-fallera-amb-el-seu-prego\/\" title=\"Fotogaler\u00eda: Xest dona el tret d&#8217;eixida a la festa fallera amb el seu preg\u00f3\">[+] <\/a><\/div>\n","protected":false},"author":12,"featured_media":213226,"comment_status":"open","ping_status":"open","sticky":false,"template":"","format":"gallery","meta":{"footnotes":""},"categories":[10898,10894,10912,11007,10896,10974],"tags":[11071,19154,10914],"class_list":{"0":"post-213247","1":"post","2":"type-post","3":"status-publish","4":"format-gallery","5":"has-post-thumbnail","7":"category-ventana-ca","8":"category-la-comarca-ca","9":"category-la-hoya-ca","10":"category-ocio-y-cultura-ca","11":"category-seccion-ca","12":"category-cheste-ca","13":"tag-cheste","14":"tag-fallas-2024-ca","15":"tag-la-hoya-de-bunol-chiva-ca","16":"post_format-post-format-gallery"},"_links":{"self":[{"href":"https:\/\/www.tucomarca.com\/wordpress\/segunda\/ca\/wp-json\/wp\/v2\/posts\/213247","targetHints":{"allow":["GET"]}}],"collection":[{"href":"https:\/\/www.tucomarca.com\/wordpress\/segunda\/ca\/wp-json\/wp\/v2\/posts"}],"about":[{"href":"https:\/\/www.tucomarca.com\/wordpress\/segunda\/ca\/wp-json\/wp\/v2\/types\/post"}],"author":[{"embeddable":true,"href":"https:\/\/www.tucomarca.com\/wordpress\/segunda\/ca\/wp-json\/wp\/v2\/users\/12"}],"replies":[{"embeddable":true,"href":"https:\/\/www.tucomarca.com\/wordpress\/segunda\/ca\/wp-json\/wp\/v2\/comments?post=213247"}],"version-history":[{"count":0,"href":"https:\/\/www.tucomarca.com\/wordpress\/segunda\/ca\/wp-json\/wp\/v2\/posts\/213247\/revisions"}],"wp:featuredmedia":[{"embeddable":true,"href":"https:\/\/www.tucomarca.com\/wordpress\/segunda\/ca\/wp-json\/wp\/v2\/media\/213226"}],"wp:attachment":[{"href":"https:\/\/www.tucomarca.com\/wordpress\/segunda\/ca\/wp-json\/wp\/v2\/media?parent=213247"}],"wp:term":[{"taxonomy":"category","embeddable":true,"href":"https:\/\/www.tucomarca.com\/wordpress\/segunda\/ca\/wp-json\/wp\/v2\/categories?post=213247"},{"taxonomy":"post_tag","embeddable":true,"href":"https:\/\/www.tucomarca.com\/wordpress\/segunda\/ca\/wp-json\/wp\/v2\/tags?post=213247"}],"curies":[{"name":"wp","href":"https:\/\/api.w.org\/{rel}","templated":true}]}}