{"id":213260,"date":"2024-03-04T10:45:00","date_gmt":"2024-03-04T09:45:00","guid":{"rendered":"https:\/\/www.tucomarca.com\/wordpress\/segunda\/?p=213260"},"modified":"2024-03-04T20:14:19","modified_gmt":"2024-03-04T19:14:19","slug":"la-crida-anuncia-que-benaguasil-ja-esta-en-falles","status":"publish","type":"post","link":"https:\/\/www.tucomarca.com\/wordpress\/segunda\/ca\/la-crida-anuncia-que-benaguasil-ja-esta-en-falles\/","title":{"rendered":"La crida anuncia que Benaguasil ja est\u00e0 en Falles"},"content":{"rendered":"\n<h3 class=\"wp-block-heading\">En l&#8217;acte es va posar de manifest la il\u00b7lusi\u00f3 dels fallers i falleres, que van acudir fins a la Pla\u00e7a per a donar la benvinguda a les Falles 2024.<\/h3>\n\n\n\n<figure class=\"wp-block-gallery has-nested-images columns-default is-cropped wp-block-gallery-1 is-layout-flex wp-block-gallery-is-layout-flex\">\n<figure class=\"wp-block-image size-large\"><img loading=\"lazy\" decoding=\"async\" width=\"886\" height=\"591\" data-id=\"213254\" src=\"http:\/\/www.tucomarca.com\/wordpress\/segunda\/wp-content\/uploads\/2024\/03\/CRIDABenaguasil3.jpg\" alt=\"\" class=\"wp-image-213254\" srcset=\"https:\/\/www.tucomarca.com\/wordpress\/segunda\/wp-content\/uploads\/2024\/03\/CRIDABenaguasil3.jpg 886w, https:\/\/www.tucomarca.com\/wordpress\/segunda\/wp-content\/uploads\/2024\/03\/CRIDABenaguasil3-300x200.jpg 300w, https:\/\/www.tucomarca.com\/wordpress\/segunda\/wp-content\/uploads\/2024\/03\/CRIDABenaguasil3-768x512.jpg 768w\" sizes=\"auto, (max-width: 886px) 100vw, 886px\" \/><\/figure>\n\n\n\n<figure class=\"wp-block-image size-large\"><img loading=\"lazy\" decoding=\"async\" width=\"886\" height=\"665\" data-id=\"213252\" src=\"http:\/\/www.tucomarca.com\/wordpress\/segunda\/wp-content\/uploads\/2024\/03\/CRIDABenaguasil1.jpg\" alt=\"\" class=\"wp-image-213252\" srcset=\"https:\/\/www.tucomarca.com\/wordpress\/segunda\/wp-content\/uploads\/2024\/03\/CRIDABenaguasil1.jpg 886w, https:\/\/www.tucomarca.com\/wordpress\/segunda\/wp-content\/uploads\/2024\/03\/CRIDABenaguasil1-300x225.jpg 300w, https:\/\/www.tucomarca.com\/wordpress\/segunda\/wp-content\/uploads\/2024\/03\/CRIDABenaguasil1-768x576.jpg 768w, https:\/\/www.tucomarca.com\/wordpress\/segunda\/wp-content\/uploads\/2024\/03\/CRIDABenaguasil1-678x509.jpg 678w, https:\/\/www.tucomarca.com\/wordpress\/segunda\/wp-content\/uploads\/2024\/03\/CRIDABenaguasil1-326x245.jpg 326w, https:\/\/www.tucomarca.com\/wordpress\/segunda\/wp-content\/uploads\/2024\/03\/CRIDABenaguasil1-80x60.jpg 80w\" sizes=\"auto, (max-width: 886px) 100vw, 886px\" \/><\/figure>\n<\/figure>\n\n\n\n<p>Benaguasil va donar ahir el tret d&#8217;eixida a les Falles amb l&#8217;acte que anuncia la imminent arribada de les festes josefinas, la \u2018Crida\u2019. La Pla\u00e7a va ser testimoni un any m\u00e9s, d&#8217;un dels moments m\u00e9s especials per al col\u00b7lectiu faller que es va congregar per a donar la benvinguda a les Falles.<\/p>\n\n\n\n<p>L&#8217;acte va donar inici amb l&#8217;arribada dels m\u00e0xims representants de les 10 comissions que t\u00e9 Benaguasil. Tots ells van desfilar fins a l&#8217;Ajuntament, on a les portes els esperaven l&#8217;alcalde Ximo Segarra i la regidora de Falles, Ana Aleixandre. Posteriorment va desfilar la cort d&#8217;honor de la fallera major infantil, seguida de les falleres majors del municipi, Noemi Ferrer i Ainhara Sanabria, aix\u00ed com del president infantil Asier Ortiz i la presidenta de la JLF Pepa Cano.<\/p>\n\n\n\n<p>Despr\u00e9s de les pertinents salutacions tots ells van pujar al balc\u00f3 de l&#8217;Ajuntament. All\u00ed l&#8217;alcalde va ser el primer a dirigir-se a la multitud per a proclamar que \u201cla capital del m\u00f3n faller, Benaguasil, ja est\u00e0 preparada per a gaudir de les falles\u201d.<\/p>\n\n\n\n<p>Tot seguit i en una Crida conjunta van ser Noem\u00ed, Ainhara i Asier els que van pronunciar l&#8217;esperat crit de \u2018Ja estem en Falles\u2019, que va fer vibrar a les comissions falleres. Els tres van animar a la ciutadania a participar de les seues festes josefinas i a mantindre la tradici\u00f3 fallera i van agrair el treball i esfor\u00e7 dels fallers, finalitzant el seu discurs amb el tradicional \u201cVisca Benaguasil i visquen els Falles!\u201d.<\/p>\n\n\n\n<p>L&#8217;acte va finalitzar amb l&#8217;himne regional i el castell de focs artificials.<\/p>\n","protected":false},"excerpt":{"rendered":"<div class=\"mh-excerpt\">En l&#8217;acte es va posar de manifest la il\u00b7lusi\u00f3 dels fallers i falleres, que van acudir fins a la Pla\u00e7a per a donar la benvinguda a les Falles 2024. Benaguasil va donar ahir el tret <a class=\"mh-excerpt-more\" href=\"https:\/\/www.tucomarca.com\/wordpress\/segunda\/ca\/la-crida-anuncia-que-benaguasil-ja-esta-en-falles\/\" title=\"La crida anuncia que Benaguasil ja est\u00e0 en Falles\">[+] <\/a><\/div>\n","protected":false},"author":12,"featured_media":213257,"comment_status":"open","ping_status":"open","sticky":false,"template":"","format":"image","meta":{"footnotes":""},"categories":[10952,10892,10898,10894,11004,11007,11008,10896],"tags":[11136,10899,19154],"class_list":{"0":"post-213260","1":"post","2":"type-post","3":"status-publish","4":"format-image","5":"has-post-thumbnail","7":"category-benaguasil-ca","8":"category-camp-de-turia-ca","9":"category-ventana-ca","10":"category-la-comarca-ca","11":"category-la-semana-en-imagenes-ca","12":"category-ocio-y-cultura-ca","13":"category-pueblos-en-fiestas-ca","14":"category-seccion-ca","15":"tag-benaguasil-ca","16":"tag-camp-de-turia-ca","17":"tag-fallas-2024-ca","18":"post_format-post-format-image"},"_links":{"self":[{"href":"https:\/\/www.tucomarca.com\/wordpress\/segunda\/ca\/wp-json\/wp\/v2\/posts\/213260","targetHints":{"allow":["GET"]}}],"collection":[{"href":"https:\/\/www.tucomarca.com\/wordpress\/segunda\/ca\/wp-json\/wp\/v2\/posts"}],"about":[{"href":"https:\/\/www.tucomarca.com\/wordpress\/segunda\/ca\/wp-json\/wp\/v2\/types\/post"}],"author":[{"embeddable":true,"href":"https:\/\/www.tucomarca.com\/wordpress\/segunda\/ca\/wp-json\/wp\/v2\/users\/12"}],"replies":[{"embeddable":true,"href":"https:\/\/www.tucomarca.com\/wordpress\/segunda\/ca\/wp-json\/wp\/v2\/comments?post=213260"}],"version-history":[{"count":0,"href":"https:\/\/www.tucomarca.com\/wordpress\/segunda\/ca\/wp-json\/wp\/v2\/posts\/213260\/revisions"}],"wp:featuredmedia":[{"embeddable":true,"href":"https:\/\/www.tucomarca.com\/wordpress\/segunda\/ca\/wp-json\/wp\/v2\/media\/213257"}],"wp:attachment":[{"href":"https:\/\/www.tucomarca.com\/wordpress\/segunda\/ca\/wp-json\/wp\/v2\/media?parent=213260"}],"wp:term":[{"taxonomy":"category","embeddable":true,"href":"https:\/\/www.tucomarca.com\/wordpress\/segunda\/ca\/wp-json\/wp\/v2\/categories?post=213260"},{"taxonomy":"post_tag","embeddable":true,"href":"https:\/\/www.tucomarca.com\/wordpress\/segunda\/ca\/wp-json\/wp\/v2\/tags?post=213260"}],"curies":[{"name":"wp","href":"https:\/\/api.w.org\/{rel}","templated":true}]}}