{"id":213390,"date":"2024-03-04T10:30:00","date_gmt":"2024-03-04T09:30:00","guid":{"rendered":"https:\/\/www.tucomarca.com\/wordpress\/segunda\/?p=213390"},"modified":"2024-03-04T22:49:16","modified_gmt":"2024-03-04T21:49:16","slug":"la-diputacio-de-valencia-aborda-les-claus-sobre-la-installacio-de-plantes-fotovoltaiques-en-els-municipis","status":"publish","type":"post","link":"https:\/\/www.tucomarca.com\/wordpress\/segunda\/ca\/la-diputacio-de-valencia-aborda-les-claus-sobre-la-installacio-de-plantes-fotovoltaiques-en-els-municipis\/","title":{"rendered":"La Diputaci\u00f3 de Val\u00e8ncia aborda les claus sobre la instal\u00b7laci\u00f3 de plantes fotovoltaiques en els municipis"},"content":{"rendered":"\n<h3 class=\"wp-block-heading\">La IV edici\u00f3 de les Jornades Comarcals \u2018Energia i Canvi Clim\u00e0tic\u2019 finalitza este dimecres amb una trobada en el MuVIM dirigit a t\u00e8cnics municipals i responsables p\u00fablics.<\/h3>\n\n\n\n<h3 class=\"wp-block-heading\">Quasi 200 persones han participat ja en les tres sessions celebrades a Catarroja, Montitxelvo, Benaguasil i Foios, en col\u00b7laboraci\u00f3 amb Aselec.<\/h3>\n\n\n\n<p>La IV edici\u00f3 de les Jornades Comarcals \u2018Energia i Canvi Clim\u00e0tic\u2019, que impulsa la Diputaci\u00f3 de Val\u00e8ncia en col\u00b7laboraci\u00f3 amb l&#8217;Associaci\u00f3 d&#8217;Empreses d&#8217;Instal\u00b7lacions El\u00e8ctriques, Telecomunicacions i Energies Renovables de Val\u00e8ncia (Aselec), finalitza este dimecres 6 de mar\u00e7 amb la celebraci\u00f3 de la quinta i \u00faltima jornada que tindr\u00e0 lloc en el Museu Valenci\u00e0 de la Il\u00b7lustraci\u00f3 i de la Modernitat (MuVIM), a la ciutat de Val\u00e8ncia, dirigida especialment a t\u00e8cnics municipals i c\u00e0rrecs p\u00fablics dels ajuntaments.<\/p>\n\n\n\n<p>En esta ocasi\u00f3, i a difer\u00e8ncia de les anteriors trobades, la tem\u00e0tica de la sessi\u00f3 se centra en una de les q\u00fcestions que m\u00e9s debat est\u00e0 generant en molts municipis de la prov\u00edncia, com \u00e9s l&#8217;autonomia municipal i la instal\u00b7laci\u00f3 de plantes fotovoltaiques ocupant el territori. Per a aix\u00f2, se celebrar\u00e0 una taula redona en la qual estaran representats tots els sectors afectats per este assumpte. Les inscripcions estan obertes en l&#8217;enlla\u00e7 https:\/\/www.femeval.es\/jornadas\/inscripcion_jornadas.html?id=003167 .<\/p>\n\n\n\n<p>El diputat de Medi Ambient, Avelino Mascarell, destaca \u201cla import\u00e0ncia d&#8217;esta \u00faltima trobada perqu\u00e8 es tracta d&#8217;una q\u00fcesti\u00f3 que preocupa molt als ve\u00efns dels municipis i els ajuntaments no sempre saben b\u00e9 com actuar i quines s\u00f3n les seues compet\u00e8ncies en la mat\u00e8ria\u201d.<\/p>\n\n\n\n<p>Concretament, durant la jornada intervindran l&#8217;alcalde d&#8217;Alzira, Alfons Dom\u00ednguez; la regidora de Medi Ambient de Ll\u00edria, Consuelo Morat\u00f3; la presidenta de COSITAL (Consell general de Secretaris, Interventors i Tresorers de l&#8217;Administraci\u00f3 Local), Mar\u00eda Escamilla; el director general d&#8217;Energia i Mines de la Generalitat (que \u00e9s la competent per a autoritzar este tipus d&#8217;instal\u00b7lacions) Manuel Arg\u00fcelles; i Pedro Llinares, advocat expert en dret administratiu i energia, que compta entre els seus clients amb diverses empreses que volen instal\u00b7lar plantes fotovoltaiques i estan litigant amb ajuntaments de la nostra prov\u00edncia. La moderaci\u00f3 de la taula redona ser\u00e0 a c\u00e0rrec de Javier Abad, enginyer industrial i president de la Comissi\u00f3 d&#8217;Energia i Medi Ambient del COIICV.<\/p>\n\n\n\n<p><strong>Jornades anteriors<\/strong><\/p>\n\n\n\n<p>Fins al moment s&#8217;han celebrat quatre jornades a Catarroja, Montitxelvo, Benaguasil i Foios, amb una participaci\u00f3 de quasi 200 persones entre c\u00e0rrecs electes, t\u00e8cnics municipals i empreses d&#8217;instal\u00b7laci\u00f3 energ\u00e8tica. En totes elles la tem\u00e0tica s&#8217;ha centrat en l&#8217;efici\u00e8ncia energ\u00e8tica (bomba de calor aerot\u00e8rmica i geot\u00e8rmica), la generaci\u00f3 d&#8217;energies renovables (microturbinat en xarxes de distribuci\u00f3 d&#8217;aigua) i les ferramentes amb les quals compten els municipis per a aconseguir estos objectius (Empreses de Servicis Energ\u00e8tics EIXE\u2019s i Certificats d&#8217;Estalvi Energ\u00e8tic CAE\u2019s)<\/p>\n\n\n\n<p>Els temes que han despertat major inter\u00e9s s\u00f3n la bomba de calor per a climatitzar instal\u00b7lacions municipals que siguen grans consumidores d&#8217;energia (com pot ser el cas de les piscines climatitzades) i els CAE\u2019s com a ferramenta per a aconseguir finan\u00e7ament monetitzant actuacions d&#8217;efici\u00e8ncia energ\u00e8tica ja realitzades.<\/p>\n","protected":false},"excerpt":{"rendered":"<div class=\"mh-excerpt\">La IV edici\u00f3 de les Jornades Comarcals \u2018Energia i Canvi Clim\u00e0tic\u2019 finalitza este dimecres amb una trobada en el MuVIM dirigit a t\u00e8cnics municipals i responsables p\u00fablics. Quasi 200 persones han participat ja en les <a class=\"mh-excerpt-more\" href=\"https:\/\/www.tucomarca.com\/wordpress\/segunda\/ca\/la-diputacio-de-valencia-aborda-les-claus-sobre-la-installacio-de-plantes-fotovoltaiques-en-els-municipis\/\" title=\"La Diputaci\u00f3 de Val\u00e8ncia aborda les claus sobre la instal\u00b7laci\u00f3 de plantes fotovoltaiques en els municipis\">[+] <\/a><\/div>\n","protected":false},"author":12,"featured_media":213387,"comment_status":"open","ping_status":"open","sticky":false,"template":"","format":"standard","meta":{"footnotes":""},"categories":[11019,10952,10892,10948,10894,10903,10947,10896],"tags":[11136,10899,11246],"class_list":{"0":"post-213390","1":"post","2":"type-post","3":"status-publish","4":"format-standard","5":"has-post-thumbnail","7":"category-agenda-ca","8":"category-benaguasil-ca","9":"category-camp-de-turia-ca","10":"category-infraestructuras-ca","11":"category-la-comarca-ca","12":"category-medio-ambiente-la-comarca-ca","13":"category-politica","14":"category-seccion-ca","15":"tag-benaguasil-ca","16":"tag-camp-de-turia-ca","17":"tag-diputacio-de-valencia-ca"},"_links":{"self":[{"href":"https:\/\/www.tucomarca.com\/wordpress\/segunda\/ca\/wp-json\/wp\/v2\/posts\/213390","targetHints":{"allow":["GET"]}}],"collection":[{"href":"https:\/\/www.tucomarca.com\/wordpress\/segunda\/ca\/wp-json\/wp\/v2\/posts"}],"about":[{"href":"https:\/\/www.tucomarca.com\/wordpress\/segunda\/ca\/wp-json\/wp\/v2\/types\/post"}],"author":[{"embeddable":true,"href":"https:\/\/www.tucomarca.com\/wordpress\/segunda\/ca\/wp-json\/wp\/v2\/users\/12"}],"replies":[{"embeddable":true,"href":"https:\/\/www.tucomarca.com\/wordpress\/segunda\/ca\/wp-json\/wp\/v2\/comments?post=213390"}],"version-history":[{"count":0,"href":"https:\/\/www.tucomarca.com\/wordpress\/segunda\/ca\/wp-json\/wp\/v2\/posts\/213390\/revisions"}],"wp:featuredmedia":[{"embeddable":true,"href":"https:\/\/www.tucomarca.com\/wordpress\/segunda\/ca\/wp-json\/wp\/v2\/media\/213387"}],"wp:attachment":[{"href":"https:\/\/www.tucomarca.com\/wordpress\/segunda\/ca\/wp-json\/wp\/v2\/media?parent=213390"}],"wp:term":[{"taxonomy":"category","embeddable":true,"href":"https:\/\/www.tucomarca.com\/wordpress\/segunda\/ca\/wp-json\/wp\/v2\/categories?post=213390"},{"taxonomy":"post_tag","embeddable":true,"href":"https:\/\/www.tucomarca.com\/wordpress\/segunda\/ca\/wp-json\/wp\/v2\/tags?post=213390"}],"curies":[{"name":"wp","href":"https:\/\/api.w.org\/{rel}","templated":true}]}}