{"id":213648,"date":"2024-03-06T14:00:00","date_gmt":"2024-03-06T13:00:00","guid":{"rendered":"https:\/\/www.tucomarca.com\/wordpress\/segunda\/?p=213648"},"modified":"2024-03-06T23:26:24","modified_gmt":"2024-03-06T22:26:24","slug":"la-falla-carrer-de-lliria-fa-doblet-en-el-ninot-indultat","status":"publish","type":"post","link":"https:\/\/www.tucomarca.com\/wordpress\/segunda\/ca\/la-falla-carrer-de-lliria-fa-doblet-en-el-ninot-indultat\/","title":{"rendered":"La falla Carrer de Lliria fa doblet en el Ninot Indultat"},"content":{"rendered":"\n<h3 class=\"wp-block-heading\">Les figures \u2018No t\u2019espantes\u2019 i \u2018Per ofrenar, se salvaran de les flames el pr\u00f2xim 19 de mar\u00e7.<\/h3>\n\n\n\n<figure class=\"wp-block-gallery has-nested-images columns-default is-cropped wp-block-gallery-1 is-layout-flex wp-block-gallery-is-layout-flex\">\n<figure class=\"wp-block-image size-large\"><img loading=\"lazy\" decoding=\"async\" width=\"1536\" height=\"2048\" data-id=\"213640\" src=\"http:\/\/www.tucomarca.com\/wordpress\/segunda\/wp-content\/uploads\/2024\/03\/Benaguasilclliriagrande.jpg\" alt=\"\" class=\"wp-image-213640\" srcset=\"https:\/\/www.tucomarca.com\/wordpress\/segunda\/wp-content\/uploads\/2024\/03\/Benaguasilclliriagrande.jpg 1536w, https:\/\/www.tucomarca.com\/wordpress\/segunda\/wp-content\/uploads\/2024\/03\/Benaguasilclliriagrande-225x300.jpg 225w, https:\/\/www.tucomarca.com\/wordpress\/segunda\/wp-content\/uploads\/2024\/03\/Benaguasilclliriagrande-768x1024.jpg 768w, https:\/\/www.tucomarca.com\/wordpress\/segunda\/wp-content\/uploads\/2024\/03\/Benaguasilclliriagrande-1152x1536.jpg 1152w\" sizes=\"auto, (max-width: 1536px) 100vw, 1536px\" \/><\/figure>\n\n\n\n<figure class=\"wp-block-image size-large\"><img loading=\"lazy\" decoding=\"async\" width=\"886\" height=\"665\" data-id=\"213642\" src=\"http:\/\/www.tucomarca.com\/wordpress\/segunda\/wp-content\/uploads\/2024\/03\/Benaguasilclliriainf.jpg\" alt=\"\" class=\"wp-image-213642\" srcset=\"https:\/\/www.tucomarca.com\/wordpress\/segunda\/wp-content\/uploads\/2024\/03\/Benaguasilclliriainf.jpg 886w, https:\/\/www.tucomarca.com\/wordpress\/segunda\/wp-content\/uploads\/2024\/03\/Benaguasilclliriainf-300x225.jpg 300w, https:\/\/www.tucomarca.com\/wordpress\/segunda\/wp-content\/uploads\/2024\/03\/Benaguasilclliriainf-768x576.jpg 768w, https:\/\/www.tucomarca.com\/wordpress\/segunda\/wp-content\/uploads\/2024\/03\/Benaguasilclliriainf-678x509.jpg 678w, https:\/\/www.tucomarca.com\/wordpress\/segunda\/wp-content\/uploads\/2024\/03\/Benaguasilclliriainf-326x245.jpg 326w, https:\/\/www.tucomarca.com\/wordpress\/segunda\/wp-content\/uploads\/2024\/03\/Benaguasilclliriainf-80x60.jpg 80w\" sizes=\"auto, (max-width: 886px) 100vw, 886px\" \/><\/figure>\n<\/figure>\n\n\n\n<p>La comissi\u00f3 Carrer de Lliria ha sigut la gran triomfadora, aconseguint l&#8217;indult per als ninots presentats en les categories de Falla Gran i Infantil respectivament. Va ser quan l&#8217;Alcalde va pronunciar que les figures &#8220;Per ofrenar&#8221; en infantil i &#8220;No t\u2019espantes&#8221; en falla gran aconseguien el triomf, quan els fallers el van celebrar en gran.<\/p>\n\n\n\n<p>Abans de con\u00e9ixer el veredicte del jurat, l&#8217;Alcalde va felicitar a totes les falles pel nivell dels ninots que fan presagiar uns sensacionals monuments per a les Falles d&#8217;enguany, i va agrair el treball constant de les comissions. Posteriorment i amb els nervis a flor de pell dels fallers, l&#8217;inspector de la Policia va entregar els sobres custodiats fins al moment de revelar els premis als millors ninots.<\/p>\n\n\n\n<p>L&#8217;acte va estar presidit per les falleres majors de Benaguasil, Noemi Ferrer i Ainhara Sanabria, el president infantil i la presidenta de JLF, Asier Ortiz i Pepa Cano, acompanyades de l&#8217;alcalde, Ximo Segarra, la regidora de Falles, Ana Aleixandre, i la Cort d&#8217;Honor Infantil.<\/p>\n","protected":false},"excerpt":{"rendered":"<div class=\"mh-excerpt\">Les figures \u2018No t\u2019espantes\u2019 i \u2018Per ofrenar, se salvaran de les flames el pr\u00f2xim 19 de mar\u00e7. La comissi\u00f3 Carrer de Lliria ha sigut la gran triomfadora, aconseguint l&#8217;indult per als ninots presentats en les <a class=\"mh-excerpt-more\" href=\"https:\/\/www.tucomarca.com\/wordpress\/segunda\/ca\/la-falla-carrer-de-lliria-fa-doblet-en-el-ninot-indultat\/\" title=\"La falla Carrer de Lliria fa doblet en el Ninot Indultat\">[+] <\/a><\/div>\n","protected":false},"author":12,"featured_media":213645,"comment_status":"open","ping_status":"open","sticky":false,"template":"","format":"gallery","meta":{"footnotes":""},"categories":[10952,10892,10894,11007,10896],"tags":[11136,10899,18873],"class_list":{"0":"post-213648","1":"post","2":"type-post","3":"status-publish","4":"format-gallery","5":"has-post-thumbnail","7":"category-benaguasil-ca","8":"category-camp-de-turia-ca","9":"category-la-comarca-ca","10":"category-ocio-y-cultura-ca","11":"category-seccion-ca","12":"tag-benaguasil-ca","13":"tag-camp-de-turia-ca","14":"tag-exposicio-del-ninot-ca","15":"post_format-post-format-gallery"},"_links":{"self":[{"href":"https:\/\/www.tucomarca.com\/wordpress\/segunda\/ca\/wp-json\/wp\/v2\/posts\/213648","targetHints":{"allow":["GET"]}}],"collection":[{"href":"https:\/\/www.tucomarca.com\/wordpress\/segunda\/ca\/wp-json\/wp\/v2\/posts"}],"about":[{"href":"https:\/\/www.tucomarca.com\/wordpress\/segunda\/ca\/wp-json\/wp\/v2\/types\/post"}],"author":[{"embeddable":true,"href":"https:\/\/www.tucomarca.com\/wordpress\/segunda\/ca\/wp-json\/wp\/v2\/users\/12"}],"replies":[{"embeddable":true,"href":"https:\/\/www.tucomarca.com\/wordpress\/segunda\/ca\/wp-json\/wp\/v2\/comments?post=213648"}],"version-history":[{"count":0,"href":"https:\/\/www.tucomarca.com\/wordpress\/segunda\/ca\/wp-json\/wp\/v2\/posts\/213648\/revisions"}],"wp:featuredmedia":[{"embeddable":true,"href":"https:\/\/www.tucomarca.com\/wordpress\/segunda\/ca\/wp-json\/wp\/v2\/media\/213645"}],"wp:attachment":[{"href":"https:\/\/www.tucomarca.com\/wordpress\/segunda\/ca\/wp-json\/wp\/v2\/media?parent=213648"}],"wp:term":[{"taxonomy":"category","embeddable":true,"href":"https:\/\/www.tucomarca.com\/wordpress\/segunda\/ca\/wp-json\/wp\/v2\/categories?post=213648"},{"taxonomy":"post_tag","embeddable":true,"href":"https:\/\/www.tucomarca.com\/wordpress\/segunda\/ca\/wp-json\/wp\/v2\/tags?post=213648"}],"curies":[{"name":"wp","href":"https:\/\/api.w.org\/{rel}","templated":true}]}}