{"id":213669,"date":"2024-03-06T13:30:00","date_gmt":"2024-03-06T12:30:00","guid":{"rendered":"https:\/\/www.tucomarca.com\/wordpress\/segunda\/?p=213669"},"modified":"2024-03-06T23:06:27","modified_gmt":"2024-03-06T22:06:27","slug":"turis-comenca-a-preparar-la-xix-edicio-de-la-seua-fira","status":"publish","type":"post","link":"https:\/\/www.tucomarca.com\/wordpress\/segunda\/ca\/turis-comenca-a-preparar-la-xix-edicio-de-la-seua-fira\/","title":{"rendered":"Tur\u00eds comen\u00e7a a preparar la XIX edici\u00f3 de la seua fira"},"content":{"rendered":"\n<h3 class=\"wp-block-heading\">El event tindr\u00e0 lloc del 3 al 5 de maig.<\/h3>\n\n\n\n<p>&nbsp;L\u2019Ajuntament de Tur\u00eds ha comen\u00e7at els preparatius de la XIX edici\u00f3 de la seua fira que, a partir d\u2019enguany, passa a denominar-se Fira Tur\u00eds.<br>Des del consistori han obert les inscripcions per a aquells comer\u00e7os o negocis que estiguen interessats a participar com expositors.<br>En eixe cas, poden enviar les seues dades al correu desenvolupamentlocal@turis.es per tal de concretar tots els aspectes que comporta el fet d\u2019exposar.<br>Enguany la fira es desenvolupar\u00e0 del 3 al 5 de maig i torna a la seua ubicaci\u00f3 original, entre la Pla\u00e7a Vicent Ribes i la Pla\u00e7a De la Constituci\u00f3, amb especial atenci\u00f3 al comer\u00e7 i la restauraci\u00f3.<\/p>\n","protected":false},"excerpt":{"rendered":"<div class=\"mh-excerpt\">El event tindr\u00e0 lloc del 3 al 5 de maig. &nbsp;L\u2019Ajuntament de Tur\u00eds ha comen\u00e7at els preparatius de la XIX edici\u00f3 de la seua fira que, a partir d\u2019enguany, passa a denominar-se Fira Tur\u00eds.Des del <a class=\"mh-excerpt-more\" href=\"https:\/\/www.tucomarca.com\/wordpress\/segunda\/ca\/turis-comenca-a-preparar-la-xix-edicio-de-la-seua-fira\/\" title=\"Tur\u00eds comen\u00e7a a preparar la XIX edici\u00f3 de la seua fira\">[+] <\/a><\/div>\n","protected":false},"author":12,"featured_media":213668,"comment_status":"open","ping_status":"open","sticky":false,"template":"","format":"standard","meta":{"footnotes":""},"categories":[11019,10894,10902,11007,10947,10896,11047],"tags":[20377,11356,11093],"class_list":{"0":"post-213669","1":"post","2":"type-post","3":"status-publish","4":"format-standard","5":"has-post-thumbnail","7":"category-agenda-ca","8":"category-la-comarca-ca","9":"category-la-ribera-ca","10":"category-ocio-y-cultura-ca","11":"category-politica","12":"category-seccion-ca","13":"category-turis-ca","14":"tag-feria-turis-ca","15":"tag-ribera-alta-ca","16":"tag-turis-ca"},"_links":{"self":[{"href":"https:\/\/www.tucomarca.com\/wordpress\/segunda\/ca\/wp-json\/wp\/v2\/posts\/213669","targetHints":{"allow":["GET"]}}],"collection":[{"href":"https:\/\/www.tucomarca.com\/wordpress\/segunda\/ca\/wp-json\/wp\/v2\/posts"}],"about":[{"href":"https:\/\/www.tucomarca.com\/wordpress\/segunda\/ca\/wp-json\/wp\/v2\/types\/post"}],"author":[{"embeddable":true,"href":"https:\/\/www.tucomarca.com\/wordpress\/segunda\/ca\/wp-json\/wp\/v2\/users\/12"}],"replies":[{"embeddable":true,"href":"https:\/\/www.tucomarca.com\/wordpress\/segunda\/ca\/wp-json\/wp\/v2\/comments?post=213669"}],"version-history":[{"count":0,"href":"https:\/\/www.tucomarca.com\/wordpress\/segunda\/ca\/wp-json\/wp\/v2\/posts\/213669\/revisions"}],"wp:featuredmedia":[{"embeddable":true,"href":"https:\/\/www.tucomarca.com\/wordpress\/segunda\/ca\/wp-json\/wp\/v2\/media\/213668"}],"wp:attachment":[{"href":"https:\/\/www.tucomarca.com\/wordpress\/segunda\/ca\/wp-json\/wp\/v2\/media?parent=213669"}],"wp:term":[{"taxonomy":"category","embeddable":true,"href":"https:\/\/www.tucomarca.com\/wordpress\/segunda\/ca\/wp-json\/wp\/v2\/categories?post=213669"},{"taxonomy":"post_tag","embeddable":true,"href":"https:\/\/www.tucomarca.com\/wordpress\/segunda\/ca\/wp-json\/wp\/v2\/tags?post=213669"}],"curies":[{"name":"wp","href":"https:\/\/api.w.org\/{rel}","templated":true}]}}