{"id":213981,"date":"2024-03-08T13:00:00","date_gmt":"2024-03-08T12:00:00","guid":{"rendered":"https:\/\/www.tucomarca.com\/wordpress\/segunda\/?p=213981"},"modified":"2024-03-09T12:31:28","modified_gmt":"2024-03-09T11:31:28","slug":"bunol-sera-por-primera-vez-etapa-de-la-vuelta-ciclista-a-espana-femenina","status":"publish","type":"post","link":"https:\/\/www.tucomarca.com\/wordpress\/segunda\/ca\/bunol-sera-por-primera-vez-etapa-de-la-vuelta-ciclista-a-espana-femenina\/","title":{"rendered":"Bunyol acollir\u00e0 l&#8217;eixida de la segona etapa de la Volta Ciclista a Espanya Femenina"},"content":{"rendered":"\n<h3 class=\"wp-block-heading\">Hui, 8 de mar\u00e7, Dia Internacional de la Dona, es presenta en el Palau de la Generalitat Valenciana la Volta Ciclista a Espanya Femenina, que arrancar\u00e0 el pr\u00f2xim 28 d&#8217;abril a Val\u00e8ncia.<\/h3>\n\n\n\n<p>Bunyol per primera vegada albergar\u00e0 l&#8217;eixida de la segona etapa de la Volta Ciclista a Espanya Femenina. L&#8217;etapa \u00e9s Bunyol-Moncofa. Arrancar\u00e0 el 28 d&#8217;abril a Val\u00e8ncia. \u00c9s la segona edici\u00f3 d&#8217;aquesta ronda espanyola. A l&#8217;acte de presentaci\u00f3 d&#8217;aquesta carrera ha anat Virginia Sanz, Alcaldessa de Bunyol, Ulisses Araujo, regidor d&#8217;Esports i Luc\u00eda Villar, regidora de Turisme.<\/p>\n\n\n\n<p>Hui 8 de mar\u00e7, Dia Internacional de la Dona, ha sigut el dia triat per a presentar aquesta segona edici\u00f3, que arrancar\u00e0 el 28 d&#8217;abril a Val\u00e8ncia. La segona etapa t\u00e9 eixida a Bunyol, una cosa hist\u00f2rica per a la localitat. El Palau de la Generalitat ha sigut el lloc triat per a presentar aquesta carrera. Carlos Maz\u00f3n, president de la Generalitat va ser present en aquest acte, on Bunyol va ser un dels municipis protagonistes.<br>Centenars d&#8217;esportistes, acompanyades dels seus equips, estaran a Bunyol, i coneixeran de prop aquesta localitat. Tamb\u00e9 nombrosos curiosos s&#8217;acostaran i comprovaran els enormes atractius tur\u00edstics, culturals, paisatg\u00edstics i gastron\u00f2mics que ofereix aquesta bella localitat d&#8217;interior de la prov\u00edncia de Val\u00e8ncia.<br>Virginia Sanz, Alcaldessa de Bunyol, s&#8217;ha mostrat enormement satisfeta per aquesta nova aposta que es fa per Bunyol, \u201cara m\u00e9s visible a nivell nacional que mai ho ha estat en albergar la Volta Ciclista a Espanya Femenina. Una volta que celebra la seua segona edici\u00f3 i \u00e9s mostra d&#8217;orgull immens que Bunyol estiga entre els noms pels quals arranca una etapa. Aix\u00ed que deixem clar que som un poble feminista, a l&#8217;avantguarda de l&#8217;esport femen\u00ed\u201d.<br>Per la seua part Ulisses Araujo, regidor d&#8217;Esports, estava molt satisfet perqu\u00e8 hagen pensat en Bunyol pels seus grans atractius paisatg\u00edstics i de duresa per les seues costes i muntanyes per a albergar la Volta Ciclista a Espanya Femenina. \u201cAconseguirem que Bunyol siga vist en tota Espanya, i per aix\u00f2 ara hem de garantir tots els mitjans possibles perqu\u00e8 l&#8217;organitzaci\u00f3 d&#8217;aquesta etapa siga un \u00e8xit\u201d.<br>Tamb\u00e9 hui l&#8217;organitzaci\u00f3 ha anunciat els equips participants en la carrera. En una gala que s&#8217;ha em\u00e9s en streaming a trav\u00e9s de la web i les xarxes socials de La Volta Femenina. Igual que en 2023, la segona edici\u00f3 de La Volta, sota aquesta denominaci\u00f3, tornar\u00e0 a tindre un cim ic\u00f2nic i la idea inicial, temps arrere, era la d&#8217;incloure una contrarellotge, a difer\u00e8ncia del passat any. La segona edici\u00f3 de La Volta Femenina va agafant forma, almenys al seu enquadrament en el calendari.<br>No estar\u00e0 la vigent campiona, Annemiek van Vleuten, retirada al final del passat any. Amb la professionalitzaci\u00f3 del ciclisme femen\u00ed, tamb\u00e9 va haver-hi canvis que van suposar la reducci\u00f3 d&#8217;equips espanyols en l&#8217;elit. El Movistar, en el World Tour, i el Laboral, Kutxa, una categoria per davall, s\u00f3n els m\u00e0xims exponents.<\/p>\n\n\n\n<p><\/p>\n\n\n\n<figure class=\"wp-block-image size-large\"><img loading=\"lazy\" decoding=\"async\" width=\"818\" height=\"1024\" src=\"http:\/\/www.tucomarca.com\/wordpress\/segunda\/wp-content\/uploads\/2024\/03\/Vuelta3-818x1024.jpg\" alt=\"\" class=\"wp-image-214037\" srcset=\"https:\/\/www.tucomarca.com\/wordpress\/segunda\/wp-content\/uploads\/2024\/03\/Vuelta3-818x1024.jpg 818w, https:\/\/www.tucomarca.com\/wordpress\/segunda\/wp-content\/uploads\/2024\/03\/Vuelta3-240x300.jpg 240w, https:\/\/www.tucomarca.com\/wordpress\/segunda\/wp-content\/uploads\/2024\/03\/Vuelta3-768x962.jpg 768w, https:\/\/www.tucomarca.com\/wordpress\/segunda\/wp-content\/uploads\/2024\/03\/Vuelta3.jpg 1082w\" sizes=\"auto, (max-width: 818px) 100vw, 818px\" \/><\/figure>\n","protected":false},"excerpt":{"rendered":"<div class=\"mh-excerpt\">Hui, 8 de mar\u00e7, Dia Internacional de la Dona, es presenta en el Palau de la Generalitat Valenciana la Volta Ciclista a Espanya Femenina, que arrancar\u00e0 el pr\u00f2xim 28 d&#8217;abril a Val\u00e8ncia. Bunyol per primera <a class=\"mh-excerpt-more\" href=\"https:\/\/www.tucomarca.com\/wordpress\/segunda\/ca\/bunol-sera-por-primera-vez-etapa-de-la-vuelta-ciclista-a-espana-femenina\/\" title=\"Bunyol acollir\u00e0 l&#8217;eixida de la segona etapa de la Volta Ciclista a Espanya Femenina\">[+] <\/a><\/div>\n","protected":false},"author":12,"featured_media":214039,"comment_status":"open","ping_status":"open","sticky":false,"template":"","format":"image","meta":{"footnotes":""},"categories":[10911,11013,11003,10898,10894,10912,10896],"tags":[10913,10914,20386],"class_list":{"0":"post-213981","1":"post","2":"type-post","3":"status-publish","4":"format-image","5":"has-post-thumbnail","7":"category-bunol-ca","8":"category-ciclismo-ca","9":"category-sports","10":"category-ventana-ca","11":"category-la-comarca-ca","12":"category-la-hoya-ca","13":"category-seccion-ca","14":"tag-bunol-ca","15":"tag-la-hoya-de-bunol-chiva-ca","16":"tag-vuelta-ciclista-e-espana-femenina-ca","17":"post_format-post-format-image"},"_links":{"self":[{"href":"https:\/\/www.tucomarca.com\/wordpress\/segunda\/ca\/wp-json\/wp\/v2\/posts\/213981","targetHints":{"allow":["GET"]}}],"collection":[{"href":"https:\/\/www.tucomarca.com\/wordpress\/segunda\/ca\/wp-json\/wp\/v2\/posts"}],"about":[{"href":"https:\/\/www.tucomarca.com\/wordpress\/segunda\/ca\/wp-json\/wp\/v2\/types\/post"}],"author":[{"embeddable":true,"href":"https:\/\/www.tucomarca.com\/wordpress\/segunda\/ca\/wp-json\/wp\/v2\/users\/12"}],"replies":[{"embeddable":true,"href":"https:\/\/www.tucomarca.com\/wordpress\/segunda\/ca\/wp-json\/wp\/v2\/comments?post=213981"}],"version-history":[{"count":0,"href":"https:\/\/www.tucomarca.com\/wordpress\/segunda\/ca\/wp-json\/wp\/v2\/posts\/213981\/revisions"}],"wp:featuredmedia":[{"embeddable":true,"href":"https:\/\/www.tucomarca.com\/wordpress\/segunda\/ca\/wp-json\/wp\/v2\/media\/214039"}],"wp:attachment":[{"href":"https:\/\/www.tucomarca.com\/wordpress\/segunda\/ca\/wp-json\/wp\/v2\/media?parent=213981"}],"wp:term":[{"taxonomy":"category","embeddable":true,"href":"https:\/\/www.tucomarca.com\/wordpress\/segunda\/ca\/wp-json\/wp\/v2\/categories?post=213981"},{"taxonomy":"post_tag","embeddable":true,"href":"https:\/\/www.tucomarca.com\/wordpress\/segunda\/ca\/wp-json\/wp\/v2\/tags?post=213981"}],"curies":[{"name":"wp","href":"https:\/\/api.w.org\/{rel}","templated":true}]}}