{"id":214486,"date":"2024-03-13T14:00:00","date_gmt":"2024-03-13T13:00:00","guid":{"rendered":"https:\/\/www.tucomarca.com\/wordpress\/segunda\/?p=214486"},"modified":"2024-03-13T16:59:02","modified_gmt":"2024-03-13T15:59:02","slug":"la-diputacio-i-les-falleres-majors-de-valencia-donen-la-benvinguda-a-unes-falles-de-traca","status":"publish","type":"post","link":"https:\/\/www.tucomarca.com\/wordpress\/segunda\/ca\/la-diputacio-i-les-falleres-majors-de-valencia-donen-la-benvinguda-a-unes-falles-de-traca\/","title":{"rendered":"La Diputaci\u00f3 i les Falleres Majors de Val\u00e8ncia donen la benvinguda a unes &#8216;Falles de traca&#8217;"},"content":{"rendered":"\n<h3 class=\"wp-block-heading\"><strong>El president, Vicent Momp\u00f3, acompanyat per les vicepresidentes Nat\u00e0lia Enguix i Reme Mazzolari, reben a M\u00aa Estela Arlandis i Marina Garc\u00eda en la primera jornada de la Recepci\u00f3 fallera de la corporaci\u00f3 provincial<\/strong>.<\/h3>\n\n\n\n<h3 class=\"wp-block-heading\"><strong>Momp\u00f3 convida a les valencianes i valencians a celebrar les festes al costat de la instituci\u00f3 i la Fallera Major de la capital destaca el potencial de les Falles \u201cen moltes de les comarques i pobles de tota la prov\u00edncia\u201d<\/strong>.<\/h3>\n\n\n\n<p>La Diputaci\u00f3 de Val\u00e8ncia celebra este dimecres la primera de les jornades de la seua tradicional Recepci\u00f3 fallera. El president de la corporaci\u00f3, Vicent Momp\u00f3, acompanyat per les vicepresidentes Nat\u00e0lia Enguix i Reme Mazzolari, ha donat la benvinguda a \u201cunes Falles de traca\u201d al costat de les Falleres Majors de Val\u00e8ncia, M\u00aa Estela Arlandis i Marina Garc\u00eda, que han protagonitzat la matinal fallera en la Diputaci\u00f3 envoltades de les seues Corts d&#8217;Honor.<\/p>\n\n\n\n<p>Els responsables de la instituci\u00f3 provincial han rebut a les Falleres Majors al pati del Palau dels Scala, per a acompanyar-les a continuaci\u00f3 al Sal\u00f3 de Plens, on M\u00aa Estela Arlandis i Marina Garc\u00eda han firmat en el Llibre d&#8217;Honor de la Diputaci\u00f3 de Val\u00e8ncia. Estela ha posat en valor el treball que realitza la instituci\u00f3 en mat\u00e8ria cultural i ha assegurat en la seua r\u00fabrica: \u201cguardar\u00e9 este dia en el meu cor\u201d. Marina, per part seua, ha agra\u00eft a la Diputaci\u00f3 formar part de \u201ceste gran somni que \u00e9s ser fallera major de Val\u00e8ncia\u201d.<\/p>\n\n\n\n<p>El president Momp\u00f3 ha destacat el protagonisme de la Diputaci\u00f3 en la festa com \u201cuna instituci\u00f3 oberta als pobles, a les seues gents i per descomptat a les seues tradicions\u201d. \u201cUn any m\u00e9s, les valencianes i els valencians poden visitar-nos per a celebrar en nosaltres les Falles, que s\u00f3n molt importants no sols en el Cap i Casal sin\u00f3 en quasi totes les comarques i en molts municipis de la prov\u00edncia, com demostra l&#8217;exposici\u00f3 de ninots dels nostres pobles que pot veure&#8217;s en la Diputaci\u00f3 fins al dia de San Jos\u00e9\u201d, ha assenyalat Momp\u00f3.<\/p>\n\n\n\n<p>Per part seua, la Fallera Major de Val\u00e8ncia, M\u00aa Estela Arlandis, considera que la Recepci\u00f3 organitzada per la Diputaci\u00f3 forma part ja del calendari faller, i \u00e9s \u201cuna de les cites imprescindibles en estos dies fren\u00e8tics que tenim l&#8217;honor de viure com a Falleres Majors\u201d. Estela ha tingut paraules per a la seua comarca, la Vall d&#8217;Albaida, i s&#8217;ha mostrat molt il\u00b7lusionada amb \u201cesta exposici\u00f3 de ninots que deixa molt clar que les Falles s\u00f3n una festa de la ciutat i tamb\u00e9 dels seus pobles\u201d.<\/p>\n\n\n\n<figure class=\"wp-block-image size-large\"><img loading=\"lazy\" decoding=\"async\" width=\"1024\" height=\"665\" src=\"http:\/\/www.tucomarca.com\/wordpress\/segunda\/wp-content\/uploads\/2024\/03\/DipuFallas3-1024x665.jpg\" alt=\"\" class=\"wp-image-214482\" srcset=\"https:\/\/www.tucomarca.com\/wordpress\/segunda\/wp-content\/uploads\/2024\/03\/DipuFallas3-1024x665.jpg 1024w, https:\/\/www.tucomarca.com\/wordpress\/segunda\/wp-content\/uploads\/2024\/03\/DipuFallas3-300x195.jpg 300w, https:\/\/www.tucomarca.com\/wordpress\/segunda\/wp-content\/uploads\/2024\/03\/DipuFallas3-768x499.jpg 768w, https:\/\/www.tucomarca.com\/wordpress\/segunda\/wp-content\/uploads\/2024\/03\/DipuFallas3-1536x998.jpg 1536w, https:\/\/www.tucomarca.com\/wordpress\/segunda\/wp-content\/uploads\/2024\/03\/DipuFallas3-2048x1331.jpg 2048w\" sizes=\"auto, (max-width: 1024px) 100vw, 1024px\" \/><\/figure>\n\n\n\n<p><strong>Juntes Locals Falleres<\/strong><\/p>\n\n\n\n<p>Despr\u00e9s de la firma en el Llibre d&#8217;Honor i la visita a l&#8217;exposici\u00f3 \u2018Ninots\u2019, instal\u00b7lada en el Sal\u00f3 de Reines de la Diputaci\u00f3 i amb entrada gratu\u00efta fins al 19 de mar\u00e7, Estela i Marina han participat al costat del president Momp\u00f3, les vicepresidentes Enguix i Mazzolari i diputades i diputats de la corporaci\u00f3, en la recepci\u00f3 a les Juntes Locals Falleres.<\/p>\n\n\n\n<p>A ritme de xaranga, mig centenar de juntes d&#8217;altres tants municipis, en representaci\u00f3 de 450 comissions, estaven convocades a un dels actes centrals de la instituci\u00f3 amb motiu de les Falles, destacant la import\u00e0ncia de la festa a les comarques valencianes.<\/p>\n\n\n\n<p>Per al dijous queda la segona jornada de la Recepci\u00f3 organitzada per la Diputaci\u00f3, a la qual estan convidades totes les comissions de la prov\u00edncia, incloses les del Cap i Casal. La pla\u00e7a Manises torna a convertir-se estos dies en epicentre del m\u00f3n faller, en esta ocasi\u00f3 amb el lema triat pel govern provincial en les seues primeres festes al capdavant de la instituci\u00f3: \u2018Unes Falles de traca\u2019.<\/p>\n\n\n\n<figure class=\"wp-block-image size-large\"><img loading=\"lazy\" decoding=\"async\" width=\"1024\" height=\"665\" src=\"http:\/\/www.tucomarca.com\/wordpress\/segunda\/wp-content\/uploads\/2024\/03\/DipuFallas2-1024x665.jpg\" alt=\"\" class=\"wp-image-214480\" srcset=\"https:\/\/www.tucomarca.com\/wordpress\/segunda\/wp-content\/uploads\/2024\/03\/DipuFallas2-1024x665.jpg 1024w, https:\/\/www.tucomarca.com\/wordpress\/segunda\/wp-content\/uploads\/2024\/03\/DipuFallas2-300x195.jpg 300w, https:\/\/www.tucomarca.com\/wordpress\/segunda\/wp-content\/uploads\/2024\/03\/DipuFallas2-768x499.jpg 768w, https:\/\/www.tucomarca.com\/wordpress\/segunda\/wp-content\/uploads\/2024\/03\/DipuFallas2-1536x998.jpg 1536w, https:\/\/www.tucomarca.com\/wordpress\/segunda\/wp-content\/uploads\/2024\/03\/DipuFallas2-2048x1331.jpg 2048w\" sizes=\"auto, (max-width: 1024px) 100vw, 1024px\" \/><\/figure>\n","protected":false},"excerpt":{"rendered":"<div class=\"mh-excerpt\">El president, Vicent Momp\u00f3, acompanyat per les vicepresidentes Nat\u00e0lia Enguix i Reme Mazzolari, reben a M\u00aa Estela Arlandis i Marina Garc\u00eda en la primera jornada de la Recepci\u00f3 fallera de la corporaci\u00f3 provincial. Momp\u00f3 convida <a class=\"mh-excerpt-more\" href=\"https:\/\/www.tucomarca.com\/wordpress\/segunda\/ca\/la-diputacio-i-les-falleres-majors-de-valencia-donen-la-benvinguda-a-unes-falles-de-traca\/\" title=\"La Diputaci\u00f3 i les Falleres Majors de Val\u00e8ncia donen la benvinguda a unes &#8216;Falles de traca&#8217;\">[+] <\/a><\/div>\n","protected":false},"author":1,"featured_media":214479,"comment_status":"open","ping_status":"open","sticky":false,"template":"","format":"gallery","meta":{"footnotes":""},"categories":[10898,10894,10904,11004,11007,11008,10896],"tags":[11246,19154,11199],"class_list":{"0":"post-214486","1":"post","2":"type-post","3":"status-publish","4":"format-gallery","5":"has-post-thumbnail","7":"category-ventana-ca","8":"category-la-comarca-ca","9":"category-sin-categorizar-ca","10":"category-la-semana-en-imagenes-ca","11":"category-ocio-y-cultura-ca","12":"category-pueblos-en-fiestas-ca","13":"category-seccion-ca","14":"tag-diputacio-de-valencia-ca","15":"tag-fallas-2024-ca","16":"tag-la-comunitat-ca","17":"post_format-post-format-gallery"},"_links":{"self":[{"href":"https:\/\/www.tucomarca.com\/wordpress\/segunda\/ca\/wp-json\/wp\/v2\/posts\/214486","targetHints":{"allow":["GET"]}}],"collection":[{"href":"https:\/\/www.tucomarca.com\/wordpress\/segunda\/ca\/wp-json\/wp\/v2\/posts"}],"about":[{"href":"https:\/\/www.tucomarca.com\/wordpress\/segunda\/ca\/wp-json\/wp\/v2\/types\/post"}],"author":[{"embeddable":true,"href":"https:\/\/www.tucomarca.com\/wordpress\/segunda\/ca\/wp-json\/wp\/v2\/users\/1"}],"replies":[{"embeddable":true,"href":"https:\/\/www.tucomarca.com\/wordpress\/segunda\/ca\/wp-json\/wp\/v2\/comments?post=214486"}],"version-history":[{"count":0,"href":"https:\/\/www.tucomarca.com\/wordpress\/segunda\/ca\/wp-json\/wp\/v2\/posts\/214486\/revisions"}],"wp:featuredmedia":[{"embeddable":true,"href":"https:\/\/www.tucomarca.com\/wordpress\/segunda\/ca\/wp-json\/wp\/v2\/media\/214479"}],"wp:attachment":[{"href":"https:\/\/www.tucomarca.com\/wordpress\/segunda\/ca\/wp-json\/wp\/v2\/media?parent=214486"}],"wp:term":[{"taxonomy":"category","embeddable":true,"href":"https:\/\/www.tucomarca.com\/wordpress\/segunda\/ca\/wp-json\/wp\/v2\/categories?post=214486"},{"taxonomy":"post_tag","embeddable":true,"href":"https:\/\/www.tucomarca.com\/wordpress\/segunda\/ca\/wp-json\/wp\/v2\/tags?post=214486"}],"curies":[{"name":"wp","href":"https:\/\/api.w.org\/{rel}","templated":true}]}}