{"id":214524,"date":"2024-03-13T13:45:00","date_gmt":"2024-03-13T12:45:00","guid":{"rendered":"https:\/\/www.tucomarca.com\/wordpress\/segunda\/?p=214524"},"modified":"2024-03-13T19:37:14","modified_gmt":"2024-03-13T18:37:14","slug":"el-pp-de-la-ribera-alta-activa-la-seua-estrategia-per-a-guanyar-en-2027","status":"publish","type":"post","link":"https:\/\/www.tucomarca.com\/wordpress\/segunda\/ca\/el-pp-de-la-ribera-alta-activa-la-seua-estrategia-per-a-guanyar-en-2027\/","title":{"rendered":"El PP de la Ribera Alta activa la seua estrat\u00e8gia &#8220;per a guanyar en 2027&#8221;"},"content":{"rendered":"\n<h3 class=\"wp-block-heading\">El president del Partit Popular de la prov\u00edncia de Val\u00e8ncia, Vicent Momp\u00f3, insta l&#8217;adre\u00e7a comarcal a &#8220;escoltar els ve\u00efns i trepitjar molt el carrer&#8221;.<\/h3>\n\n\n\n<p>El president del Partit Popular de la prov\u00edncia de Val\u00e8ncia, Vicent Momp\u00f3, ha assistit a la reuni\u00f3 del PP de la Ribera Alta on s&#8217;ha presentat al nou equip encap\u00e7alat per l&#8217;alcaldessa d&#8217;Alginet, Elia Ferrer, i el regidor d&#8217;Alberic Sergi Alonso, als qui el Comit\u00e9 Executiu va nomenar el 12 de gener.<\/p>\n\n\n\n<p>La trobada de treball, celebrat a Algemes\u00ed, &#8220;\u00e9s el tret d&#8217;eixida cap a les eleccions municipals de 2027&#8221;, ha destacat Momp\u00f3, qui ha explicat que &#8220;ampliar els resultats electorals \u00e9s factible si es treballa de manera constant&#8221;. &#8220;Trepitgeu molt el carrer, escolteu els vostres ve\u00efns i esforceu-vos a resoldre els seus problemes&#8221;, ha dit el l\u00edder provincial.<\/p>\n\n\n\n<p>Igualment, ha defensat, &#8220;tenim un gran equip, els objectius s\u00f3n clars i sabem quin \u00e9s el cam\u00ed per a aconseguir-los perqu\u00e8 tenim l&#8217;estrat\u00e8gia definida&#8221;. En aquest sentit, ha esgrimit, &#8220;tamb\u00e9 \u00e9s fonamental la coordinaci\u00f3 entre totes les comarques&#8221;. Precisament, Momp\u00f3 est\u00e0 recorrent la prov\u00edncia de Val\u00e8ncia per a coordinar les directrius de funcionament de totes les direccions comarcals.<\/p>\n\n\n\n<p>Finalment, Momp\u00f3 ha agra\u00eft la &#8220;vocaci\u00f3 de servei p\u00fablic de tot l&#8217;equip de la Ribera Alta&#8221; i els ha animat &#8220;a transformar eixa il\u00b7lusi\u00f3 i obstinaci\u00f3 en benestar per a la ciutadania&#8221;. &#8220;Estic conven\u00e7ut que aix\u00ed ser\u00e0&#8221;, ha concl\u00f2s.<\/p>\n\n\n\n<figure class=\"wp-block-image size-large\"><img loading=\"lazy\" decoding=\"async\" width=\"1024\" height=\"683\" src=\"http:\/\/www.tucomarca.com\/wordpress\/segunda\/wp-content\/uploads\/2024\/03\/PPRiberaAlta-1024x683.jpg\" alt=\"\" class=\"wp-image-214521\" srcset=\"https:\/\/www.tucomarca.com\/wordpress\/segunda\/wp-content\/uploads\/2024\/03\/PPRiberaAlta-1024x683.jpg 1024w, https:\/\/www.tucomarca.com\/wordpress\/segunda\/wp-content\/uploads\/2024\/03\/PPRiberaAlta-300x200.jpg 300w, https:\/\/www.tucomarca.com\/wordpress\/segunda\/wp-content\/uploads\/2024\/03\/PPRiberaAlta-768x512.jpg 768w, https:\/\/www.tucomarca.com\/wordpress\/segunda\/wp-content\/uploads\/2024\/03\/PPRiberaAlta-1536x1025.jpg 1536w, https:\/\/www.tucomarca.com\/wordpress\/segunda\/wp-content\/uploads\/2024\/03\/PPRiberaAlta.jpg 1640w\" sizes=\"auto, (max-width: 1024px) 100vw, 1024px\" \/><\/figure>\n","protected":false},"excerpt":{"rendered":"<div class=\"mh-excerpt\">El president del Partit Popular de la prov\u00edncia de Val\u00e8ncia, Vicent Momp\u00f3, insta l&#8217;adre\u00e7a comarcal a &#8220;escoltar els ve\u00efns i trepitjar molt el carrer&#8221;. El president del Partit Popular de la prov\u00edncia de Val\u00e8ncia, Vicent <a class=\"mh-excerpt-more\" href=\"https:\/\/www.tucomarca.com\/wordpress\/segunda\/ca\/el-pp-de-la-ribera-alta-activa-la-seua-estrategia-per-a-guanyar-en-2027\/\" title=\"El PP de la Ribera Alta activa la seua estrat\u00e8gia &#8220;per a guanyar en 2027&#8221;\">[+] <\/a><\/div>\n","protected":false},"author":1,"featured_media":214520,"comment_status":"open","ping_status":"open","sticky":false,"template":"","format":"standard","meta":{"footnotes":""},"categories":[10898,10948,10894,10902,10947,10896],"tags":[11077,11978,11344,18825],"class_list":{"0":"post-214524","1":"post","2":"type-post","3":"status-publish","4":"format-standard","5":"has-post-thumbnail","7":"category-ventana-ca","8":"category-infraestructuras-ca","9":"category-la-comarca-ca","10":"category-la-ribera-ca","11":"category-politica","12":"category-seccion-ca","13":"tag-la-ribera-alta-ca","14":"tag-partido-popular-ca","15":"tag-pp-ca","16":"tag-vicent-mompo-ca"},"_links":{"self":[{"href":"https:\/\/www.tucomarca.com\/wordpress\/segunda\/ca\/wp-json\/wp\/v2\/posts\/214524","targetHints":{"allow":["GET"]}}],"collection":[{"href":"https:\/\/www.tucomarca.com\/wordpress\/segunda\/ca\/wp-json\/wp\/v2\/posts"}],"about":[{"href":"https:\/\/www.tucomarca.com\/wordpress\/segunda\/ca\/wp-json\/wp\/v2\/types\/post"}],"author":[{"embeddable":true,"href":"https:\/\/www.tucomarca.com\/wordpress\/segunda\/ca\/wp-json\/wp\/v2\/users\/1"}],"replies":[{"embeddable":true,"href":"https:\/\/www.tucomarca.com\/wordpress\/segunda\/ca\/wp-json\/wp\/v2\/comments?post=214524"}],"version-history":[{"count":0,"href":"https:\/\/www.tucomarca.com\/wordpress\/segunda\/ca\/wp-json\/wp\/v2\/posts\/214524\/revisions"}],"wp:featuredmedia":[{"embeddable":true,"href":"https:\/\/www.tucomarca.com\/wordpress\/segunda\/ca\/wp-json\/wp\/v2\/media\/214520"}],"wp:attachment":[{"href":"https:\/\/www.tucomarca.com\/wordpress\/segunda\/ca\/wp-json\/wp\/v2\/media?parent=214524"}],"wp:term":[{"taxonomy":"category","embeddable":true,"href":"https:\/\/www.tucomarca.com\/wordpress\/segunda\/ca\/wp-json\/wp\/v2\/categories?post=214524"},{"taxonomy":"post_tag","embeddable":true,"href":"https:\/\/www.tucomarca.com\/wordpress\/segunda\/ca\/wp-json\/wp\/v2\/tags?post=214524"}],"curies":[{"name":"wp","href":"https:\/\/api.w.org\/{rel}","templated":true}]}}