{"id":214703,"date":"2024-03-15T13:00:00","date_gmt":"2024-03-15T12:00:00","guid":{"rendered":"http:\/\/www.tucomarca.com\/wordpress\/segunda\/?p=214703"},"modified":"2024-03-15T18:28:00","modified_gmt":"2024-03-15T17:28:00","slug":"utiel-dona-la-benvinguda-a-les-seues-falles-especials-del-80-aniversari","status":"publish","type":"post","link":"https:\/\/www.tucomarca.com\/wordpress\/segunda\/ca\/utiel-dona-la-benvinguda-a-les-seues-falles-especials-del-80-aniversari\/","title":{"rendered":"Utiel dona la benvinguda a les seues Falles especials del 80 aniversari&nbsp;"},"content":{"rendered":"\n<h3 class=\"wp-block-heading\">Des de hui i fins al 19 de mar\u00e7, Utiel celebra edici\u00f3 especial de Falles en complir 8 d\u00e8cades de tradici\u00f3 fallera.<\/h3>\n\n\n\n<h3 class=\"wp-block-heading\">La Plant\u00e1, el Lliurament de Premis, l&#8217;Ofrena i la Crem\u00e1 seran els principals actes d&#8217;aquests dies festius en els quals cada comissi\u00f3 fallera tamb\u00e9 prepara programaci\u00f3 especial amb sessions de m\u00fasica en directe.<\/h3>\n\n\n\n<p>Utiel es prepara per a commemorar unes falles d&#8217;hist\u00f2ria, de 80 aniversari. Aquest 2024 les Falles d&#8217;Utiel compleixen 80 anys i des de hui i fins al dimarts 19 de mar\u00e7, fallers i falleres posaran en valor la hist\u00f2ria i tradici\u00f3 fallera del municipi avalada per 8 d\u00e8cades d&#8217;esfor\u00e7 i dedicaci\u00f3 per a preservar les festes josefinas a Utiel.<\/p>\n\n\n\n<p>En aquesta edici\u00f3 especial els carrers del municipi s&#8217;ompliran de creativitat, enginy i art amb els ninots i la cr\u00edtica dels monuments fallers com a protagonistes. La p\u00f3lvora i la m\u00fasica seran les encarregades de donar ritme i harmonia a aquests dies de falles replets de tradici\u00f3 i hist\u00f2ria en la qual tampoc faltaran les despert\u00e1s, les cercaviles, les trobades de confraternitat i els esdeveniments commemoratius en els casals i carpes falleres.<\/p>\n\n\n\n<p>Ve\u00efns i visitants de la comarca i zones pr\u00f2ximes podran gaudir a peu de carrer de la programaci\u00f3 especial de les 3 comissions falleres. La Falla Plaza Puerta de les Eres i infantil del Carrer del Remei i adjacents; La Falla Plaza de Sant Joan i Infantil de la Olivereta i la Falla Plaza Puerta del Sol i infantil del carrer Sant Ildefons han preparat un intens programa d&#8217;actes obert a tot el p\u00fablic amb sessions especials de m\u00fasica en directe.<\/p>\n\n\n\n<p>Programaci\u00f3 Utiel en Falles&nbsp;<\/p>\n\n\n\n<p>Hui comen\u00e7a la tradicional Plant\u00e1 en la qual els artistes i els membres de les diferents comissions aniran donant forma als originals monuments, les seues peces centrals i ninots, que ens presentaran els seus relats plens d&#8217;ironia, humor i cr\u00edtica en la qual no faltaran temes d&#8217;inter\u00e9s local.<\/p>\n\n\n\n<p>El diumenge 17 de mar\u00e7, Utiel comen\u00e7ar\u00e0 el dia amb els seus monuments de cart\u00f3 pedra ja plantats i a les 12.30 hores, en el Teatre Rambal, tindr\u00e0 lloc l&#8217;esperat acte de lliurament de Premis de Falles.&nbsp;<\/p>\n\n\n\n<p>El dilluns 18 de mar\u00e7 les 3 comissions organitzaran diferents activitats commemoratives per a celebrar amb els seus fallers i falleres i tamb\u00e9 amb el p\u00fablic general, que podr\u00e0 gaudir d&#8217;un ambient molt faller a l&#8217;interior de Val\u00e8ncia.&nbsp;<\/p>\n\n\n\n<p>Com \u00e9s tradicional, el dimarts 19 de mar\u00e7, dia de San Jos\u00e9, a les 12.00 hores tindr\u00e0 lloc l&#8217;Ofrena de Flores a la Sant\u00edssima Verge del Remei, patrona d&#8217;Utiel.&nbsp;<\/p>\n\n\n\n<p>El mateix dia a la nit, Utiel s&#8217;acomiadar\u00e0 de les seues Falles en el seu 80 aniversari amb la caracter\u00edstica Nit del Foc que omplir\u00e0 al municipi de sorprenents focs artificials. Per a donar per finalitzades les Falles 2024, a partir de les 22.00 hores tindr\u00e0 lloc la Crem\u00e1 Infantil i a partir de les 23.00 hores la Crem\u00e1 Major en ordre invers als premis obtinguts.&nbsp;<\/p>\n\n\n\n<p>Despr\u00e9s de cinc dies plens d&#8217;activitats i il\u00b7lusi\u00f3 Utiel s&#8217;acomiadar\u00e0 de les seues Falles especials del 80 aniversari.<\/p>\n\n\n\n<p>Des de l&#8217;Ajuntament d&#8217;Utiel convidem a ve\u00efns i visitants de la comarca i zones lim\u00edtrofes a compartir aquests dies especials d&#8217;art, festa i confraternitat fallera.<\/p>\n","protected":false},"excerpt":{"rendered":"<div class=\"mh-excerpt\">Des de hui i fins al 19 de mar\u00e7, Utiel celebra edici\u00f3 especial de Falles en complir 8 d\u00e8cades de tradici\u00f3 fallera. La Plant\u00e1, el Lliurament de Premis, l&#8217;Ofrena i la Crem\u00e1 seran els principals <a class=\"mh-excerpt-more\" href=\"https:\/\/www.tucomarca.com\/wordpress\/segunda\/ca\/utiel-dona-la-benvinguda-a-les-seues-falles-especials-del-80-aniversari\/\" title=\"Utiel dona la benvinguda a les seues Falles especials del 80 aniversari&nbsp;\">[+] <\/a><\/div>\n","protected":false},"author":12,"featured_media":214702,"comment_status":"open","ping_status":"open","sticky":false,"template":"","format":"standard","meta":{"footnotes":""},"categories":[10894,11007,10909,10896,11059],"tags":[19154,10910,11174],"class_list":{"0":"post-214703","1":"post","2":"type-post","3":"status-publish","4":"format-standard","5":"has-post-thumbnail","7":"category-la-comarca-ca","8":"category-ocio-y-cultura-ca","9":"category-requena-utiel-ca","10":"category-seccion-ca","11":"category-utiel-ca","12":"tag-fallas-2024-ca","13":"tag-requena-utiel-ca","14":"tag-utiel-ca"},"_links":{"self":[{"href":"https:\/\/www.tucomarca.com\/wordpress\/segunda\/ca\/wp-json\/wp\/v2\/posts\/214703","targetHints":{"allow":["GET"]}}],"collection":[{"href":"https:\/\/www.tucomarca.com\/wordpress\/segunda\/ca\/wp-json\/wp\/v2\/posts"}],"about":[{"href":"https:\/\/www.tucomarca.com\/wordpress\/segunda\/ca\/wp-json\/wp\/v2\/types\/post"}],"author":[{"embeddable":true,"href":"https:\/\/www.tucomarca.com\/wordpress\/segunda\/ca\/wp-json\/wp\/v2\/users\/12"}],"replies":[{"embeddable":true,"href":"https:\/\/www.tucomarca.com\/wordpress\/segunda\/ca\/wp-json\/wp\/v2\/comments?post=214703"}],"version-history":[{"count":0,"href":"https:\/\/www.tucomarca.com\/wordpress\/segunda\/ca\/wp-json\/wp\/v2\/posts\/214703\/revisions"}],"wp:featuredmedia":[{"embeddable":true,"href":"https:\/\/www.tucomarca.com\/wordpress\/segunda\/ca\/wp-json\/wp\/v2\/media\/214702"}],"wp:attachment":[{"href":"https:\/\/www.tucomarca.com\/wordpress\/segunda\/ca\/wp-json\/wp\/v2\/media?parent=214703"}],"wp:term":[{"taxonomy":"category","embeddable":true,"href":"https:\/\/www.tucomarca.com\/wordpress\/segunda\/ca\/wp-json\/wp\/v2\/categories?post=214703"},{"taxonomy":"post_tag","embeddable":true,"href":"https:\/\/www.tucomarca.com\/wordpress\/segunda\/ca\/wp-json\/wp\/v2\/tags?post=214703"}],"curies":[{"name":"wp","href":"https:\/\/api.w.org\/{rel}","templated":true}]}}