{"id":214806,"date":"2024-03-16T09:00:00","date_gmt":"2024-03-16T08:00:00","guid":{"rendered":"https:\/\/www.tucomarca.com\/wordpress\/segunda\/?p=214806"},"modified":"2024-03-16T18:03:16","modified_gmt":"2024-03-16T17:03:16","slug":"garcia-asensio-dirigira-el-concert-commemoratiu-del-71-aniversari-del-teatre-montecarlo","status":"publish","type":"post","link":"https:\/\/www.tucomarca.com\/wordpress\/segunda\/ca\/garcia-asensio-dirigira-el-concert-commemoratiu-del-71-aniversari-del-teatre-montecarlo\/","title":{"rendered":"Garc\u00eda Asensio dirigir\u00e0 el Concert Commemoratiu del 71 aniversari del teatre Montecarlo"},"content":{"rendered":"\n<p>El pr\u00f2xim 30 de mar\u00e7 la Societat Musical \u201cL&#8217;Art\u00edstica\u201d viur\u00e0 una d&#8217;eixes vesprades que quedar\u00e0 gravada en la seua hist\u00f2ria ja que el Teatre Montecarlo rebr\u00e0 a una de les millors batutes del nostre pa\u00eds, l&#8217;emblem\u00e0tic Enrique Garc\u00eda Asensio.<br>Nascut a Val\u00e8ncia, Garc\u00eda Asensio es va formar en el Real Conservatori Superior de M\u00fasica de Madrid, diplomant-se en Viol\u00ed, M\u00fasica de Cambra, Harmonia, Contrapunt, Fugida i Composici\u00f3. Amb tan sols 11 anys, va entrar a formar part de l&#8217;Orquestra del Real Conservatori madrileny, agrupaci\u00f3 de la qual arribaria a ser Concertino i m\u00e9s tard Director. La seua projecci\u00f3 internacional comen\u00e7a en 1959 quan, amb 22 anys, aconsegueix la Beca \u201cAtaulfo Argenta\u201d per a estudiar direcci\u00f3 d&#8217;orquestra a l&#8217;Escola Superior de M\u00fasica de Munic, a Alemanya. Posteriorment amplia els seus estudis en l&#8217;Acad\u00e8mia Musical Chigiana de Siena, a It\u00e0lia, amb el mestre Serg\u00edu Celibidache, amb qui va mantindre una estreta relaci\u00f3 que va marcar la seua carrera i el seu desenvolupament com a director, sent el seu assistent en els primers anys de la seua biografia musical.&nbsp;<br>La relaci\u00f3 de Garc\u00eda Asensio amb \u201cL&#8217;Art\u00edstica\u201d de Bunyol compta amb m\u00e9s de 50 anys d&#8217;hist\u00f2ria, formalitzant-se en 1971, quan el mestre valenci\u00e0 va ser nomenat Director Honor\u00edfico de la Banda Simf\u00f2nica de \u201cLos Feos\u201d.<br>Ha dirigit Orquestres tan importants com l&#8217;Orquestra i Cor d&#8217;RTVE, l&#8217;Orquestra Municipal de Val\u00e8ncia, l&#8217;Orquestra Simf\u00f2nica de Bilbao, l&#8217;Orquestra Simf\u00f2nica Nacional de Washington o l&#8217;Orquestra Filharm\u00f2nica \u201cGeorge Enescu\u201d de Bucarest, el 10 de gener de 1971 es posava al capdavant de la Banda Simf\u00f2nica de L&#8217;Art\u00edstica per a guiar als m\u00fasics \u201cLletjos\u201d en un concert extraordinari en el qual era nomenat Director Honor\u00edfico de l&#8217;agrupaci\u00f3. El director titular de \u201cLos Feos\u201d, Don Ram\u00f3n Herrero Garc\u00eda, cedia la batuta a Enrique Garc\u00eda Asensio perqu\u00e8 condu\u00efra als seus m\u00fasics en la segona part del Concert d&#8217;Any Nou, amb obres d&#8217;Aurelio P\u00e9rez Perell\u00f3 i Ludwig van Beethoven. Es feia ress\u00f2 del concert el n\u00famero 31 de \u201cVeus de Bunyol\u201d, el corresponsal de les quals destacava de Garc\u00eda Asensio \u201cel seu domini de la batuta, la seua autoritat sobre la tarima, el seu coneixement perfecte de la m\u00fasica i eixe \u201c\u00e0ngel\u201d que t\u00e9 de traure partit a tot\u201d.<br>L&#8217;afecte i admiraci\u00f3 de \u201cLos Feos\u201d pel mestre va quedar reflectit en el local social de L&#8217;Art\u00edstica, el sal\u00f3 d&#8217;assajos de la qual, situat en la planta m\u00e9s alta de Rosers, va rebre el nom d&#8217;Enrique Garc\u00eda Asensio en 1997, en un entranyable acte en el qual el mestre va recollir l&#8217;afecte dels socis i simpatitzants de la Societat.<br>Amb 86 anys i una prol\u00edfica carrera com a director d&#8217;orquestra i banda, Garc\u00eda Asensio torna a Bunyol el pr\u00f2xim 30 de mar\u00e7 per a pujar de nou a la tarima del Teatre Montecarlo i al\u00e7ar la seua batuta al capdavant de la Banda Simf\u00f2nica de L&#8217;Art\u00edstica. Un concert que commemora 71 anys de vida de l&#8217;emblem\u00e0tic Teatre, centre de la vida cultural \u201cfea\u201d, que comptar\u00e0 amb un director convidat d&#8217;honor i un repertori a l&#8217;altura de l&#8217;ocasi\u00f3: \u201cEl triangle de les Bermudes\u201d de Jos\u00e9 Alberto Pina, \u201cLlegendes\u201d de Francisco Bort Ram\u00f3n i \u201cPini di Roma\u201d de Ottorino Respighi.&nbsp;<br>Les entrades estaran a la venda en les taquilles del Teatre Montecarlo el dia del concert i de manera anticipada en Secretaria a partir del 25 de mar\u00e7 i a trav\u00e9s del correu electr\u00f2nic administracion@laartistica.org.<br>Els veterans de la Banda Simf\u00f2nica de L&#8217;Art\u00edstica volen convidar a amics i simpatitzants de \u201cLos Feos\u201d a aquest concert \u00fanic amb un v\u00eddeo molt especial.<\/p>\n\n\n\n<p><\/p>\n","protected":false},"excerpt":{"rendered":"<div class=\"mh-excerpt\">El pr\u00f2xim 30 de mar\u00e7 la Societat Musical \u201cL&#8217;Art\u00edstica\u201d viur\u00e0 una d&#8217;eixes vesprades que quedar\u00e0 gravada en la seua hist\u00f2ria ja que el Teatre Montecarlo rebr\u00e0 a una de les millors batutes del nostre pa\u00eds, <a class=\"mh-excerpt-more\" href=\"https:\/\/www.tucomarca.com\/wordpress\/segunda\/ca\/garcia-asensio-dirigira-el-concert-commemoratiu-del-71-aniversari-del-teatre-montecarlo\/\" title=\"Garc\u00eda Asensio dirigir\u00e0 el Concert Commemoratiu del 71 aniversari del teatre Montecarlo\">[+] <\/a><\/div>\n","protected":false},"author":12,"featured_media":214805,"comment_status":"open","ping_status":"open","sticky":false,"template":"","format":"standard","meta":{"footnotes":""},"categories":[11019,10911,11005,10894,10912,11007,10896],"tags":[10913,10914,11154],"class_list":{"0":"post-214806","1":"post","2":"type-post","3":"status-publish","4":"format-standard","5":"has-post-thumbnail","7":"category-agenda-ca","8":"category-bunol-ca","9":"category-canal-musica","10":"category-la-comarca-ca","11":"category-la-hoya-ca","12":"category-ocio-y-cultura-ca","13":"category-seccion-ca","14":"tag-bunol-ca","15":"tag-la-hoya-de-bunol-chiva-ca","16":"tag-sm-la-artistica-de-bunol-ca"},"_links":{"self":[{"href":"https:\/\/www.tucomarca.com\/wordpress\/segunda\/ca\/wp-json\/wp\/v2\/posts\/214806","targetHints":{"allow":["GET"]}}],"collection":[{"href":"https:\/\/www.tucomarca.com\/wordpress\/segunda\/ca\/wp-json\/wp\/v2\/posts"}],"about":[{"href":"https:\/\/www.tucomarca.com\/wordpress\/segunda\/ca\/wp-json\/wp\/v2\/types\/post"}],"author":[{"embeddable":true,"href":"https:\/\/www.tucomarca.com\/wordpress\/segunda\/ca\/wp-json\/wp\/v2\/users\/12"}],"replies":[{"embeddable":true,"href":"https:\/\/www.tucomarca.com\/wordpress\/segunda\/ca\/wp-json\/wp\/v2\/comments?post=214806"}],"version-history":[{"count":0,"href":"https:\/\/www.tucomarca.com\/wordpress\/segunda\/ca\/wp-json\/wp\/v2\/posts\/214806\/revisions"}],"wp:featuredmedia":[{"embeddable":true,"href":"https:\/\/www.tucomarca.com\/wordpress\/segunda\/ca\/wp-json\/wp\/v2\/media\/214805"}],"wp:attachment":[{"href":"https:\/\/www.tucomarca.com\/wordpress\/segunda\/ca\/wp-json\/wp\/v2\/media?parent=214806"}],"wp:term":[{"taxonomy":"category","embeddable":true,"href":"https:\/\/www.tucomarca.com\/wordpress\/segunda\/ca\/wp-json\/wp\/v2\/categories?post=214806"},{"taxonomy":"post_tag","embeddable":true,"href":"https:\/\/www.tucomarca.com\/wordpress\/segunda\/ca\/wp-json\/wp\/v2\/tags?post=214806"}],"curies":[{"name":"wp","href":"https:\/\/api.w.org\/{rel}","templated":true}]}}