{"id":214955,"date":"2024-03-17T15:00:00","date_gmt":"2024-03-17T14:00:00","guid":{"rendered":"https:\/\/www.tucomarca.com\/wordpress\/segunda\/?p=214955"},"modified":"2024-03-17T15:45:34","modified_gmt":"2024-03-17T14:45:34","slug":"la-falla-porta-del-sol-i-la-infantil-de-la-olivereta-salcen-amb-els-primers-premis-de-les-falles-dutiel-en-el-seu-80-aniversari","status":"publish","type":"post","link":"https:\/\/www.tucomarca.com\/wordpress\/segunda\/ca\/la-falla-porta-del-sol-i-la-infantil-de-la-olivereta-salcen-amb-els-primers-premis-de-les-falles-dutiel-en-el-seu-80-aniversari\/","title":{"rendered":"La Falla Porta del Sol i la infantil de La Olivereta s&#8217;alcen amb els primers premis de les Falles d&#8217;Utiel en el seu 80 aniversari"},"content":{"rendered":"\n<figure class=\"wp-block-image size-large\"><img loading=\"lazy\" decoding=\"async\" width=\"1024\" height=\"768\" src=\"http:\/\/www.tucomarca.com\/wordpress\/segunda\/wp-content\/uploads\/2024\/03\/UtielFallaOlivereta-1024x768.jpg\" alt=\"\" class=\"wp-image-214950\" srcset=\"https:\/\/www.tucomarca.com\/wordpress\/segunda\/wp-content\/uploads\/2024\/03\/UtielFallaOlivereta-1024x768.jpg 1024w, https:\/\/www.tucomarca.com\/wordpress\/segunda\/wp-content\/uploads\/2024\/03\/UtielFallaOlivereta-300x225.jpg 300w, https:\/\/www.tucomarca.com\/wordpress\/segunda\/wp-content\/uploads\/2024\/03\/UtielFallaOlivereta-768x576.jpg 768w, https:\/\/www.tucomarca.com\/wordpress\/segunda\/wp-content\/uploads\/2024\/03\/UtielFallaOlivereta-1536x1152.jpg 1536w, https:\/\/www.tucomarca.com\/wordpress\/segunda\/wp-content\/uploads\/2024\/03\/UtielFallaOlivereta-2048x1536.jpg 2048w, https:\/\/www.tucomarca.com\/wordpress\/segunda\/wp-content\/uploads\/2024\/03\/UtielFallaOlivereta-678x509.jpg 678w, https:\/\/www.tucomarca.com\/wordpress\/segunda\/wp-content\/uploads\/2024\/03\/UtielFallaOlivereta-326x245.jpg 326w, https:\/\/www.tucomarca.com\/wordpress\/segunda\/wp-content\/uploads\/2024\/03\/UtielFallaOlivereta-80x60.jpg 80w\" sizes=\"auto, (max-width: 1024px) 100vw, 1024px\" \/><\/figure>\n\n\n\n<p>Un abarrotat Teatre Rambal acollia aquest mat\u00ed l&#8217;esperat acte de lliurament de guardons a les comissions falleres d&#8217;Utiel en el qual el jurat de Junta Central Fallera ha manifestat l&#8217;elevada qualitat i originalitat de tots els monuments.<br>Aquest mat\u00ed el Teatre Rambal ha vibrat amb l&#8217;emoci\u00f3 i els nervis a flor de pell de les diferents comissions falleres que esperaven la deliberaci\u00f3 del jurat dels Premis Falles Utiel 2024. Un acte carregat d&#8217;emotivitat, especialment en aquest any de celebraci\u00f3 del 80 aniversari de les Falles d&#8217;Utiel<\/p>\n\n\n\n<p>Enginy, gr\u00e0cia, creativitat, cr\u00edtica, pintura, modelatge i acabat de ninots, risc del muntatge \u2026 Aquests han sigut alguns dels par\u00e0metres valorats pel jurat qualificador integrat per representants de la Junta Central Fallera. A m\u00e9s el jurat de la Junta Local Fallera valora l&#8217;originalitat, contingut i maquetaci\u00f3 dels llibres fallers, aix\u00ed com la posada en escena i representaci\u00f3 de les presentacions i el contingut i composici\u00f3 de les cr\u00edtiques falleres.<\/p>\n\n\n\n<p>Despr\u00e9s de l&#8217;\u00e0rdua deliberaci\u00f3 del jurat que ha manifestat l&#8217;elevada qualitat de tots els monuments plantat a Utiel, els premis de les Falles Utiel 2024 s\u00f3n:<\/p>\n\n\n\n<p><strong>FALLES MAJORS\u00a0<\/strong><br>1r. PLAZA PORTA DEL SOL<br>2\u00b0. PLAZA DE SANT JOAN<br>3r. PLAZA PORTA DE LES ERES<\/p>\n\n\n\n<p><strong>FALLES INFANTILS\u00a0<\/strong><br>1\u00baLA OLIVERETA<br>2n SANT ILDEFONS<br>3. CARRER DEL REMEI<\/p>\n\n\n\n<p><strong>I els premis en la resta de categories han sigut:<\/strong><\/p>\n\n\n\n<p>\u2022 Millor presentaci\u00f3 fallera 2024: FALLA PLAZA PORTA DEL SOL<br>\u2022 Millor llibre faller 2024: FALLA PLAZA PORTA DE LES ERES<br>\u2022 Millor ninot infantil 2024: FALLA SANT ILDEFONS<br>\u2022 Gracia i enginy infantil 2024 : FALLA SANT ILDEFONS&nbsp;<br>\u2022 Millor ninot faller 2024: FALLA PORTA DE LES ERES<br>\u2022 Gracia i Enginy 2024: FALLA PORTA DEL SOL<br>\u2022 Millor cr\u00edtica fallera 2024: FALLA PLAZA DE SANT JOAN<\/p>\n\n\n\n<p>Des de l&#8217;Ajuntament d&#8217;Utiel traslladen &#8220;la nostra sincera enhorabona als premiats i el reconeixement als fallers i falleres de les tres comissions per la seua dedicaci\u00f3 i esfor\u00e7 perqu\u00e8 aquestes festes de commemoraci\u00f3 del 80 aniversari estiguen plenes d&#8217;especial lluentor i color&#8221;.<\/p>\n\n\n\n<p>La programaci\u00f3 de les Falles Utiel 2024 continuar\u00e0 fins al pr\u00f2xim 19 de mar\u00e7 amb actes per a tots els p\u00fablics: despert\u00e1s, chocolat\u00e1s, cercaviles, menjars i sopars de confraternitat, revetles i un llarg etc\u00e8tera d&#8217;actes que completen els programes de festejos de cada comissi\u00f3 per a celebrar en gran les Falles del 80 Aniversari a Utiel.<\/p>\n\n\n\n<p>Dem\u00e0 dilluns 18 de mar\u00e7, les diferents comissions realitzaran activitats com les anteriorment nomenades en els seus casals. Per a donar per finalitzades les Falles Utiel 2024, el dimarts 19 de mar\u00e7 a les 12.00 hores tindr\u00e0 lloc l&#8217;Ofrena de Flores a la Sant\u00edssima Verge del Remei. I a la nit, la tradicional Nit del Foc , que comen\u00e7ar\u00e0 a les 22.00 hores amb la Crem\u00e1 de Monuments Infantils i a les 23.00 hores amb la Crem\u00e1 de Monuments Majors en ordre invers als premis obtinguts.<\/p>\n","protected":false},"excerpt":{"rendered":"<div class=\"mh-excerpt\">Un abarrotat Teatre Rambal acollia aquest mat\u00ed l&#8217;esperat acte de lliurament de guardons a les comissions falleres d&#8217;Utiel en el qual el jurat de Junta Central Fallera ha manifestat l&#8217;elevada qualitat i originalitat de tots <a class=\"mh-excerpt-more\" href=\"https:\/\/www.tucomarca.com\/wordpress\/segunda\/ca\/la-falla-porta-del-sol-i-la-infantil-de-la-olivereta-salcen-amb-els-primers-premis-de-les-falles-dutiel-en-el-seu-80-aniversari\/\" title=\"La Falla Porta del Sol i la infantil de La Olivereta s&#8217;alcen amb els primers premis de les Falles d&#8217;Utiel en el seu 80 aniversari\">[+] <\/a><\/div>\n","protected":false},"author":1,"featured_media":214953,"comment_status":"open","ping_status":"open","sticky":false,"template":"","format":"image","meta":{"footnotes":""},"categories":[10898,10894,10904,11004,11007,11008,10909,10896,11059],"tags":[11499,10910,11174],"class_list":{"0":"post-214955","1":"post","2":"type-post","3":"status-publish","4":"format-image","5":"has-post-thumbnail","7":"category-ventana-ca","8":"category-la-comarca-ca","9":"category-sin-categorizar-ca","10":"category-la-semana-en-imagenes-ca","11":"category-ocio-y-cultura-ca","12":"category-pueblos-en-fiestas-ca","13":"category-requena-utiel-ca","14":"category-seccion-ca","15":"category-utiel-ca","16":"tag-fallas-ca","17":"tag-requena-utiel-ca","18":"tag-utiel-ca","19":"post_format-post-format-image"},"_links":{"self":[{"href":"https:\/\/www.tucomarca.com\/wordpress\/segunda\/ca\/wp-json\/wp\/v2\/posts\/214955","targetHints":{"allow":["GET"]}}],"collection":[{"href":"https:\/\/www.tucomarca.com\/wordpress\/segunda\/ca\/wp-json\/wp\/v2\/posts"}],"about":[{"href":"https:\/\/www.tucomarca.com\/wordpress\/segunda\/ca\/wp-json\/wp\/v2\/types\/post"}],"author":[{"embeddable":true,"href":"https:\/\/www.tucomarca.com\/wordpress\/segunda\/ca\/wp-json\/wp\/v2\/users\/1"}],"replies":[{"embeddable":true,"href":"https:\/\/www.tucomarca.com\/wordpress\/segunda\/ca\/wp-json\/wp\/v2\/comments?post=214955"}],"version-history":[{"count":0,"href":"https:\/\/www.tucomarca.com\/wordpress\/segunda\/ca\/wp-json\/wp\/v2\/posts\/214955\/revisions"}],"wp:featuredmedia":[{"embeddable":true,"href":"https:\/\/www.tucomarca.com\/wordpress\/segunda\/ca\/wp-json\/wp\/v2\/media\/214953"}],"wp:attachment":[{"href":"https:\/\/www.tucomarca.com\/wordpress\/segunda\/ca\/wp-json\/wp\/v2\/media?parent=214955"}],"wp:term":[{"taxonomy":"category","embeddable":true,"href":"https:\/\/www.tucomarca.com\/wordpress\/segunda\/ca\/wp-json\/wp\/v2\/categories?post=214955"},{"taxonomy":"post_tag","embeddable":true,"href":"https:\/\/www.tucomarca.com\/wordpress\/segunda\/ca\/wp-json\/wp\/v2\/tags?post=214955"}],"curies":[{"name":"wp","href":"https:\/\/api.w.org\/{rel}","templated":true}]}}