{"id":215496,"date":"2024-03-20T12:00:00","date_gmt":"2024-03-20T11:00:00","guid":{"rendered":"https:\/\/www.tucomarca.com\/wordpress\/segunda\/?p=215496"},"modified":"2024-03-20T12:09:20","modified_gmt":"2024-03-20T11:09:20","slug":"la-guardia-civil-dete-a-cinc-persones-especialitzades-furts-i-estafes-a-persones-majors-a-valencia-despres-duna-denuncia-a-alcasser","status":"publish","type":"post","link":"https:\/\/www.tucomarca.com\/wordpress\/segunda\/ca\/la-guardia-civil-dete-a-cinc-persones-especialitzades-furts-i-estafes-a-persones-majors-a-valencia-despres-duna-denuncia-a-alcasser\/","title":{"rendered":"La Gu\u00e0rdia Civil det\u00e9 a cinc persones especialitzades furts i estafes a persones majors a Val\u00e8ncia despr\u00e9s d&#8217;una den\u00fancia a Alc\u00e0sser"},"content":{"rendered":"\n<h3 class=\"wp-block-heading\">Formaven part d&#8217;un grup criminal que ha com\u00e9s m\u00e9s de 100 delictes.<\/h3>\n\n\n\n<h3 class=\"wp-block-heading\">Van aconseguir estafar i furtar m\u00e9s de 75.000 euros en efectiu mitjan\u00e7ant la utilitzaci\u00f3 fraudulenta de les targetes de cr\u00e8dit sostretes.<\/h3>\n\n\n\n<p>La Gu\u00e0rdia Civil de Val\u00e8ncia, en el marc de l&#8217;operaci\u00f3 \u201cMAVIPA\u201d, ha detingut a cinc persones especialitzades en furts i estafes a persones majors. L&#8217;organitzaci\u00f3 realitzava furts de bosses i posteriorment aprofitaven les targetes de cr\u00e8dit que contenien per a sostraure diners dels comptes bancaris.\u00a0<\/p>\n\n\n\n<p>La investigaci\u00f3 es va iniciar despr\u00e9s de la presentaci\u00f3 d&#8217;una den\u00fancia a l&#8217;octubre en la localitat d&#8217;Alc\u00e0sser. La v\u00edctima del furt es trobava a la terrassa d&#8217;un bar quan li van sostraure la bossa, realitzant-li posteriorment una extracci\u00f3 de diners en una entitat banc\u00e0ria de 1000 euros.&nbsp;<\/p>\n\n\n\n<p>Va ser llavors quan la Gu\u00e0rdia Civil, en col\u00b7laboraci\u00f3 amb la Policia Local d&#8217;Alc\u00e0sser, va aconseguir identificar el vehicle utilitzat pels delinq\u00fcents.&nbsp;<\/p>\n\n\n\n<p>Despr\u00e9s de les primeres dilig\u00e8ncies, es va comprovar que aquesta organitzaci\u00f3 cometia els delictes en diferents prov\u00edncies del territori nacional. El grup tenia un car\u00e0cter itinerant per a tractar evadir l&#8217;acci\u00f3 de la just\u00edcia.<\/p>\n\n\n\n<p>L&#8217;organitzaci\u00f3 prenia mesures de seguretat pr\u00f2pies d&#8217;una banda perfectament organitzada. Cada component tenia un rol especifique, actuant amb grans mesures de seguretat i comptant amb identitats falses per a dificultar les labors d&#8217;identificaci\u00f3.&nbsp;<\/p>\n\n\n\n<p>En el transcurs de les perquisicions policials es van realitzar quatre entrades i registres en habitatges. Es va poder aix\u00ed recuperar gran part dels objectes sostrets, 5.270 euros en efectiu, 30 tel\u00e8fons m\u00f2bils, dues tauletes i nombrosos rellotges, carteres, bosses, ulleres de sol i joies.<\/p>\n\n\n\n<p>Recuperaci\u00f3 dels b\u00e9ns<br>Despr\u00e9s de l&#8217;aprehensi\u00f3 dels objectes, es va procedir a informar les v\u00edctimes del delicte i se&#8217;ls van entregar els b\u00e9ns sostrets als seus leg\u00edtims propietaris. Aquesta banda aconseguisc estafar i furtar m\u00e9s de 75.000 euros en efectiu mitjan\u00e7ant la utilitzaci\u00f3 fraudulenta de les targetes de cr\u00e8dit sostretes.&nbsp;<\/p>\n\n\n\n<p>Per aquests fets s&#8217;ha detingut a cinc persones, un home de 51 anys i quatre dones d&#8217;entre 31 i 61 anys, per cometre 106 delictes de furt, 26 delictes d&#8217;estafa, un delicte de pertinences a grup criminal, un delicte d&#8217;usurpaci\u00f3 d&#8217;estat civil i un delicte de falsificaci\u00f3 de document p\u00fablic.&nbsp;<\/p>\n\n\n\n<p>Les dilig\u00e8ncies han sigut entregades en el Jutjat de Primera Inst\u00e0ncia i Instrucci\u00f3 n\u00famero 1 de Picassent.<\/p>\n","protected":false},"excerpt":{"rendered":"<div class=\"mh-excerpt\">Formaven part d&#8217;un grup criminal que ha com\u00e9s m\u00e9s de 100 delictes. Van aconseguir estafar i furtar m\u00e9s de 75.000 euros en efectiu mitjan\u00e7ant la utilitzaci\u00f3 fraudulenta de les targetes de cr\u00e8dit sostretes. La Gu\u00e0rdia <a class=\"mh-excerpt-more\" href=\"https:\/\/www.tucomarca.com\/wordpress\/segunda\/ca\/la-guardia-civil-dete-a-cinc-persones-especialitzades-furts-i-estafes-a-persones-majors-a-valencia-despres-duna-denuncia-a-alcasser\/\" title=\"La Gu\u00e0rdia Civil det\u00e9 a cinc persones especialitzades furts i estafes a persones majors a Val\u00e8ncia despr\u00e9s d&#8217;una den\u00fancia a Alc\u00e0sser\">[+] <\/a><\/div>\n","protected":false},"author":1,"featured_media":215490,"comment_status":"open","ping_status":"open","sticky":false,"template":"","format":"standard","meta":{"footnotes":""},"categories":[10898,10948,10894,10904,10902,10897],"tags":[20409,11118,11077],"class_list":{"0":"post-215496","1":"post","2":"type-post","3":"status-publish","4":"format-standard","5":"has-post-thumbnail","7":"category-ventana-ca","8":"category-infraestructuras-ca","9":"category-la-comarca-ca","10":"category-sin-categorizar-ca","11":"category-la-ribera-ca","12":"category-sucesos-la-comarca-ca","13":"tag-alcasser-ca","14":"tag-guardia-civil-ca","15":"tag-la-ribera-alta-ca"},"_links":{"self":[{"href":"https:\/\/www.tucomarca.com\/wordpress\/segunda\/ca\/wp-json\/wp\/v2\/posts\/215496","targetHints":{"allow":["GET"]}}],"collection":[{"href":"https:\/\/www.tucomarca.com\/wordpress\/segunda\/ca\/wp-json\/wp\/v2\/posts"}],"about":[{"href":"https:\/\/www.tucomarca.com\/wordpress\/segunda\/ca\/wp-json\/wp\/v2\/types\/post"}],"author":[{"embeddable":true,"href":"https:\/\/www.tucomarca.com\/wordpress\/segunda\/ca\/wp-json\/wp\/v2\/users\/1"}],"replies":[{"embeddable":true,"href":"https:\/\/www.tucomarca.com\/wordpress\/segunda\/ca\/wp-json\/wp\/v2\/comments?post=215496"}],"version-history":[{"count":0,"href":"https:\/\/www.tucomarca.com\/wordpress\/segunda\/ca\/wp-json\/wp\/v2\/posts\/215496\/revisions"}],"wp:featuredmedia":[{"embeddable":true,"href":"https:\/\/www.tucomarca.com\/wordpress\/segunda\/ca\/wp-json\/wp\/v2\/media\/215490"}],"wp:attachment":[{"href":"https:\/\/www.tucomarca.com\/wordpress\/segunda\/ca\/wp-json\/wp\/v2\/media?parent=215496"}],"wp:term":[{"taxonomy":"category","embeddable":true,"href":"https:\/\/www.tucomarca.com\/wordpress\/segunda\/ca\/wp-json\/wp\/v2\/categories?post=215496"},{"taxonomy":"post_tag","embeddable":true,"href":"https:\/\/www.tucomarca.com\/wordpress\/segunda\/ca\/wp-json\/wp\/v2\/tags?post=215496"}],"curies":[{"name":"wp","href":"https:\/\/api.w.org\/{rel}","templated":true}]}}