{"id":215627,"date":"2024-03-21T10:30:00","date_gmt":"2024-03-21T09:30:00","guid":{"rendered":"https:\/\/www.tucomarca.com\/wordpress\/segunda\/?p=215627"},"modified":"2024-03-21T11:00:03","modified_gmt":"2024-03-21T10:00:03","slug":"la-guardia-civil-interve-mes-de-5-000-peces-falsificades-en-un-mercat-irregular-de-benaguasil","status":"publish","type":"post","link":"https:\/\/www.tucomarca.com\/wordpress\/segunda\/ca\/la-guardia-civil-interve-mes-de-5-000-peces-falsificades-en-un-mercat-irregular-de-benaguasil\/","title":{"rendered":"La Gu\u00e0rdia Civil interv\u00e9 m\u00e9s de 5.000 peces falsificades en un mercat irregular de Benaguasil"},"content":{"rendered":"\n<h3 class=\"wp-block-heading\">Nou persones estan sent investigades per delictes contra la propietat intel\u00b7lectual.<\/h3>\n\n\n\n<h3 class=\"wp-block-heading\">El valor del confiscat supera els 500.000\u20ac.<\/h3>\n\n\n\n<p>La Gu\u00e0rdia Civil de Val\u00e8ncia investiga a 9 persones que es trobaven venent peces falsificades per valor de 519.271 \u20ac en el mercat setmanal de la localitat de Benaguasil.<\/p>\n\n\n\n<p>Es va tindre not\u00edcia que en un parquin de terra situat al costat del mercat setmanal que t\u00e9 lloc els diumenges a Benaguasil (Val\u00e8ncia), s&#8217;establien una s\u00e8rie de llocs sense autoritzaci\u00f3 municipal.<\/p>\n\n\n\n<figure class=\"wp-block-image size-large\"><img loading=\"lazy\" decoding=\"async\" width=\"1024\" height=\"682\" src=\"http:\/\/www.tucomarca.com\/wordpress\/segunda\/wp-content\/uploads\/2024\/03\/GCmercadillo2-1024x682.jpg\" alt=\"\" class=\"wp-image-215624\" srcset=\"https:\/\/www.tucomarca.com\/wordpress\/segunda\/wp-content\/uploads\/2024\/03\/GCmercadillo2-1024x682.jpg 1024w, https:\/\/www.tucomarca.com\/wordpress\/segunda\/wp-content\/uploads\/2024\/03\/GCmercadillo2-300x200.jpg 300w, https:\/\/www.tucomarca.com\/wordpress\/segunda\/wp-content\/uploads\/2024\/03\/GCmercadillo2-768x512.jpg 768w, https:\/\/www.tucomarca.com\/wordpress\/segunda\/wp-content\/uploads\/2024\/03\/GCmercadillo2-1536x1024.jpg 1536w, https:\/\/www.tucomarca.com\/wordpress\/segunda\/wp-content\/uploads\/2024\/03\/GCmercadillo2-2048x1365.jpg 2048w\" sizes=\"auto, (max-width: 1024px) 100vw, 1024px\" \/><\/figure>\n\n\n\n<p>Com a resposta, la Gu\u00e0rdia Civil, va establir un dispositiu operatiu en el qual es va poder detectar que aquests llocs venien peces falsificades. En total es va poder intervindre m\u00e9s de 5.000 peces de roba per un valor aproximat i es va procedir a la investigaci\u00f3 de 9 persones per un delicte contra la propietat industrial.<\/p>\n\n\n\n<p>Es calcula que el valor aproximat de les peces ascendeix fins als 519.271\u20ac. Els investigats s\u00f3n tots homes, 3 espanyols, 5 senegalesos i un marroqu\u00ed d&#8217;entre 21 i 47 anys.<\/p>\n\n\n\n<p>Les dilig\u00e8ncies han sigut entregades en el Jutjat de Primera Inst\u00e0ncia i Instrucci\u00f3 N\u00famero 5 de Ll\u00edria.<\/p>\n","protected":false},"excerpt":{"rendered":"<div class=\"mh-excerpt\">Nou persones estan sent investigades per delictes contra la propietat intel\u00b7lectual. El valor del confiscat supera els 500.000\u20ac. La Gu\u00e0rdia Civil de Val\u00e8ncia investiga a 9 persones que es trobaven venent peces falsificades per valor <a class=\"mh-excerpt-more\" href=\"https:\/\/www.tucomarca.com\/wordpress\/segunda\/ca\/la-guardia-civil-interve-mes-de-5-000-peces-falsificades-en-un-mercat-irregular-de-benaguasil\/\" title=\"La Gu\u00e0rdia Civil interv\u00e9 m\u00e9s de 5.000 peces falsificades en un mercat irregular de Benaguasil\">[+] <\/a><\/div>\n","protected":false},"author":1,"featured_media":215623,"comment_status":"open","ping_status":"open","sticky":false,"template":"","format":"image","meta":{"footnotes":""},"categories":[10952,10892,10898,10894,10904,10896,10897],"tags":[11136,10899,11118],"class_list":{"0":"post-215627","1":"post","2":"type-post","3":"status-publish","4":"format-image","5":"has-post-thumbnail","7":"category-benaguasil-ca","8":"category-camp-de-turia-ca","9":"category-ventana-ca","10":"category-la-comarca-ca","11":"category-sin-categorizar-ca","12":"category-seccion-ca","13":"category-sucesos-la-comarca-ca","14":"tag-benaguasil-ca","15":"tag-camp-de-turia-ca","16":"tag-guardia-civil-ca","17":"post_format-post-format-image"},"_links":{"self":[{"href":"https:\/\/www.tucomarca.com\/wordpress\/segunda\/ca\/wp-json\/wp\/v2\/posts\/215627","targetHints":{"allow":["GET"]}}],"collection":[{"href":"https:\/\/www.tucomarca.com\/wordpress\/segunda\/ca\/wp-json\/wp\/v2\/posts"}],"about":[{"href":"https:\/\/www.tucomarca.com\/wordpress\/segunda\/ca\/wp-json\/wp\/v2\/types\/post"}],"author":[{"embeddable":true,"href":"https:\/\/www.tucomarca.com\/wordpress\/segunda\/ca\/wp-json\/wp\/v2\/users\/1"}],"replies":[{"embeddable":true,"href":"https:\/\/www.tucomarca.com\/wordpress\/segunda\/ca\/wp-json\/wp\/v2\/comments?post=215627"}],"version-history":[{"count":0,"href":"https:\/\/www.tucomarca.com\/wordpress\/segunda\/ca\/wp-json\/wp\/v2\/posts\/215627\/revisions"}],"wp:featuredmedia":[{"embeddable":true,"href":"https:\/\/www.tucomarca.com\/wordpress\/segunda\/ca\/wp-json\/wp\/v2\/media\/215623"}],"wp:attachment":[{"href":"https:\/\/www.tucomarca.com\/wordpress\/segunda\/ca\/wp-json\/wp\/v2\/media?parent=215627"}],"wp:term":[{"taxonomy":"category","embeddable":true,"href":"https:\/\/www.tucomarca.com\/wordpress\/segunda\/ca\/wp-json\/wp\/v2\/categories?post=215627"},{"taxonomy":"post_tag","embeddable":true,"href":"https:\/\/www.tucomarca.com\/wordpress\/segunda\/ca\/wp-json\/wp\/v2\/tags?post=215627"}],"curies":[{"name":"wp","href":"https:\/\/api.w.org\/{rel}","templated":true}]}}