{"id":215678,"date":"2024-03-21T13:00:00","date_gmt":"2024-03-21T12:00:00","guid":{"rendered":"http:\/\/www.tucomarca.com\/wordpress\/segunda\/?p=215678"},"modified":"2024-03-21T21:39:16","modified_gmt":"2024-03-21T20:39:16","slug":"csif-urgeix-a-reforcar-amb-mes-personal-la-comissaria-dalzira-per-a-agilitzar-la-tramitacio-de-dni-i-passaport-i-baixar-lespera","status":"publish","type":"post","link":"https:\/\/www.tucomarca.com\/wordpress\/segunda\/ca\/csif-urgeix-a-reforcar-amb-mes-personal-la-comissaria-dalzira-per-a-agilitzar-la-tramitacio-de-dni-i-passaport-i-baixar-lespera\/","title":{"rendered":"CSIF urgeix a refor\u00e7ar amb m\u00e9s personal la comissaria d&#8217;Alzira per a agilitzar la tramitaci\u00f3 de DNI i passaport i baixar l&#8217;espera"},"content":{"rendered":"\n<h3 class=\"wp-block-heading\">El sindicat adverteix de l&#8217;escassetat de plantilla i recorda que s\u00f3n les \u00faniques depend\u00e8ncies a la comarca per a aquesta gesti\u00f3<\/h3>\n\n\n\n<p>El sindicat CSIF urgeix al Ministeri de l&#8217;Interior a refor\u00e7ar la comissaria d&#8217;Alzira amb m\u00e9s personal en la tramitaci\u00f3 de passaports i documents nacionals d&#8217;identitat (DNI). La central sindical recalca que l&#8217;escassetat de plantilla provoca llargues esperes entre els usuaris i retarda l&#8217;acc\u00e9s a la cita pr\u00e8via.<br>La Central Sindical Independent i de Funcionaris (CSIF) assenyala que l&#8217;actual plantilla, composta per tres funcion\u00e0ries de carrera i dues interines, resulta insuficient per a atendre la ciutadania. Aquestes depend\u00e8ncies s\u00f3n les \u00faniques habilitades a la comarca de la Ribera per a dur a terme les citades gestions, perqu\u00e8 la m\u00e9s pr\u00f2xima es troba ja a X\u00e0tiva.<br>El sindicat apunta que eixa carestia de personal provoca que s&#8217;alentisca la renovaci\u00f3 o tramitaci\u00f3 de nous documents, la qual cosa ocasiona que, per exemple, aquest mat\u00ed hi haja m\u00e9s d&#8217;una trentena d&#8217;usuaris esperant a la sala contigua al fet que els arribe el torn. De la mateixa manera, ocasiona un retard en la demanda de cita pr\u00e8via, que s&#8217;allarga una setmana.<\/p>\n","protected":false},"excerpt":{"rendered":"<div class=\"mh-excerpt\">El sindicat adverteix de l&#8217;escassetat de plantilla i recorda que s\u00f3n les \u00faniques depend\u00e8ncies a la comarca per a aquesta gesti\u00f3 El sindicat CSIF urgeix al Ministeri de l&#8217;Interior a refor\u00e7ar la comissaria d&#8217;Alzira amb <a class=\"mh-excerpt-more\" href=\"https:\/\/www.tucomarca.com\/wordpress\/segunda\/ca\/csif-urgeix-a-reforcar-amb-mes-personal-la-comissaria-dalzira-per-a-agilitzar-la-tramitacio-de-dni-i-passaport-i-baixar-lespera\/\" title=\"CSIF urgeix a refor\u00e7ar amb m\u00e9s personal la comissaria d&#8217;Alzira per a agilitzar la tramitaci\u00f3 de DNI i passaport i baixar l&#8217;espera\">[+] <\/a><\/div>\n","protected":false},"author":12,"featured_media":215676,"comment_status":"open","ping_status":"open","sticky":false,"template":"","format":"standard","meta":{"footnotes":""},"categories":[10889,10894,10902,10947,10896],"tags":[11192,11345,11356],"class_list":{"0":"post-215678","1":"post","2":"type-post","3":"status-publish","4":"format-standard","5":"has-post-thumbnail","7":"category-alzira-cat","8":"category-la-comarca-ca","9":"category-la-ribera-ca","10":"category-politica","11":"category-seccion-ca","12":"tag-alzira-ca","13":"tag-csif-ca","14":"tag-ribera-alta-ca"},"_links":{"self":[{"href":"https:\/\/www.tucomarca.com\/wordpress\/segunda\/ca\/wp-json\/wp\/v2\/posts\/215678","targetHints":{"allow":["GET"]}}],"collection":[{"href":"https:\/\/www.tucomarca.com\/wordpress\/segunda\/ca\/wp-json\/wp\/v2\/posts"}],"about":[{"href":"https:\/\/www.tucomarca.com\/wordpress\/segunda\/ca\/wp-json\/wp\/v2\/types\/post"}],"author":[{"embeddable":true,"href":"https:\/\/www.tucomarca.com\/wordpress\/segunda\/ca\/wp-json\/wp\/v2\/users\/12"}],"replies":[{"embeddable":true,"href":"https:\/\/www.tucomarca.com\/wordpress\/segunda\/ca\/wp-json\/wp\/v2\/comments?post=215678"}],"version-history":[{"count":0,"href":"https:\/\/www.tucomarca.com\/wordpress\/segunda\/ca\/wp-json\/wp\/v2\/posts\/215678\/revisions"}],"wp:featuredmedia":[{"embeddable":true,"href":"https:\/\/www.tucomarca.com\/wordpress\/segunda\/ca\/wp-json\/wp\/v2\/media\/215676"}],"wp:attachment":[{"href":"https:\/\/www.tucomarca.com\/wordpress\/segunda\/ca\/wp-json\/wp\/v2\/media?parent=215678"}],"wp:term":[{"taxonomy":"category","embeddable":true,"href":"https:\/\/www.tucomarca.com\/wordpress\/segunda\/ca\/wp-json\/wp\/v2\/categories?post=215678"},{"taxonomy":"post_tag","embeddable":true,"href":"https:\/\/www.tucomarca.com\/wordpress\/segunda\/ca\/wp-json\/wp\/v2\/tags?post=215678"}],"curies":[{"name":"wp","href":"https:\/\/api.w.org\/{rel}","templated":true}]}}