{"id":215695,"date":"2024-03-22T09:00:00","date_gmt":"2024-03-22T08:00:00","guid":{"rendered":"http:\/\/www.tucomarca.com\/wordpress\/segunda\/?p=215695"},"modified":"2024-03-22T13:35:58","modified_gmt":"2024-03-22T12:35:58","slug":"el-pspv-psoe-de-la-pobla-critica-leliminacio-de-la-gala-dels-premis-igualtat-despres-de-set-edicions-consecutives","status":"publish","type":"post","link":"https:\/\/www.tucomarca.com\/wordpress\/segunda\/ca\/el-pspv-psoe-de-la-pobla-critica-leliminacio-de-la-gala-dels-premis-igualtat-despres-de-set-edicions-consecutives\/","title":{"rendered":"El PSPV-PSOE de La Pobla critica &#8220;l&#8217;eliminaci\u00f3 de la Gala dels Premis Igualtat despr\u00e9s de set edicions consecutives&#8221;"},"content":{"rendered":"\n<h3 class=\"wp-block-heading\">El PSPV qualifica de \u201cprecipitada\u201d la decisi\u00f3 de PP-Centrats i Contingent que no han utilitzat les eines que s\u00ed que utilitzen per a la seua promoci\u00f3 pol\u00edtica.<\/h3>\n\n\n\n<p>El PSPV de la Pobla de Vallbona ha censurat la decisi\u00f3 de l&#8217;actual equip de govern, format pel Partit Popular, Contingent i Centrats, d&#8217;eliminar la Gala dels Premis Igualtat d&#8217;enguany per l&#8217;escassa participaci\u00f3 en les quatre categories de les quals consta aquest certamen, que enguany haguera aconseguit la seua huitena edici\u00f3 consecutiva. L&#8217;anul\u00b7laci\u00f3 d&#8217;aquesta gala \u00e9s el s\u00edmptoma inequ\u00edvoc de la gesti\u00f3 realitzada per l&#8217;actual coalici\u00f3 de govern, que ha triat deixar de costat aquests premis i ignorar la simbologia que representen en la lluita per la igualtat real i efectiva.&nbsp;<\/p>\n\n\n\n<p>El grup socialista ha denunciat l&#8217;actitud del govern de la Pobla de Vallbona que ha optat per menystindre aquesta gala i ha mostrat la seua intenci\u00f3 futura de diluir-la en distribuir les categories de les quals constaven aquests premis entre diversos cert\u00e0mens. En cap cas mostren la intenci\u00f3 de lluitar per la seua consolidaci\u00f3 i augmentar els esfor\u00e7os que s&#8217;han dut a terme en les edicions precedents, que el convertien en un dels Premis per la Igualtat m\u00e9s importants en el conjunt de la Comunitat Valenciana.&nbsp;<\/p>\n\n\n\n<p>Les bases reguladores que establien la mec\u00e0nica de funcionament dels Premis Igualtat de la Pobla de Vallbona preveien el reconeixement al treball de persones i entitats en favor de la Igualtat de g\u00e8nere en el municipi. En les bases es recollien les diverses categories entre les quals destacaven el premi al millor cartell, les categories de relats breus per la Igualtat, el premi al millor treballe \u00e0udio-visual i, finalment, un reconeixement expl\u00edcit al millor treball per en aquest \u00e0mbit per part d&#8217;una entitat o una persona individual.&nbsp;<\/p>\n\n\n\n<p>L&#8217;edici\u00f3 dels premis Igualtat del passat any 2023 s\u00f3n ja l&#8217;\u00faltima edici\u00f3 celebrada per l&#8217;Ajuntament de la Pobla de Vallbona a pesar que en aquella ocasi\u00f3 es va concitar una notable participaci\u00f3, amb 14 obres presentades en la categoria de relats breus i amb premis de 300 euros.<\/p>\n\n\n\n<p>Des del PSPV-PSOE de la Pobla de Vallbona lamenten l&#8217;eliminaci\u00f3 de la gala \u201cperqu\u00e8 es tractava d&#8217;un espai propi que permetia destacar i visibilitzar els esfor\u00e7os de moltes dones i homes per crear i consolidar una cultura igualit\u00e0ria en el nostre municipi, m\u00e9s en un moment en el qual l&#8217;extrema dreta utilitza l&#8217;antifeminisme com a bandera pol\u00edtica posant en risc els avan\u00e7os aconseguits fins a l&#8217;actualitat\u201d.&nbsp;<\/p>\n\n\n\n<p>El PSPV afig que les pol\u00edtiques d&#8217;igualtat a la Pobla de Vallbona \u201cs&#8217;han de promocionar per a estimular el seu creixement, en cas contrari es converteixen en una lamentable imatge de promoci\u00f3 personal d&#8217;un govern local de fa\u00e7ana\u201d.<\/p>\n\n\n\n<p><\/p>\n","protected":false},"excerpt":{"rendered":"<div class=\"mh-excerpt\">El PSPV qualifica de \u201cprecipitada\u201d la decisi\u00f3 de PP-Centrats i Contingent que no han utilitzat les eines que s\u00ed que utilitzen per a la seua promoci\u00f3 pol\u00edtica. El PSPV de la Pobla de Vallbona ha <a class=\"mh-excerpt-more\" href=\"https:\/\/www.tucomarca.com\/wordpress\/segunda\/ca\/el-pspv-psoe-de-la-pobla-critica-leliminacio-de-la-gala-dels-premis-igualtat-despres-de-set-edicions-consecutives\/\" title=\"El PSPV-PSOE de La Pobla critica &#8220;l&#8217;eliminaci\u00f3 de la Gala dels Premis Igualtat despr\u00e9s de set edicions consecutives&#8221;\">[+] <\/a><\/div>\n","protected":false},"author":12,"featured_media":215694,"comment_status":"open","ping_status":"open","sticky":false,"template":"","format":"standard","meta":{"footnotes":""},"categories":[10892,10894,10915,10947,10896],"tags":[10899,18973],"class_list":{"0":"post-215695","1":"post","2":"type-post","3":"status-publish","4":"format-standard","5":"has-post-thumbnail","7":"category-camp-de-turia-ca","8":"category-la-comarca-ca","9":"category-la-pobla-ca","10":"category-politica","11":"category-seccion-ca","12":"tag-camp-de-turia-ca","13":"tag-pspv-psoe-de-la-pobla-de-vallbona-ca"},"_links":{"self":[{"href":"https:\/\/www.tucomarca.com\/wordpress\/segunda\/ca\/wp-json\/wp\/v2\/posts\/215695","targetHints":{"allow":["GET"]}}],"collection":[{"href":"https:\/\/www.tucomarca.com\/wordpress\/segunda\/ca\/wp-json\/wp\/v2\/posts"}],"about":[{"href":"https:\/\/www.tucomarca.com\/wordpress\/segunda\/ca\/wp-json\/wp\/v2\/types\/post"}],"author":[{"embeddable":true,"href":"https:\/\/www.tucomarca.com\/wordpress\/segunda\/ca\/wp-json\/wp\/v2\/users\/12"}],"replies":[{"embeddable":true,"href":"https:\/\/www.tucomarca.com\/wordpress\/segunda\/ca\/wp-json\/wp\/v2\/comments?post=215695"}],"version-history":[{"count":0,"href":"https:\/\/www.tucomarca.com\/wordpress\/segunda\/ca\/wp-json\/wp\/v2\/posts\/215695\/revisions"}],"wp:featuredmedia":[{"embeddable":true,"href":"https:\/\/www.tucomarca.com\/wordpress\/segunda\/ca\/wp-json\/wp\/v2\/media\/215694"}],"wp:attachment":[{"href":"https:\/\/www.tucomarca.com\/wordpress\/segunda\/ca\/wp-json\/wp\/v2\/media?parent=215695"}],"wp:term":[{"taxonomy":"category","embeddable":true,"href":"https:\/\/www.tucomarca.com\/wordpress\/segunda\/ca\/wp-json\/wp\/v2\/categories?post=215695"},{"taxonomy":"post_tag","embeddable":true,"href":"https:\/\/www.tucomarca.com\/wordpress\/segunda\/ca\/wp-json\/wp\/v2\/tags?post=215695"}],"curies":[{"name":"wp","href":"https:\/\/api.w.org\/{rel}","templated":true}]}}