{"id":215770,"date":"2024-03-22T11:00:00","date_gmt":"2024-03-22T10:00:00","guid":{"rendered":"http:\/\/www.tucomarca.com\/wordpress\/segunda\/?p=215770"},"modified":"2024-03-22T14:49:48","modified_gmt":"2024-03-22T13:49:48","slug":"benaguasil-aconsegueix-un-nou-projecte-europeu","status":"publish","type":"post","link":"https:\/\/www.tucomarca.com\/wordpress\/segunda\/ca\/benaguasil-aconsegueix-un-nou-projecte-europeu\/","title":{"rendered":"Benaguasil aconsegueix un nou projecte europeu"},"content":{"rendered":"\n<h3 class=\"wp-block-heading\">El projecte t\u00e9 com a soci al municipi itali\u00e0 de Sulmona i en ell participaran unes 100 persones de tots dos municipis.<\/h3>\n\n\n\n<p>L&#8217;Ajuntament de Benaguasil ha aconseguit quasi 20.000\u20ac per a dur a terme un nou projecte europeu de cooperaci\u00f3 i construcci\u00f3 d&#8217;una ciutadania europea comuna a trav\u00e9s de les difer\u00e8ncies, tradicions i identitat de dos municipis, Benaguasil i Sulmona (It\u00e0lia).<\/p>\n\n\n\n<p>Sota el lema \u2018TRADITIONS2EU\u2019, el projecte pret\u00e9n ser una oportunitat per a donar a con\u00e9ixer les tradicions culturals i gastron\u00f2miques de tots dos municipis a trav\u00e9s de joves i majors, per a crear una experi\u00e8ncia intergeneracional i sensibilitzar sobre l&#8217;impacte de la UE en la vida quotidiana.<\/p>\n\n\n\n<p>El projecte tindr\u00e0 una duraci\u00f3 de 12 mesos, durant els quals se celebraran dos esdeveniments que permetran a un total de 100 ciutadans\/as (entre visitants i locals) participar en intercanvis que els permetran con\u00e9ixer altres cultures i difondre la seua pr\u00f2pia.&nbsp;<\/p>\n\n\n\n<p>El regidor de Projectes Europeus, Stephane Soriano ha manifestat la seua satisfacci\u00f3 per aquest assoliment que \u2018continua posicionant a Benaguasil com a referent en la captaci\u00f3 i realitzaci\u00f3 de Projectes Europeus per a acostar a la ciutadania totes les oportunitats que brinda la Uni\u00f3 Europea\u2019.<\/p>\n","protected":false},"excerpt":{"rendered":"<div class=\"mh-excerpt\">El projecte t\u00e9 com a soci al municipi itali\u00e0 de Sulmona i en ell participaran unes 100 persones de tots dos municipis. L&#8217;Ajuntament de Benaguasil ha aconseguit quasi 20.000\u20ac per a dur a terme un <a class=\"mh-excerpt-more\" href=\"https:\/\/www.tucomarca.com\/wordpress\/segunda\/ca\/benaguasil-aconsegueix-un-nou-projecte-europeu\/\" title=\"Benaguasil aconsegueix un nou projecte europeu\">[+] <\/a><\/div>\n","protected":false},"author":12,"featured_media":215769,"comment_status":"open","ping_status":"open","sticky":false,"template":"","format":"standard","meta":{"footnotes":""},"categories":[10952,10892,10948,10894,10947,10896],"tags":[11136,10899,20417,13969],"class_list":{"0":"post-215770","1":"post","2":"type-post","3":"status-publish","4":"format-standard","5":"has-post-thumbnail","7":"category-benaguasil-ca","8":"category-camp-de-turia-ca","9":"category-infraestructuras-ca","10":"category-la-comarca-ca","11":"category-politica","12":"category-seccion-ca","13":"tag-benaguasil-ca","14":"tag-camp-de-turia-ca","15":"tag-proyecto-europeo-ca","16":"tag-stephane-soriano-ca"},"_links":{"self":[{"href":"https:\/\/www.tucomarca.com\/wordpress\/segunda\/ca\/wp-json\/wp\/v2\/posts\/215770","targetHints":{"allow":["GET"]}}],"collection":[{"href":"https:\/\/www.tucomarca.com\/wordpress\/segunda\/ca\/wp-json\/wp\/v2\/posts"}],"about":[{"href":"https:\/\/www.tucomarca.com\/wordpress\/segunda\/ca\/wp-json\/wp\/v2\/types\/post"}],"author":[{"embeddable":true,"href":"https:\/\/www.tucomarca.com\/wordpress\/segunda\/ca\/wp-json\/wp\/v2\/users\/12"}],"replies":[{"embeddable":true,"href":"https:\/\/www.tucomarca.com\/wordpress\/segunda\/ca\/wp-json\/wp\/v2\/comments?post=215770"}],"version-history":[{"count":0,"href":"https:\/\/www.tucomarca.com\/wordpress\/segunda\/ca\/wp-json\/wp\/v2\/posts\/215770\/revisions"}],"wp:featuredmedia":[{"embeddable":true,"href":"https:\/\/www.tucomarca.com\/wordpress\/segunda\/ca\/wp-json\/wp\/v2\/media\/215769"}],"wp:attachment":[{"href":"https:\/\/www.tucomarca.com\/wordpress\/segunda\/ca\/wp-json\/wp\/v2\/media?parent=215770"}],"wp:term":[{"taxonomy":"category","embeddable":true,"href":"https:\/\/www.tucomarca.com\/wordpress\/segunda\/ca\/wp-json\/wp\/v2\/categories?post=215770"},{"taxonomy":"post_tag","embeddable":true,"href":"https:\/\/www.tucomarca.com\/wordpress\/segunda\/ca\/wp-json\/wp\/v2\/tags?post=215770"}],"curies":[{"name":"wp","href":"https:\/\/api.w.org\/{rel}","templated":true}]}}