{"id":215779,"date":"2024-03-22T09:00:00","date_gmt":"2024-03-22T08:00:00","guid":{"rendered":"http:\/\/www.tucomarca.com\/wordpress\/segunda\/?p=215779"},"modified":"2024-03-22T14:57:37","modified_gmt":"2024-03-22T13:57:37","slug":"el-psoe-presentara-una-mocio-per-a-regular-lus-de-pirotecnia-a-bunyol","status":"publish","type":"post","link":"https:\/\/www.tucomarca.com\/wordpress\/segunda\/ca\/el-psoe-presentara-una-mocio-per-a-regular-lus-de-pirotecnia-a-bunyol\/","title":{"rendered":"El PSOE presentar\u00e0 una moci\u00f3 per a regular l&#8217;\u00fas de pirot\u00e8cnia a Bunyol"},"content":{"rendered":"\n<h3 class=\"wp-block-heading\">El PSOE proposa &#8220;crear un grup de treball per a delimitar espais lliures de pirot\u00e8cnia i horaris de descans&#8221;.<\/h3>\n\n\n\n<h3 class=\"wp-block-heading\">La moci\u00f3 tamb\u00e9 recull &#8220;realitzar campanyes sobre l&#8217;\u00fas de pirot\u00e8cnia i crear alternatives inclusives&#8221;.<\/h3>\n\n\n\n<p>El Partit Socialista de Bunyol ha registrat a l&#8217;Ajuntament una moci\u00f3 en la qual sol\u00b7liciten &#8220;la regulaci\u00f3 de l&#8217;\u00fas de la pirot\u00e8cnia sonora en el municipi, aix\u00ed com la creaci\u00f3 d&#8217;una comissi\u00f3 de treball amb representants d&#8217;associacions i grups pol\u00edtics municipals&#8221;.<\/p>\n\n\n\n<p>El portaveu del Grup Municipal Socialista, Aurelio Palmer, ha explicat : &#8220;presentem aquesta proposta en atenci\u00f3 a les sol\u00b7licituds de nombrosos ve\u00efns amb els quals compartim la preocupaci\u00f3 sobre l&#8217;\u00fas no regulat de pirot\u00e8cnia i ens hem comprom\u00e9s a traslladar l&#8217;assumpte al plenari per a adoptar les mesures pertinents&#8221;.<\/p>\n\n\n\n<p>&#8220;Existeix una arrelada tradici\u00f3 a Bunyol i en tota la Comunitat Valenciana de celebrar amb pirot\u00e8cnia festes locals, celebracions i actes de diversa \u00edndole. L&#8217;\u00fas no regulat i a vegades indiscriminat d&#8217;aquests articles, sobretot per part de particulars, ha demostrat tindre conseq\u00fc\u00e8ncies negatives principalment en col\u00b7lectius especialment sensibles com en xiquetes i xiquets xicotets, persones amb trastorns cognitius i hipersensibilitat (com \u00e9s el cas de persones amb trastorn de l&#8217;espectre autista), ancians i animals de companyia&#8221;.<\/p>\n\n\n\n<p>El portaveu socialista, ha aclarit: &#8220;no demanem que s&#8217;elimine la pirot\u00e8cnia en el municipi, sin\u00f3 que almenys hi haja una ordenaci\u00f3 del seu \u00fas a trav\u00e9s d&#8217;unes normes o reglament, que regule per exemple zones que estiguen lliures de pirot\u00e8cnia, o establir uns horaris de descans. I alhora, que es duguen a terme campanyes per a conscienciar de l&#8217;\u00fas responsable de la pirot\u00e8cnia, tot aix\u00f2 per descomptat amb el consens dels ve\u00efns i associacions locals. \u00c9s fonamental advocar per un \u00fas responsable de la pirot\u00e8cnia, creiem necessari compaginar les celebracions amb la conviv\u00e8ncia, garantint la seguretat de les persones, els b\u00e9ns i els animals, amb un poc de control i empatia podrem tindre unes festes i un municipi integrador per a tots&#8221;.<\/p>\n","protected":false},"excerpt":{"rendered":"<div class=\"mh-excerpt\">El PSOE proposa &#8220;crear un grup de treball per a delimitar espais lliures de pirot\u00e8cnia i horaris de descans&#8221;. La moci\u00f3 tamb\u00e9 recull &#8220;realitzar campanyes sobre l&#8217;\u00fas de pirot\u00e8cnia i crear alternatives inclusives&#8221;. El Partit <a class=\"mh-excerpt-more\" href=\"https:\/\/www.tucomarca.com\/wordpress\/segunda\/ca\/el-psoe-presentara-una-mocio-per-a-regular-lus-de-pirotecnia-a-bunyol\/\" title=\"El PSOE presentar\u00e0 una moci\u00f3 per a regular l&#8217;\u00fas de pirot\u00e8cnia a Bunyol\">[+] <\/a><\/div>\n","protected":false},"author":12,"featured_media":105541,"comment_status":"open","ping_status":"open","sticky":false,"template":"","format":"standard","meta":{"footnotes":""},"categories":[10911,10894,10912,10947,10896],"tags":[10913,10914,19474,11546],"class_list":{"0":"post-215779","1":"post","2":"type-post","3":"status-publish","4":"format-standard","5":"has-post-thumbnail","7":"category-bunol-ca","8":"category-la-comarca-ca","9":"category-la-hoya-ca","10":"category-politica","11":"category-seccion-ca","12":"tag-bunol-ca","13":"tag-la-hoya-de-bunol-chiva-ca","14":"tag-pirotecnia-ca","15":"tag-psoe-bunol-ca"},"_links":{"self":[{"href":"https:\/\/www.tucomarca.com\/wordpress\/segunda\/ca\/wp-json\/wp\/v2\/posts\/215779","targetHints":{"allow":["GET"]}}],"collection":[{"href":"https:\/\/www.tucomarca.com\/wordpress\/segunda\/ca\/wp-json\/wp\/v2\/posts"}],"about":[{"href":"https:\/\/www.tucomarca.com\/wordpress\/segunda\/ca\/wp-json\/wp\/v2\/types\/post"}],"author":[{"embeddable":true,"href":"https:\/\/www.tucomarca.com\/wordpress\/segunda\/ca\/wp-json\/wp\/v2\/users\/12"}],"replies":[{"embeddable":true,"href":"https:\/\/www.tucomarca.com\/wordpress\/segunda\/ca\/wp-json\/wp\/v2\/comments?post=215779"}],"version-history":[{"count":0,"href":"https:\/\/www.tucomarca.com\/wordpress\/segunda\/ca\/wp-json\/wp\/v2\/posts\/215779\/revisions"}],"wp:featuredmedia":[{"embeddable":true,"href":"https:\/\/www.tucomarca.com\/wordpress\/segunda\/ca\/wp-json\/wp\/v2\/media\/105541"}],"wp:attachment":[{"href":"https:\/\/www.tucomarca.com\/wordpress\/segunda\/ca\/wp-json\/wp\/v2\/media?parent=215779"}],"wp:term":[{"taxonomy":"category","embeddable":true,"href":"https:\/\/www.tucomarca.com\/wordpress\/segunda\/ca\/wp-json\/wp\/v2\/categories?post=215779"},{"taxonomy":"post_tag","embeddable":true,"href":"https:\/\/www.tucomarca.com\/wordpress\/segunda\/ca\/wp-json\/wp\/v2\/tags?post=215779"}],"curies":[{"name":"wp","href":"https:\/\/api.w.org\/{rel}","templated":true}]}}