{"id":215792,"date":"2024-03-22T11:45:00","date_gmt":"2024-03-22T10:45:00","guid":{"rendered":"http:\/\/www.tucomarca.com\/wordpress\/segunda\/?p=215792"},"modified":"2024-03-22T14:38:10","modified_gmt":"2024-03-22T13:38:10","slug":"el-cvi-explica-als-municipis-de-la-serrania-els-nous-reptes-i-les-obligacions-en-materia-de-gestio-de-residus","status":"publish","type":"post","link":"https:\/\/www.tucomarca.com\/wordpress\/segunda\/ca\/el-cvi-explica-als-municipis-de-la-serrania-els-nous-reptes-i-les-obligacions-en-materia-de-gestio-de-residus\/","title":{"rendered":"El CVI explica als municipis de la Serran\u00eda els nous reptes i les obligacions en mat\u00e8ria de gesti\u00f3 de residus\u00a0"},"content":{"rendered":"\n<h3 class=\"wp-block-heading\">El president i els t\u00e8cnics del Consorci Val\u00e8ncia Interior han abordat les q\u00fcestions relatives a la nova legislaci\u00f3 que afecta les entitats locals<\/h3>\n\n\n\n<p>El Consorci Val\u00e8ncia Interior (CVI) ha visitat la comarca de la Regi\u00f3 muntanyenca dins de la ronda de reunions que s&#8217;est\u00e0 celebrant per a acostar-se a les comarques consorciades. La trobada ha tingut lloc en la seu de la mancomunitat situada a el Villar, on el president del CVI, Francisco G\u00f3mez, el gerent, \u00c1ngel Rodr\u00edguez aix\u00ed com el personal t\u00e8cnic de l&#8217;ens han explicat a les entitats locals els reptes i responsabilitats que se&#8217;ls plantegen en mat\u00e8ria de gesti\u00f3 de residus.<br>La reuni\u00f3 ha servit tamb\u00e9 per a posar damunt de la taula les obligacions per a les entitats locals. En concret han explicat que han d&#8217;aprovar un programa propi de gesti\u00f3 de residus, encara que en aquesta comarca ja el tenen en la seua majoria, una ordenan\u00e7a que garantisca el compliment de les noves obligacions, l&#8217;adaptaci\u00f3 dels contractes p\u00fablics de recollida i tractament de residus de compet\u00e8ncia local, l&#8217;establiment d&#8217;una nova taxa municipal espec\u00edfica, diferenciada i no deficit\u00e0ria, aix\u00ed com les noves obligacions relatives a la informaci\u00f3 relacionada amb els models de recollida i les quantitats recollides i taxades, entre altres aspectes.<br>A la trobada ha assistit el personal t\u00e8cnic de la Mancomunitat de la Regi\u00f3 muntanyenca, aix\u00ed com representants p\u00fablics i t\u00e8cnics de Xulilla, el Villar, Sot de Xera, Calles, Alpont, Pedralba, la Llosa del Bisbe, Andilla, les Alcubles, Toixa, Xelva, Figueroles de Domenyo i Xestalgar.&nbsp;<br>En la reuni\u00f3 tamb\u00e9 han participat dos t\u00e8cnics de la Diputaci\u00f3 de Val\u00e8ncia, els qui han explicat les l\u00ednies principals d&#8217;ajudes en les quals estan treballant i les subvencions que ja han pagat per a q\u00fcestions relacionades amb la gesti\u00f3 dels residus.<br>El president del consorci ha assenyalat que aquesta ronda de reunions a les comarques &#8220;pret\u00e9n acostar el CVI a tots els racons de l&#8217;interior de la prov\u00edncia de Val\u00e8ncia, que els representants dels pobles m\u00e9s xicotets o els m\u00e9s grans senten que s\u00f3n importants per a aquest organisme i que la informaci\u00f3 relacionada amb la gesti\u00f3 dels residus els arribe d&#8217;una manera clara i directa&#8221;. Durant la trobada, les persones assistents han traslladat als representants del consorci q\u00fcestions relacionades amb la casu\u00edstica que es viu en cada municipi quant a la gesti\u00f3 dels serveis ambientals i han plantejat els seus dubtes quant a la nova legislaci\u00f3.<\/p>\n\n\n\n<p><strong>Qu\u00e8 \u00e9s el Consorci Val\u00e8ncia Interior<br><\/strong>El Consorci Val\u00e8ncia Interior \u00e9s l&#8217;ens supramunicipal que duu a terme el tractament dels residus de 61 municipis de les cinc comarques de l&#8217;interior de la prov\u00edncia de Val\u00e8ncia: Camp de T\u00faria, la Regi\u00f3 muntanyenca, la Foia de Bunyol-Xiva, la Plana Utiel-Requena i el Rac\u00f3 d&#8217;Adem\u00fas. Per a aix\u00f2 compta amb dues plantes de tractament de residus, situades a Ll\u00edria i Caudete de las Fuentes, aix\u00ed com una planta de transfer\u00e8ncia a Xiva. \u00c9s a Caudete de las Fuentes on es troba tamb\u00e9 situat l&#8217;abocador, lloc on s&#8217;eliminen de manera segura les fraccions que no han pogut ser recuperades en les plantes de tractament.<\/p>\n\n\n\n<p><\/p>\n","protected":false},"excerpt":{"rendered":"<div class=\"mh-excerpt\">El president i els t\u00e8cnics del Consorci Val\u00e8ncia Interior han abordat les q\u00fcestions relatives a la nova legislaci\u00f3 que afecta les entitats locals El Consorci Val\u00e8ncia Interior (CVI) ha visitat la comarca de la Regi\u00f3 <a class=\"mh-excerpt-more\" href=\"https:\/\/www.tucomarca.com\/wordpress\/segunda\/ca\/el-cvi-explica-als-municipis-de-la-serrania-els-nous-reptes-i-les-obligacions-en-materia-de-gestio-de-residus\/\" title=\"El CVI explica als municipis de la Serran\u00eda els nous reptes i les obligacions en mat\u00e8ria de gesti\u00f3 de residus\u00a0\">[+] <\/a><\/div>\n","protected":false},"author":12,"featured_media":215788,"comment_status":"open","ping_status":"open","sticky":false,"template":"","format":"standard","meta":{"footnotes":""},"categories":[11045,11044,11043,11038,11039,11036,11046,10898,11034,11033,10948,10894,11024,10903,11025,10947,10896,11026,11028,11029],"tags":[11305,11080],"class_list":{"0":"post-215792","1":"post","2":"type-post","3":"status-publish","4":"format-standard","5":"has-post-thumbnail","7":"category-alcublas-ca","8":"category-alpuente-ca","9":"category-andilla-ca","10":"category-calles-ca","11":"category-chelva-ca","12":"category-chulilla-ca","13":"category-los-serranos-ca","14":"category-ventana-ca","15":"category-gestalgar-ca","16":"category-higueruelas-ca","17":"category-infraestructuras-ca","18":"category-la-comarca-ca","19":"category-losa-del-obispo-ca","20":"category-medio-ambiente-la-comarca-ca","21":"category-pedralba-ca","22":"category-politica","23":"category-seccion-ca","24":"category-sot-de-chera-ca","25":"category-tuejar-ca","26":"category-villar-del-arzobispo-ca","27":"tag-cvi-ca","28":"tag-los-serranos-ca"},"_links":{"self":[{"href":"https:\/\/www.tucomarca.com\/wordpress\/segunda\/ca\/wp-json\/wp\/v2\/posts\/215792","targetHints":{"allow":["GET"]}}],"collection":[{"href":"https:\/\/www.tucomarca.com\/wordpress\/segunda\/ca\/wp-json\/wp\/v2\/posts"}],"about":[{"href":"https:\/\/www.tucomarca.com\/wordpress\/segunda\/ca\/wp-json\/wp\/v2\/types\/post"}],"author":[{"embeddable":true,"href":"https:\/\/www.tucomarca.com\/wordpress\/segunda\/ca\/wp-json\/wp\/v2\/users\/12"}],"replies":[{"embeddable":true,"href":"https:\/\/www.tucomarca.com\/wordpress\/segunda\/ca\/wp-json\/wp\/v2\/comments?post=215792"}],"version-history":[{"count":0,"href":"https:\/\/www.tucomarca.com\/wordpress\/segunda\/ca\/wp-json\/wp\/v2\/posts\/215792\/revisions"}],"wp:featuredmedia":[{"embeddable":true,"href":"https:\/\/www.tucomarca.com\/wordpress\/segunda\/ca\/wp-json\/wp\/v2\/media\/215788"}],"wp:attachment":[{"href":"https:\/\/www.tucomarca.com\/wordpress\/segunda\/ca\/wp-json\/wp\/v2\/media?parent=215792"}],"wp:term":[{"taxonomy":"category","embeddable":true,"href":"https:\/\/www.tucomarca.com\/wordpress\/segunda\/ca\/wp-json\/wp\/v2\/categories?post=215792"},{"taxonomy":"post_tag","embeddable":true,"href":"https:\/\/www.tucomarca.com\/wordpress\/segunda\/ca\/wp-json\/wp\/v2\/tags?post=215792"}],"curies":[{"name":"wp","href":"https:\/\/api.w.org\/{rel}","templated":true}]}}