{"id":215814,"date":"2024-03-22T09:45:00","date_gmt":"2024-03-22T08:45:00","guid":{"rendered":"http:\/\/www.tucomarca.com\/wordpress\/segunda\/?p=215814"},"modified":"2024-03-22T15:20:52","modified_gmt":"2024-03-22T14:20:52","slug":"continua-a-xest-el-projecte-viu-experiencies-de-salut-amb-un-taller-de-cosmetica-natural","status":"publish","type":"post","link":"https:\/\/www.tucomarca.com\/wordpress\/segunda\/ca\/continua-a-xest-el-projecte-viu-experiencies-de-salut-amb-un-taller-de-cosmetica-natural\/","title":{"rendered":"Continua a Xest el projecte &#8216;Viu experi\u00e8ncies de Salut&#8217; amb un taller de cosm\u00e8tica natural"},"content":{"rendered":"\n<p>Ahir, dijous 21 de mar\u00e7, la sala polivalent de la biblioteca va acollir la tercera activitat del calendari 2024 del projecte \u201cViu experi\u00e8ncies de Salut\u201d, un taller de cosm\u00e8tica natural titulat \u201cAllibera&#8217;t de t\u00f2xics\u201d, impartit per la immun\u00f2loga i especialista en medicina integrativa Raquel Linares.<\/p>\n\n\n\n<figure class=\"wp-block-image size-full\"><img loading=\"lazy\" decoding=\"async\" width=\"886\" height=\"591\" src=\"http:\/\/www.tucomarca.com\/wordpress\/segunda\/wp-content\/uploads\/2024\/03\/Cheste_TallerCosmetica_2.jpg\" alt=\"\" class=\"wp-image-215808\" srcset=\"https:\/\/www.tucomarca.com\/wordpress\/segunda\/wp-content\/uploads\/2024\/03\/Cheste_TallerCosmetica_2.jpg 886w, https:\/\/www.tucomarca.com\/wordpress\/segunda\/wp-content\/uploads\/2024\/03\/Cheste_TallerCosmetica_2-300x200.jpg 300w, https:\/\/www.tucomarca.com\/wordpress\/segunda\/wp-content\/uploads\/2024\/03\/Cheste_TallerCosmetica_2-768x512.jpg 768w\" sizes=\"auto, (max-width: 886px) 100vw, 886px\" \/><\/figure>\n\n\n\n<p>\u201cHui comptem amb una experta en el sistema immunitari per a poder entendre com repercuteixen els productes cosm\u00e8tics que usem di\u00e0riament, com les cremes o el xamp\u00fa, en la nostra salut; Raquel ens mostrar\u00e0 les eines necess\u00e0ries per a triar b\u00e9 els menys nocius, interpretant les seues etiquetes, i ens donar\u00e0 a con\u00e9ixer una gran varietat d&#8217;elements naturals que podem usar per a la cura di\u00e0ria sense perill\u201d, explicava la regidora de Sanitat, M\u00aa \u00c1ngeles Llorente.<\/p>\n\n\n\n<p>Linares va comen\u00e7ar l&#8217;activitat informant sobre les subst\u00e0ncies t\u00f2xiques presents en el dia dia que poden influir en la salut i va convidar a les persones participants a reflexionar sobre la import\u00e0ncia de la reducci\u00f3 de l&#8217;\u00fas de cosm\u00e8tics industrials de manera habitual. \u201cEstem exposats de manera constant a subst\u00e0ncies procedents de la ind\u00fastria del petroli, a les quals anomenem disruptors endocrins, que tenen la capacitat d&#8217;alterar el nostre sistema hormonal; es tracta d&#8217;un tema molt seri\u00f3s, ja que aquestes subst\u00e0ncies s\u00f3n com a hormones disfressades que poden enviar missatges erronis a les c\u00e8l\u00b7lules dels nostres \u00f2rgans i causar-nos diferents patologies\u201d, explicava la ponent. \u201cHi ha poques coses que puguem fer per a frenar a la ind\u00fastria per\u00f2 s\u00ed que \u00e9s a la nostra m\u00e0 reduir la nostra exposici\u00f3 als disruptors en un \u00e0mbit tan quotidi\u00e0 com la cosm\u00e8tica, tenint en compte que de tot el que ens posem en la pell, un 70% passa directament a la sang. El primer pas seria reduir el nombre de cosm\u00e8tics que usem, valorant per a qu\u00e8 i per qu\u00e8 els utilitzem\u201d.<\/p>\n\n\n\n<p>Despr\u00e9s de l&#8217;exposici\u00f3, Linares va mostrar a les persones assistents diferents subst\u00e0ncies naturals amb les quals es poden realitzar productes per a la cura di\u00e0ria i va explicar pas a pas com elaborar una crema a base de llard de karit\u00e9 i una m\u00e0scara amb argila. A m\u00e9s, totes les participants van rebre un dossier informatiu elaborat per la immun\u00f2loga.<\/p>\n","protected":false},"excerpt":{"rendered":"<div class=\"mh-excerpt\">Ahir, dijous 21 de mar\u00e7, la sala polivalent de la biblioteca va acollir la tercera activitat del calendari 2024 del projecte \u201cViu experi\u00e8ncies de Salut\u201d, un taller de cosm\u00e8tica natural titulat \u201cAllibera&#8217;t de t\u00f2xics\u201d, impartit <a class=\"mh-excerpt-more\" href=\"https:\/\/www.tucomarca.com\/wordpress\/segunda\/ca\/continua-a-xest-el-projecte-viu-experiencies-de-salut-amb-un-taller-de-cosmetica-natural\/\" title=\"Continua a Xest el projecte &#8216;Viu experi\u00e8ncies de Salut&#8217; amb un taller de cosm\u00e8tica natural\">[+] <\/a><\/div>\n","protected":false},"author":12,"featured_media":215807,"comment_status":"open","ping_status":"open","sticky":false,"template":"","format":"standard","meta":{"footnotes":""},"categories":[11010,10894,10912,10896,10974],"tags":[11071,10914,20419],"class_list":{"0":"post-215814","1":"post","2":"type-post","3":"status-publish","4":"format-standard","5":"has-post-thumbnail","7":"category-canal-salud","8":"category-la-comarca-ca","9":"category-la-hoya-ca","10":"category-seccion-ca","11":"category-cheste-ca","12":"tag-cheste","13":"tag-la-hoya-de-bunol-chiva-ca","14":"tag-vive-experiencia-de-salud-ca"},"_links":{"self":[{"href":"https:\/\/www.tucomarca.com\/wordpress\/segunda\/ca\/wp-json\/wp\/v2\/posts\/215814","targetHints":{"allow":["GET"]}}],"collection":[{"href":"https:\/\/www.tucomarca.com\/wordpress\/segunda\/ca\/wp-json\/wp\/v2\/posts"}],"about":[{"href":"https:\/\/www.tucomarca.com\/wordpress\/segunda\/ca\/wp-json\/wp\/v2\/types\/post"}],"author":[{"embeddable":true,"href":"https:\/\/www.tucomarca.com\/wordpress\/segunda\/ca\/wp-json\/wp\/v2\/users\/12"}],"replies":[{"embeddable":true,"href":"https:\/\/www.tucomarca.com\/wordpress\/segunda\/ca\/wp-json\/wp\/v2\/comments?post=215814"}],"version-history":[{"count":0,"href":"https:\/\/www.tucomarca.com\/wordpress\/segunda\/ca\/wp-json\/wp\/v2\/posts\/215814\/revisions"}],"wp:featuredmedia":[{"embeddable":true,"href":"https:\/\/www.tucomarca.com\/wordpress\/segunda\/ca\/wp-json\/wp\/v2\/media\/215807"}],"wp:attachment":[{"href":"https:\/\/www.tucomarca.com\/wordpress\/segunda\/ca\/wp-json\/wp\/v2\/media?parent=215814"}],"wp:term":[{"taxonomy":"category","embeddable":true,"href":"https:\/\/www.tucomarca.com\/wordpress\/segunda\/ca\/wp-json\/wp\/v2\/categories?post=215814"},{"taxonomy":"post_tag","embeddable":true,"href":"https:\/\/www.tucomarca.com\/wordpress\/segunda\/ca\/wp-json\/wp\/v2\/tags?post=215814"}],"curies":[{"name":"wp","href":"https:\/\/api.w.org\/{rel}","templated":true}]}}