{"id":216390,"date":"2024-03-27T20:00:00","date_gmt":"2024-03-27T19:00:00","guid":{"rendered":"https:\/\/www.tucomarca.com\/wordpress\/segunda\/?p=216390"},"modified":"2024-03-27T21:02:35","modified_gmt":"2024-03-27T20:02:35","slug":"els-bombers-actuen-en-mes-duna-desena-davisos-per-les-fortes-ratxes-de-vent-registrades-durant-les-ultimes-hores-a-linterior","status":"publish","type":"post","link":"https:\/\/www.tucomarca.com\/wordpress\/segunda\/ca\/els-bombers-actuen-en-mes-duna-desena-davisos-per-les-fortes-ratxes-de-vent-registrades-durant-les-ultimes-hores-a-linterior\/","title":{"rendered":"Els bombers actuen en m\u00e9s d&#8217;una desena d&#8217;avisos per les fortes ratxes de vent registrades durant les \u00faltimes hores a l&#8217;interior"},"content":{"rendered":"\n<p>Les fortes ratxes de vent registrades durant les \u00faltimes hores en tota la Comunitat Valenciana (que han arribat fins i tot fins als 82 quil\u00f2metres per hora en localitats com Bunyol i els 84 quil\u00f2metres per hora a Utiel), han provocat des de les 13,30 hores i fins al moment de l&#8217;elaboraci\u00f3 d&#8217;aquesta informaci\u00f3 d&#8217;una desena d&#8217;avisos a tel\u00e8fon d&#8217;Emerg\u00e8ncies 112.\u00a0<\/p>\n\n\n\n<p>Els serveis del Consorci de Bombers de Val\u00e8ncia s&#8217;han vist obligats a actuar en tasques de sanejament, de retirada o de valoraci\u00f3 de diversos elements en risc de caiguda registrats en poblacions de l&#8217;interior de la prov\u00edncia.<\/p>\n\n\n\n<p>Aquest ha sigut el cas de la retirada de planxes met\u00e0l\u00b7liques a Aldaia o Alzira; el sanejament d&#8217;un balc\u00f3 a Alboraig; d&#8217;un tendal a Alzira; d&#8217;arbres en la CV-470 a Utiel, aix\u00ed com un altre a Paterna, a Gandia, a Vilanova de Castell\u00f3; i la retirada d&#8217;un cartell publicitari en la N-III a Requena i un altre a X\u00e0tiva.<\/p>\n","protected":false},"excerpt":{"rendered":"<div class=\"mh-excerpt\">Les fortes ratxes de vent registrades durant les \u00faltimes hores en tota la Comunitat Valenciana (que han arribat fins i tot fins als 82 quil\u00f2metres per hora en localitats com Bunyol i els 84 quil\u00f2metres <a class=\"mh-excerpt-more\" href=\"https:\/\/www.tucomarca.com\/wordpress\/segunda\/ca\/els-bombers-actuen-en-mes-duna-desena-davisos-per-les-fortes-ratxes-de-vent-registrades-durant-les-ultimes-hores-a-linterior\/\" title=\"Els bombers actuen en m\u00e9s d&#8217;una desena d&#8217;avisos per les fortes ratxes de vent registrades durant les \u00faltimes hores a l&#8217;interior\">[+] <\/a><\/div>\n","protected":false},"author":1,"featured_media":124545,"comment_status":"open","ping_status":"open","sticky":false,"template":"","format":"standard","meta":{"footnotes":""},"categories":[10973,10889,10898,10948,10894,10912,10902,10903,10908,10909,10896,10897],"tags":[12834,20425],"class_list":{"0":"post-216390","1":"post","2":"type-post","3":"status-publish","4":"format-standard","5":"has-post-thumbnail","7":"category-alborache-ca","8":"category-alzira-cat","9":"category-ventana-ca","10":"category-infraestructuras-ca","11":"category-la-comarca-ca","12":"category-la-hoya-ca","13":"category-la-ribera-ca","14":"category-medio-ambiente-la-comarca-ca","15":"category-requena-ca","16":"category-requena-utiel-ca","17":"category-seccion-ca","18":"category-sucesos-la-comarca-ca","19":"tag-consorcio-provincial-de-bomberos-de-valencia-ca","20":"tag-rachas-de-viento-ca"},"_links":{"self":[{"href":"https:\/\/www.tucomarca.com\/wordpress\/segunda\/ca\/wp-json\/wp\/v2\/posts\/216390","targetHints":{"allow":["GET"]}}],"collection":[{"href":"https:\/\/www.tucomarca.com\/wordpress\/segunda\/ca\/wp-json\/wp\/v2\/posts"}],"about":[{"href":"https:\/\/www.tucomarca.com\/wordpress\/segunda\/ca\/wp-json\/wp\/v2\/types\/post"}],"author":[{"embeddable":true,"href":"https:\/\/www.tucomarca.com\/wordpress\/segunda\/ca\/wp-json\/wp\/v2\/users\/1"}],"replies":[{"embeddable":true,"href":"https:\/\/www.tucomarca.com\/wordpress\/segunda\/ca\/wp-json\/wp\/v2\/comments?post=216390"}],"version-history":[{"count":0,"href":"https:\/\/www.tucomarca.com\/wordpress\/segunda\/ca\/wp-json\/wp\/v2\/posts\/216390\/revisions"}],"wp:featuredmedia":[{"embeddable":true,"href":"https:\/\/www.tucomarca.com\/wordpress\/segunda\/ca\/wp-json\/wp\/v2\/media\/124545"}],"wp:attachment":[{"href":"https:\/\/www.tucomarca.com\/wordpress\/segunda\/ca\/wp-json\/wp\/v2\/media?parent=216390"}],"wp:term":[{"taxonomy":"category","embeddable":true,"href":"https:\/\/www.tucomarca.com\/wordpress\/segunda\/ca\/wp-json\/wp\/v2\/categories?post=216390"},{"taxonomy":"post_tag","embeddable":true,"href":"https:\/\/www.tucomarca.com\/wordpress\/segunda\/ca\/wp-json\/wp\/v2\/tags?post=216390"}],"curies":[{"name":"wp","href":"https:\/\/api.w.org\/{rel}","templated":true}]}}