{"id":216964,"date":"2024-04-03T10:00:00","date_gmt":"2024-04-03T08:00:00","guid":{"rendered":"http:\/\/www.tucomarca.com\/wordpress\/segunda\/?p=216964"},"modified":"2024-04-03T23:53:17","modified_gmt":"2024-04-03T21:53:17","slug":"opinio-a-boca-de-cano-aterridor-per-joseh-larrazabal","status":"publish","type":"post","link":"https:\/\/www.tucomarca.com\/wordpress\/segunda\/ca\/opinio-a-boca-de-cano-aterridor-per-joseh-larrazabal\/","title":{"rendered":"Opini\u00f3: A boca de can\u00f3: &#8220;Aterridor&#8221;, per J\u00f3seh Larraz\u00e1bal"},"content":{"rendered":"\n<figure class=\"wp-block-image size-full is-resized\"><img loading=\"lazy\" decoding=\"async\" src=\"http:\/\/www.tucomarca.com\/wordpress\/segunda\/wp-content\/uploads\/2024\/01\/Larrazabalnueva.jpg\" alt=\"\" class=\"wp-image-208146\" width=\"187\" height=\"188\"\/><\/figure>\n\n\n\n<p>Alg\u00fa es convencer\u00e0 alguna vegada que Lim no s&#8217;anir\u00e0 del VCF mentre ingresse diners en caixa?<br>Deixar a Val\u00e8ncia, ciutat, sense opcions de ser seu d&#8217;un mundial \u00e9s anar massa lluny, molt m\u00e9s del que ha anat el m\u00e0xim accinista fins ara.<br>&#8220;Mestalla es pregunta els qui som&#8221;<br>Jo el que em pregunte \u00e9s els qui s\u00f3n els 40.000 que van a l&#8217;estadi cada partit.<br>Per qu\u00e8 ho fan?<br>Per a qu\u00e8 ho fan?<br>De veritat volen que es vaja Lim?<br>Miren si un vol tirar a un inquil\u00ed de la seua casa li ha de fer-li la vida impossible i essencialment pujar-li el lloguer, que no li siga rendible ni grat viure all\u00ed.<br>Si l&#8217;afici\u00f3 i mitjans de comunicaci\u00f3 tingueren coratge el pr\u00f2xim partit faria el mateix que va fer Lim a Singapur: no fer acte de pres\u00e8ncia, plantar-li cara de veritat.<br>El vcf va el 8\u2070 en la classificaci\u00f3, i que amb freq\u00fc\u00e8ncia, flirteja amb els llocs de descens. Est\u00e0 afici\u00f3 sembla oblidar-se de tot el que aix\u00f2 significa: equip xicotet i sense ambici\u00f3.<br>Lim li ha perdut el respecte i la por a l&#8217;afici\u00f3 del VCF.<br>Sap que despr\u00e9s d&#8217;una manifestaci\u00f3 de protesta s&#8217;ompli el camp i es rep amb v\u00edtores i entusiasme a l&#8217;autob\u00fas dels jugadors.<br>La gent acudeix a l&#8217;estadi amb passades o amb entrades i aix\u00f2 \u00e9s l&#8217;\u00fanica cosa que li importa al xin\u00e9s: la pasta.<br>Atents als traspassos de la pr\u00f2xima temporada.<br>Lim vendr\u00e0 tot el que puga per a fer caixa, \u00e9s l&#8217;\u00fanica cosa que li importa.<br>Vaig estar en l&#8217;\u00faltima manifestaci\u00f3 contra Meriton i el 80% eren adolescents o semiadolescents.<br>La majoria no arribaven als 30 anys.<br>Ni els empresaris, ni la gent amb poder donen la cara.<br>Estem perduts i no trobem la fi del cam\u00ed.<br>No es veu la llum ni porta compte de veure&#8217;s.<br>I el propietari des de Singapur cada vegada ens ignora m\u00e9s, ens menysprea m\u00e9s, ens humilia m\u00e9s\u2026<br>Li ho ha de passar en gran llepant-se dels seus canalladas i el seu poder mal\u00e8fic.<br>Aix\u00f2 de Singapur vol dir que Kiat Lim, el seu fill, prendr\u00e0 les regnes del club?<br>Si \u00e9s aix\u00ed, o fem alguna cosa o tenim a Meriton per a anys.<br>S&#8217;imaginen el futur del Val\u00e8ncia CF?<br>Jo s\u00ed, i ho resumisc en una sola paraula:<br>ATERRIDOR.<\/p>\n","protected":false},"excerpt":{"rendered":"<div class=\"mh-excerpt\">Alg\u00fa es convencer\u00e0 alguna vegada que Lim no s&#8217;anir\u00e0 del VCF mentre ingresse diners en caixa?Deixar a Val\u00e8ncia, ciutat, sense opcions de ser seu d&#8217;un mundial \u00e9s anar massa lluny, molt m\u00e9s del que ha <a class=\"mh-excerpt-more\" href=\"https:\/\/www.tucomarca.com\/wordpress\/segunda\/ca\/opinio-a-boca-de-cano-aterridor-per-joseh-larrazabal\/\" title=\"Opini\u00f3: A boca de can\u00f3: &#8220;Aterridor&#8221;, per J\u00f3seh Larraz\u00e1bal\">[+] <\/a><\/div>\n","protected":false},"author":1,"featured_media":208147,"comment_status":"open","ping_status":"open","sticky":false,"template":"","format":"standard","meta":{"footnotes":""},"categories":[11014,11003,11020,11021,10896],"tags":[15481,12606],"class_list":{"0":"post-216964","1":"post","2":"type-post","3":"status-publish","4":"format-standard","5":"has-post-thumbnail","7":"category-canal-valencia-cf-ca","8":"category-sports","9":"category-opinion-ca","10":"category-opinion-ca-2","11":"category-seccion-ca","12":"tag-joseh-larrazabal-ca","13":"tag-valencia-cf-ca"},"_links":{"self":[{"href":"https:\/\/www.tucomarca.com\/wordpress\/segunda\/ca\/wp-json\/wp\/v2\/posts\/216964","targetHints":{"allow":["GET"]}}],"collection":[{"href":"https:\/\/www.tucomarca.com\/wordpress\/segunda\/ca\/wp-json\/wp\/v2\/posts"}],"about":[{"href":"https:\/\/www.tucomarca.com\/wordpress\/segunda\/ca\/wp-json\/wp\/v2\/types\/post"}],"author":[{"embeddable":true,"href":"https:\/\/www.tucomarca.com\/wordpress\/segunda\/ca\/wp-json\/wp\/v2\/users\/1"}],"replies":[{"embeddable":true,"href":"https:\/\/www.tucomarca.com\/wordpress\/segunda\/ca\/wp-json\/wp\/v2\/comments?post=216964"}],"version-history":[{"count":0,"href":"https:\/\/www.tucomarca.com\/wordpress\/segunda\/ca\/wp-json\/wp\/v2\/posts\/216964\/revisions"}],"wp:featuredmedia":[{"embeddable":true,"href":"https:\/\/www.tucomarca.com\/wordpress\/segunda\/ca\/wp-json\/wp\/v2\/media\/208147"}],"wp:attachment":[{"href":"https:\/\/www.tucomarca.com\/wordpress\/segunda\/ca\/wp-json\/wp\/v2\/media?parent=216964"}],"wp:term":[{"taxonomy":"category","embeddable":true,"href":"https:\/\/www.tucomarca.com\/wordpress\/segunda\/ca\/wp-json\/wp\/v2\/categories?post=216964"},{"taxonomy":"post_tag","embeddable":true,"href":"https:\/\/www.tucomarca.com\/wordpress\/segunda\/ca\/wp-json\/wp\/v2\/tags?post=216964"}],"curies":[{"name":"wp","href":"https:\/\/api.w.org\/{rel}","templated":true}]}}