{"id":217282,"date":"2024-04-07T18:00:00","date_gmt":"2024-04-07T16:00:00","guid":{"rendered":"https:\/\/www.tucomarca.com\/wordpress\/segunda\/?p=217282"},"modified":"2024-04-07T23:35:40","modified_gmt":"2024-04-07T21:35:40","slug":"video-albaes-de-les-falles-2024-al-presidents-i-falleres-majors-de-lantiga-fontanella-i-als-membres-de-la-junta-local-de-turis","status":"publish","type":"post","link":"https:\/\/www.tucomarca.com\/wordpress\/segunda\/ca\/video-albaes-de-les-falles-2024-al-presidents-i-falleres-majors-de-lantiga-fontanella-i-als-membres-de-la-junta-local-de-turis\/","title":{"rendered":"V\u00eddeo: albaes de les Falles 2024 al presidents i Falleres Majors de l&#8217;Antiga Fontanella i als membres de la Junta Local de Tur\u00eds"},"content":{"rendered":"\n<figure class=\"wp-block-embed is-type-video is-provider-youtube wp-block-embed-youtube wp-embed-aspect-16-9 wp-has-aspect-ratio\"><div class=\"wp-block-embed__wrapper\">\n<iframe loading=\"lazy\" title=\"V\u00eddeo: Albaes Falles 2024. Presidents i Falleres Majors de l&#039;Antiga Fontanella i Junta Local Tur\u00eds\" width=\"500\" height=\"281\" src=\"https:\/\/www.youtube.com\/embed\/a_YlFnMlgYg?feature=oembed\" frameborder=\"0\" allow=\"accelerometer; autoplay; clipboard-write; encrypted-media; gyroscope; picture-in-picture; web-share\" referrerpolicy=\"strict-origin-when-cross-origin\" allowfullscreen><\/iframe>\n<\/div><\/figure>\n\n\n\n<p>V\u00eddeograbaci\u00f3 a c\u00e0rrec de <strong>tucomarca televisi\u00f3<\/strong> de la tradicional nit d&#8217;albaes de les Falles de Tur\u00eds 2024 a la Comissi\u00f3 l&#8217;Antiga Fontanella aix\u00ed com als integrants de la Junta Local Fallera a c\u00e0rrec del grup de Cant Valenci\u00e0 del Puig de Santa Maria .<\/p>\n","protected":false},"excerpt":{"rendered":"<div class=\"mh-excerpt\">V\u00eddeograbaci\u00f3 a c\u00e0rrec de tucomarca televisi\u00f3 de la tradicional nit d&#8217;albaes de les Falles de Tur\u00eds 2024 a la Comissi\u00f3 l&#8217;Antiga Fontanella aix\u00ed com als integrants de la Junta Local Fallera a c\u00e0rrec del grup <a class=\"mh-excerpt-more\" href=\"https:\/\/www.tucomarca.com\/wordpress\/segunda\/ca\/video-albaes-de-les-falles-2024-al-presidents-i-falleres-majors-de-lantiga-fontanella-i-als-membres-de-la-junta-local-de-turis\/\" title=\"V\u00eddeo: albaes de les Falles 2024 al presidents i Falleres Majors de l&#8217;Antiga Fontanella i als membres de la Junta Local de Tur\u00eds\">[+] <\/a><\/div>\n","protected":false},"author":1,"featured_media":217281,"comment_status":"open","ping_status":"open","sticky":false,"template":"","format":"video","meta":{"footnotes":""},"categories":[11005,10898,10894,10904,10902,11004,11007,11008,10896,11047,11062],"tags":[16744,11499,11077,11093],"class_list":{"0":"post-217282","1":"post","2":"type-post","3":"status-publish","4":"format-video","5":"has-post-thumbnail","7":"category-canal-musica","8":"category-ventana-ca","9":"category-la-comarca-ca","10":"category-sin-categorizar-ca","11":"category-la-ribera-ca","12":"category-la-semana-en-imagenes-ca","13":"category-ocio-y-cultura-ca","14":"category-pueblos-en-fiestas-ca","15":"category-seccion-ca","16":"category-turis-ca","17":"category-videos","18":"tag-albaes-ca","19":"tag-fallas-ca","20":"tag-la-ribera-alta-ca","21":"tag-turis-ca","22":"post_format-post-format-video"},"_links":{"self":[{"href":"https:\/\/www.tucomarca.com\/wordpress\/segunda\/ca\/wp-json\/wp\/v2\/posts\/217282","targetHints":{"allow":["GET"]}}],"collection":[{"href":"https:\/\/www.tucomarca.com\/wordpress\/segunda\/ca\/wp-json\/wp\/v2\/posts"}],"about":[{"href":"https:\/\/www.tucomarca.com\/wordpress\/segunda\/ca\/wp-json\/wp\/v2\/types\/post"}],"author":[{"embeddable":true,"href":"https:\/\/www.tucomarca.com\/wordpress\/segunda\/ca\/wp-json\/wp\/v2\/users\/1"}],"replies":[{"embeddable":true,"href":"https:\/\/www.tucomarca.com\/wordpress\/segunda\/ca\/wp-json\/wp\/v2\/comments?post=217282"}],"version-history":[{"count":0,"href":"https:\/\/www.tucomarca.com\/wordpress\/segunda\/ca\/wp-json\/wp\/v2\/posts\/217282\/revisions"}],"wp:featuredmedia":[{"embeddable":true,"href":"https:\/\/www.tucomarca.com\/wordpress\/segunda\/ca\/wp-json\/wp\/v2\/media\/217281"}],"wp:attachment":[{"href":"https:\/\/www.tucomarca.com\/wordpress\/segunda\/ca\/wp-json\/wp\/v2\/media?parent=217282"}],"wp:term":[{"taxonomy":"category","embeddable":true,"href":"https:\/\/www.tucomarca.com\/wordpress\/segunda\/ca\/wp-json\/wp\/v2\/categories?post=217282"},{"taxonomy":"post_tag","embeddable":true,"href":"https:\/\/www.tucomarca.com\/wordpress\/segunda\/ca\/wp-json\/wp\/v2\/tags?post=217282"}],"curies":[{"name":"wp","href":"https:\/\/api.w.org\/{rel}","templated":true}]}}