{"id":217507,"date":"2024-04-08T10:30:00","date_gmt":"2024-04-08T08:30:00","guid":{"rendered":"http:\/\/www.tucomarca.com\/wordpress\/segunda\/?p=217507"},"modified":"2024-04-08T13:39:11","modified_gmt":"2024-04-08T11:39:11","slug":"benaguasil-obri-les-inscripcions-per-a-la-carrera-runcancer-2","status":"publish","type":"post","link":"https:\/\/www.tucomarca.com\/wordpress\/segunda\/ca\/benaguasil-obri-les-inscripcions-per-a-la-carrera-runcancer-2\/","title":{"rendered":"Benaguasil obri les inscripcions per a la carrera RunC\u00e1ncer"},"content":{"rendered":"\n<h3 class=\"wp-block-heading\">La prova contra el c\u00e0ncer se celebrar\u00e0 el 4 de maig amb un recorregut de 4 quil\u00f2metres.<\/h3>\n\n\n\n<h3 class=\"wp-block-heading\">Els dorsals ja es poden adquirir a un preu de 5\u20ac&nbsp;<\/h3>\n\n\n\n<p>El pr\u00f2xim 4 de maig far\u00e0 parada a Benaguasil la RunC\u00e1ncer, la carrera solid\u00e0ria contra el c\u00e0ncer organitzada per l&#8217;associaci\u00f3 Contra el C\u00e0ncer Benaguasil, amb la col\u00b7laboraci\u00f3 de l&#8217;Ajuntament.<br>Els dorsals per a la prova ja es poden adquirir a un preu de 5\u20ac en el Centre Esportiu Hidrotermal, en D-Tika i a l&#8217;Ajuntament, aix\u00ed com es pot realitzar la inscripci\u00f3 a trav\u00e9s del seg\u00fcent enllace https:\/\/enmarcha.contraelcancer.es\/es\/evento\/benaguasil-contra-el-cancer-2024<\/p>\n\n\n\n<p>Des de l&#8217;Ajuntament i l&#8217;associaci\u00f3 Contra el C\u00e0ncer Benaguasil han recordat que la&nbsp;recaptaci\u00f3 \u00edntegra d&#8217;aquest esdeveniment esportiu ser\u00e0 destinada a la investigaci\u00f3 contra el c\u00e0ncer, per la qual cosa animen als ve\u00efns a sumar-se a la causa i participar en aquesta marxa circular de quatre quil\u00f2metres que partir\u00e0 de l&#8217;Avinguda a les 18h i que a m\u00e9s de fomentar l&#8217;esport ajuda en la lluita contra aquesta malaltia.&nbsp;<br>Aix\u00ed mateix han recordat a aquelles persones que no puguen participar que tamb\u00e9 poden comprar el dorsal a mode de col\u00b7laboraci\u00f3, a m\u00e9s de la samarreta de la prova, bidons d&#8217;aigua i polseres de fil.<\/p>\n","protected":false},"excerpt":{"rendered":"<div class=\"mh-excerpt\">La prova contra el c\u00e0ncer se celebrar\u00e0 el 4 de maig amb un recorregut de 4 quil\u00f2metres. Els dorsals ja es poden adquirir a un preu de 5\u20ac&nbsp; El pr\u00f2xim 4 de maig far\u00e0 parada <a class=\"mh-excerpt-more\" href=\"https:\/\/www.tucomarca.com\/wordpress\/segunda\/ca\/benaguasil-obri-les-inscripcions-per-a-la-carrera-runcancer-2\/\" title=\"Benaguasil obri les inscripcions per a la carrera RunC\u00e1ncer\">[+] <\/a><\/div>\n","protected":false},"author":12,"featured_media":217506,"comment_status":"open","ping_status":"open","sticky":false,"template":"","format":"standard","meta":{"footnotes":""},"categories":[10952,10892,11010,11003,10894,10896],"tags":[11136,10899,11426],"class_list":{"0":"post-217507","1":"post","2":"type-post","3":"status-publish","4":"format-standard","5":"has-post-thumbnail","7":"category-benaguasil-ca","8":"category-camp-de-turia-ca","9":"category-canal-salud","10":"category-sports","11":"category-la-comarca-ca","12":"category-seccion-ca","13":"tag-benaguasil-ca","14":"tag-camp-de-turia-ca","15":"tag-runcancer-ca"},"_links":{"self":[{"href":"https:\/\/www.tucomarca.com\/wordpress\/segunda\/ca\/wp-json\/wp\/v2\/posts\/217507","targetHints":{"allow":["GET"]}}],"collection":[{"href":"https:\/\/www.tucomarca.com\/wordpress\/segunda\/ca\/wp-json\/wp\/v2\/posts"}],"about":[{"href":"https:\/\/www.tucomarca.com\/wordpress\/segunda\/ca\/wp-json\/wp\/v2\/types\/post"}],"author":[{"embeddable":true,"href":"https:\/\/www.tucomarca.com\/wordpress\/segunda\/ca\/wp-json\/wp\/v2\/users\/12"}],"replies":[{"embeddable":true,"href":"https:\/\/www.tucomarca.com\/wordpress\/segunda\/ca\/wp-json\/wp\/v2\/comments?post=217507"}],"version-history":[{"count":0,"href":"https:\/\/www.tucomarca.com\/wordpress\/segunda\/ca\/wp-json\/wp\/v2\/posts\/217507\/revisions"}],"wp:featuredmedia":[{"embeddable":true,"href":"https:\/\/www.tucomarca.com\/wordpress\/segunda\/ca\/wp-json\/wp\/v2\/media\/217506"}],"wp:attachment":[{"href":"https:\/\/www.tucomarca.com\/wordpress\/segunda\/ca\/wp-json\/wp\/v2\/media?parent=217507"}],"wp:term":[{"taxonomy":"category","embeddable":true,"href":"https:\/\/www.tucomarca.com\/wordpress\/segunda\/ca\/wp-json\/wp\/v2\/categories?post=217507"},{"taxonomy":"post_tag","embeddable":true,"href":"https:\/\/www.tucomarca.com\/wordpress\/segunda\/ca\/wp-json\/wp\/v2\/tags?post=217507"}],"curies":[{"name":"wp","href":"https:\/\/api.w.org\/{rel}","templated":true}]}}