{"id":217533,"date":"2024-04-09T07:58:00","date_gmt":"2024-04-09T05:58:00","guid":{"rendered":"http:\/\/www.tucomarca.com\/wordpress\/segunda\/?p=217533"},"modified":"2024-04-09T19:50:07","modified_gmt":"2024-04-09T17:50:07","slug":"bunyol-celebrara-la-marxa-runcancer-el-proxim-20-dabril","status":"publish","type":"post","link":"https:\/\/www.tucomarca.com\/wordpress\/segunda\/ca\/bunyol-celebrara-la-marxa-runcancer-el-proxim-20-dabril\/","title":{"rendered":"Bunyol celebrar\u00e0 la marxa RunC\u00e1ncer el pr\u00f2xim 20 d&#8217;abril"},"content":{"rendered":"\n<h3 class=\"wp-block-heading\">La prova contra el c\u00e0ncer se celebrar\u00e0 el 20 d&#8217;abril amb un recorregut de 5 quil\u00f2metres que eixir\u00e0 del Passeig de Sant Llu\u00eds ales 17,30 hores.<\/h3>\n\n\n\n<h3 class=\"wp-block-heading\">Els dorsals ja es poden adquirir a un preu de 3\u20ac en els comer\u00e7os de la localitat o per mitj\u00e0 de la AECC de Bunyol.<\/h3>\n\n\n\n<figure class=\"wp-block-image size-large\"><img loading=\"lazy\" decoding=\"async\" width=\"768\" height=\"1024\" src=\"http:\/\/www.tucomarca.com\/wordpress\/segunda\/wp-content\/uploads\/2024\/04\/Bunolruncancer-768x1024.jpg\" alt=\"\" class=\"wp-image-217530\" srcset=\"https:\/\/www.tucomarca.com\/wordpress\/segunda\/wp-content\/uploads\/2024\/04\/Bunolruncancer-768x1024.jpg 768w, https:\/\/www.tucomarca.com\/wordpress\/segunda\/wp-content\/uploads\/2024\/04\/Bunolruncancer-225x300.jpg 225w, https:\/\/www.tucomarca.com\/wordpress\/segunda\/wp-content\/uploads\/2024\/04\/Bunolruncancer.jpg 886w\" sizes=\"auto, (max-width: 768px) 100vw, 768px\" \/><\/figure>\n\n\n\n<p>El pr\u00f2xim 20 d&#8217;abril se celebrar\u00e0 la RunC\u00e1ncer, la carrera solid\u00e0ria contra el c\u00e0ncer organitzada per l&#8217;Associaci\u00f3 Contra el C\u00e0ncer Bunyol, amb la col\u00b7laboraci\u00f3 de l&#8217;ajuntament.<\/p>\n\n\n\n<p>Els dorsals per a la prova ja es poden adquirir a un preu de 3\u20ac i les samarretes a 7\u20ac en els comer\u00e7os de la localitat.<\/p>\n\n\n\n<p>Des de l&#8217;Associaci\u00f3 Contra el C\u00e0ncer de Bunyol han recordat que la&nbsp;recaptaci\u00f3 \u00edntegra d&#8217;aquest esdeveniment esportiu ser\u00e0 destinada a la investigaci\u00f3 contra el c\u00e0ncer, per la qual cosa animen a ve\u00efnes i ve\u00efns a sumar-se a la causa i participar en aquesta marxa circular de cinc quil\u00f2metres que partir\u00e0 del Passeig de Sant Llu\u00eds a les 17,30 hores que a m\u00e9s de fomentar l&#8217;esport ajuda en la lluita contra aquesta malaltia.&nbsp;<\/p>\n\n\n\n<p>Aix\u00ed mateix aquelles persones que no puguen participar tamb\u00e9 poden comprar el dorsal a mode de col\u00b7laboraci\u00f3.<\/p>\n","protected":false},"excerpt":{"rendered":"<div class=\"mh-excerpt\">La prova contra el c\u00e0ncer se celebrar\u00e0 el 20 d&#8217;abril amb un recorregut de 5 quil\u00f2metres que eixir\u00e0 del Passeig de Sant Llu\u00eds ales 17,30 hores. Els dorsals ja es poden adquirir a un preu <a class=\"mh-excerpt-more\" href=\"https:\/\/www.tucomarca.com\/wordpress\/segunda\/ca\/bunyol-celebrara-la-marxa-runcancer-el-proxim-20-dabril\/\" title=\"Bunyol celebrar\u00e0 la marxa RunC\u00e1ncer el pr\u00f2xim 20 d&#8217;abril\">[+] <\/a><\/div>\n","protected":false},"author":12,"featured_media":217531,"comment_status":"open","ping_status":"open","sticky":false,"template":"","format":"standard","meta":{"footnotes":""},"categories":[11019,11018,10911,11003,10894,10912,10896],"tags":[11425,10913,10914,11426],"class_list":{"0":"post-217533","1":"post","2":"type-post","3":"status-publish","4":"format-standard","5":"has-post-thumbnail","7":"category-agenda-ca","8":"category-atletisme","9":"category-bunol-ca","10":"category-sports","11":"category-la-comarca-ca","12":"category-la-hoya-ca","13":"category-seccion-ca","14":"tag-aecc-bunol-ca","15":"tag-bunol-ca","16":"tag-la-hoya-de-bunol-chiva-ca","17":"tag-runcancer-ca"},"_links":{"self":[{"href":"https:\/\/www.tucomarca.com\/wordpress\/segunda\/ca\/wp-json\/wp\/v2\/posts\/217533","targetHints":{"allow":["GET"]}}],"collection":[{"href":"https:\/\/www.tucomarca.com\/wordpress\/segunda\/ca\/wp-json\/wp\/v2\/posts"}],"about":[{"href":"https:\/\/www.tucomarca.com\/wordpress\/segunda\/ca\/wp-json\/wp\/v2\/types\/post"}],"author":[{"embeddable":true,"href":"https:\/\/www.tucomarca.com\/wordpress\/segunda\/ca\/wp-json\/wp\/v2\/users\/12"}],"replies":[{"embeddable":true,"href":"https:\/\/www.tucomarca.com\/wordpress\/segunda\/ca\/wp-json\/wp\/v2\/comments?post=217533"}],"version-history":[{"count":0,"href":"https:\/\/www.tucomarca.com\/wordpress\/segunda\/ca\/wp-json\/wp\/v2\/posts\/217533\/revisions"}],"wp:featuredmedia":[{"embeddable":true,"href":"https:\/\/www.tucomarca.com\/wordpress\/segunda\/ca\/wp-json\/wp\/v2\/media\/217531"}],"wp:attachment":[{"href":"https:\/\/www.tucomarca.com\/wordpress\/segunda\/ca\/wp-json\/wp\/v2\/media?parent=217533"}],"wp:term":[{"taxonomy":"category","embeddable":true,"href":"https:\/\/www.tucomarca.com\/wordpress\/segunda\/ca\/wp-json\/wp\/v2\/categories?post=217533"},{"taxonomy":"post_tag","embeddable":true,"href":"https:\/\/www.tucomarca.com\/wordpress\/segunda\/ca\/wp-json\/wp\/v2\/tags?post=217533"}],"curies":[{"name":"wp","href":"https:\/\/api.w.org\/{rel}","templated":true}]}}