{"id":217688,"date":"2024-04-09T13:45:00","date_gmt":"2024-04-09T11:45:00","guid":{"rendered":"http:\/\/www.tucomarca.com\/wordpress\/segunda\/?p=217688"},"modified":"2024-04-26T16:20:05","modified_gmt":"2024-04-26T14:20:05","slug":"vicent-mompo-es-prioritari-ajudar-els-ajuntaments-a-redactar-projectes-per-a-lobtencio-de-fons-europeus","status":"publish","type":"post","link":"https:\/\/www.tucomarca.com\/wordpress\/segunda\/ca\/vicent-mompo-es-prioritari-ajudar-els-ajuntaments-a-redactar-projectes-per-a-lobtencio-de-fons-europeus\/","title":{"rendered":"Vicent Momp\u00f3: \u201ces prioritari ajudar els ajuntaments a redactar projectes per a l&#8217;obtenci\u00f3 de fons europeus\u201d"},"content":{"rendered":"\n<h3 class=\"wp-block-heading\">La Diputaci\u00f3 de Val\u00e8ncia assigna 940.000 a municipis i mancomunitats per a la redacci\u00f3 de projectes susceptibles de rebre finan\u00e7ament europeu i altres subvencions de l&#8217;\u00e0mbit estatal i auton\u00f2mic.<\/h3>\n\n\n\n<h3 class=\"wp-block-heading\">La instituci\u00f3 provincial treballa de manera paral\u00b7lela en una altra l\u00ednia d&#8217;ajudes perqu\u00e8 les entitats locals disposen de la seua pr\u00f2pia Agenda Urbana.<\/h3>\n\n\n\n<p>El president de la Diputaci\u00f3 de Val\u00e8ncia, Vicent Momp\u00f3, ha firmat este mat\u00ed el llan\u00e7ament d&#8217;una l\u00ednia d&#8217;ajudes a ajuntaments i mancomunitats perqu\u00e8 puguen contractar la redacci\u00f3 de plans d&#8217;acci\u00f3 local, com a punt de partida per a facilitar l&#8217;acc\u00e9s a fons europeus.<\/p>\n\n\n\n<p>El president Momp\u00f3 explica que \u201ces tracta que les entitats locals plasmen l&#8217;estrat\u00e8gia de gesti\u00f3 en projectes concrets, i d&#8217;esta manera tindre una base des de la qual accedir a les m\u00faltiples l\u00ednies d&#8217;ajudes, especialment d&#8217;Europa, per\u00f2 tamb\u00e9 a nivell estatal i auton\u00f2mic\u201d.<\/p>\n\n\n\n<p>\u201cD&#8217;esta manera -continua Momp\u00f3- tamb\u00e9 promovem que ajuntaments i mancomunitats facen un esfor\u00e7 de reflexi\u00f3 per a definir aquells \u00e0mbits que volen posar en marxa a curt, mitj\u00e0 i llarg termini; cosa que \u00e9s imprescindible per a millorar la toma de decisions amb visi\u00f3 de futur\u201d.&nbsp;<\/p>\n\n\n\n<p>Per la seua banda, el diputat de Fons Europeus, Administraci\u00f3 Electr\u00f2nica i Innovaci\u00f3, Juan Ram\u00f3n Adsuara, afirma que \u201cel fet que els municipis compten amb una cartera de projectes elaborats facilita la seua adaptaci\u00f3 a les diferents convocat\u00f2ries que van sorgint, no sols de la UE, sin\u00f3 d&#8217;altres administracions supramunicipals\u201d i assenyala que \u201cl&#8217;objectiu \u00e9s invertir el proc\u00e9s pel qual es feien projectes \u00fanics per a cada convocat\u00f2ria, per a apostar per un model en el qual les entitats locals, una vegada analitzades les seues necessitats, compten amb documents que despr\u00e9s es puguen ajustar a nivell t\u00e8cnic a cada programa\u201d i explica que \u201cun dels motius pels quals moltes vegades s&#8217;escapen ajudes \u00e9s perqu\u00e8 els municipis no tenen recursos per a desenvolupar projectes en els terminis que imposen les diferents convocat\u00f2ries\u201d.<\/p>\n\n\n\n<p><strong>Prop d&#8217;un mili\u00f3 d&#8217;euros d&#8217;ajuda<\/strong><\/p>\n\n\n\n<p>Aix\u00ed, a trav\u00e9s de l&#8217;\u00e0rea de Fons Europeus, la Diputaci\u00f3 de Val\u00e8ncia destinar\u00e0 680.000 euros per a ajuntaments i 260.000 euros a les mancomunitats de la prov\u00edncia, amb una dotaci\u00f3 individual de 10.000 euros per a cada mancomunitat i cada municipi menor de 5.000 habitants; i de 7.500 euros per a la resta.<\/p>\n\n\n\n<p>\u201cLes entitats locals -continua Adusara- tindran total autonomia per a contractar empreses consultores, en funci\u00f3 dels projectes que vulguen desenvolupar\u201d, i avan\u00e7a que \u201cde manera paral\u00b7lela, estem treballant ja en un altre programa d&#8217;ajudes complementari a este perqu\u00e8 ajuntaments i mancomunitats disposen de la seua pr\u00f2pia Agenda Urbana, com tamb\u00e9 tindr\u00e0 la pr\u00f2pia Diputaci\u00f3 de Val\u00e8ncia com a instituci\u00f3\u201d.<\/p>\n","protected":false},"excerpt":{"rendered":"<div class=\"mh-excerpt\">La Diputaci\u00f3 de Val\u00e8ncia assigna 940.000 a municipis i mancomunitats per a la redacci\u00f3 de projectes susceptibles de rebre finan\u00e7ament europeu i altres subvencions de l&#8217;\u00e0mbit estatal i auton\u00f2mic. La instituci\u00f3 provincial treballa de manera <a class=\"mh-excerpt-more\" href=\"https:\/\/www.tucomarca.com\/wordpress\/segunda\/ca\/vicent-mompo-es-prioritari-ajudar-els-ajuntaments-a-redactar-projectes-per-a-lobtencio-de-fons-europeus\/\" title=\"Vicent Momp\u00f3: \u201ces prioritari ajudar els ajuntaments a redactar projectes per a l&#8217;obtenci\u00f3 de fons europeus\u201d\">[+] <\/a><\/div>\n","protected":false},"author":12,"featured_media":217687,"comment_status":"open","ping_status":"open","sticky":false,"template":"","format":"standard","meta":{"footnotes":""},"categories":[10898,10948,10894,10904,10947,10896],"tags":[10899,11246],"class_list":{"0":"post-217688","1":"post","2":"type-post","3":"status-publish","4":"format-standard","5":"has-post-thumbnail","7":"category-ventana-ca","8":"category-infraestructuras-ca","9":"category-la-comarca-ca","10":"category-sin-categorizar-ca","11":"category-politica","12":"category-seccion-ca","13":"tag-camp-de-turia-ca","14":"tag-diputacio-de-valencia-ca"},"_links":{"self":[{"href":"https:\/\/www.tucomarca.com\/wordpress\/segunda\/ca\/wp-json\/wp\/v2\/posts\/217688","targetHints":{"allow":["GET"]}}],"collection":[{"href":"https:\/\/www.tucomarca.com\/wordpress\/segunda\/ca\/wp-json\/wp\/v2\/posts"}],"about":[{"href":"https:\/\/www.tucomarca.com\/wordpress\/segunda\/ca\/wp-json\/wp\/v2\/types\/post"}],"author":[{"embeddable":true,"href":"https:\/\/www.tucomarca.com\/wordpress\/segunda\/ca\/wp-json\/wp\/v2\/users\/12"}],"replies":[{"embeddable":true,"href":"https:\/\/www.tucomarca.com\/wordpress\/segunda\/ca\/wp-json\/wp\/v2\/comments?post=217688"}],"version-history":[{"count":0,"href":"https:\/\/www.tucomarca.com\/wordpress\/segunda\/ca\/wp-json\/wp\/v2\/posts\/217688\/revisions"}],"wp:featuredmedia":[{"embeddable":true,"href":"https:\/\/www.tucomarca.com\/wordpress\/segunda\/ca\/wp-json\/wp\/v2\/media\/217687"}],"wp:attachment":[{"href":"https:\/\/www.tucomarca.com\/wordpress\/segunda\/ca\/wp-json\/wp\/v2\/media?parent=217688"}],"wp:term":[{"taxonomy":"category","embeddable":true,"href":"https:\/\/www.tucomarca.com\/wordpress\/segunda\/ca\/wp-json\/wp\/v2\/categories?post=217688"},{"taxonomy":"post_tag","embeddable":true,"href":"https:\/\/www.tucomarca.com\/wordpress\/segunda\/ca\/wp-json\/wp\/v2\/tags?post=217688"}],"curies":[{"name":"wp","href":"https:\/\/api.w.org\/{rel}","templated":true}]}}